{"id":4466,"date":"2016-09-22T12:00:24","date_gmt":"2016-09-22T10:00:24","guid":{"rendered":"http:\/\/www.creusonslabible.fr\/?p=4466"},"modified":"2025-01-24T13:00:23","modified_gmt":"2025-01-24T11:00:23","slug":"le-ciel-notre-esperance","status":"publish","type":"post","link":"https:\/\/www.creusonslabible.fr\/?p=4466","title":{"rendered":"Le Ciel, notre esp\u00e9rance ?"},"content":{"rendered":"\n<h3 class=\"wp-block-heading\">Lors de la Rencontre Nationale des GBU, le professeur Jacques Buchhold a donn\u00e9 deux excellentes interventions sur un sujet qui n&rsquo;est pas beaucoup trait\u00e9 dans les \u00c9glises. Ses propos vont vous donner \u00e0 r\u00e9fl\u00e9chir car la r\u00e9ponse \u00e0 la question est assez d\u00e9concertante.<\/h3>\n\n\n\n<p>&nbsp;<\/p>\n\n\n\n<h2 class=\"wp-block-heading\"><a href=\"http:\/\/elearning.gbu.fr\/audio\/RN2016_LeCiel\/Jacques_Buchold-Le_ciel_premiere_partie.mp3\"> Le Ciel : 1\u00e8re partie<\/a><\/h2>\n\n\n\n<figure class=\"wp-block-audio\"><audio controls src=\"http:\/\/elearning.gbu.fr\/audio\/RN2016_LeCiel\/Jacques_Buchold-Le_ciel_premiere_partie.mp3\"><\/audio><\/figure>\n\n\n\n<p><a href=\"http:\/\/elearning.gbu.fr\/audio\/RN2016_LeCiel\/Jacques_Buchold-Le_ciel_premiere_partie.mp3\">t\u00e9l\u00e9charger (clic droit \u2013 enregistrer la cible du lien sous)<\/a><\/p>\n\n\n\n<h2 class=\"wp-block-heading\"><a href=\"http:\/\/elearning.gbu.fr\/audio\/RN2016_LeCiel\/Jacques_Buchold-Le_ciel_seconde_partie.mp3\"> Le Ciel : 2nde partie<\/a><\/h2>\n\n\n\n<figure class=\"wp-block-audio\"><audio controls src=\"http:\/\/elearning.gbu.fr\/audio\/RN2016_LeCiel\/Jacques_Buchold-Le_ciel_seconde_partie.mp3\"><\/audio><\/figure>\n\n\n\n<p><a href=\"http:\/\/elearning.gbu.fr\/audio\/RN2016_LeCiel\/Jacques_Buchold-Le_ciel_seconde_partie.mp3\">t\u00e9l\u00e9charger (clic droit \u2013 enregistrer la cible du lien sous)<\/a><\/p>\n\n\n\n<p>&nbsp;<\/p>\n\n\n\n<p>Si vous souhaitez lire l&rsquo;article complet que Jacques Buchhold a synth\u00e9tis\u00e9 pour ses interventions, vous pouvez le t\u00e9l\u00e9charger <a href=\"http:\/\/flte.fr\/wp-content\/uploads\/2015\/08\/ThEv2006-2-Le_ciel.pdf\">ici<\/a> (et si vous voulez lire plein d&rsquo;articles th\u00e9ologiques tr\u00e8s int\u00e9ressants, c&rsquo;est <a href=\"http:\/\/flte.fr\/lire\/articles-en-ligne\/articles-theologie-evangelique\/\">ici<\/a>)<\/p>\n\n\n\n<p>&nbsp;<\/p>\n\n\n\n<p>&nbsp;<\/p>\n\n\n\n<p><\/p>\n","protected":false},"excerpt":{"rendered":"<p>Lors de la Rencontre Nationale des GBU, le professeur Jacques Buchhold a donn\u00e9 deux excellentes interventions sur un sujet qui n&rsquo;est pas beaucoup trait\u00e9 dans les \u00c9glises. Ses propos vont vous donner \u00e0 r\u00e9fl\u00e9chir car la r\u00e9ponse \u00e0 la question est assez d\u00e9concertante. &nbsp; Le Ciel : 1\u00e8re partie t\u00e9l\u00e9charger (clic droit \u2013 enregistrer la [&hellip;]<\/p>\n","protected":false},"author":3,"featured_media":3548,"comment_status":"open","ping_status":"closed","sticky":false,"template":"","format":"standard","meta":{"_acf_changed":false,"_eb_attr":"","advgb_blocks_editor_width":"","advgb_blocks_columns_visual_guide":"","footnotes":""},"categories":[91],"tags":[657,419,1083,277,499,177],"video":[],"audio":[],"ecrit":[],"mis-en-avant":[],"redacteur":[],"type-darticle":[],"class_list":["post-4466","post","type-post","status-publish","format-standard","has-post-thumbnail","hentry","category-la-fin-des-temps","tag-audio","tag-buchhold","tag-ciel","tag-congres","tag-esperance","tag-rencontre-nationale"],"blocksy_meta":[],"acf":[],"featured_image_src":"https:\/\/www.creusonslabible.fr\/wp-content\/uploads\/2015\/11\/Ciel-1-scaled-1.jpg","author_info":{"display_name":"Yoh","author_link":"https:\/\/www.creusonslabible.fr\/?author=3"},"author_meta":{"display_name":"Yoh","author_link":"https:\/\/www.creusonslabible.fr\/?author=3"},"featured_img":"https:\/\/www.creusonslabible.fr\/wp-content\/uploads\/2015\/11\/Ciel-1-scaled-1-300x169.jpg","coauthors":[],"tax_additional":{"categories":{"linked":["<a href=\"https:\/\/www.creusonslabible.fr\/?cat=91\" class=\"advgb-post-tax-term\">La fin des temps<\/a>"],"unlinked":["<span class=\"advgb-post-tax-term\">La fin des temps<\/span>"]},"tags":{"linked":["<a href=\"https:\/\/www.creusonslabible.fr\/?cat=91\" class=\"advgb-post-tax-term\">audio<\/a>","<a href=\"https:\/\/www.creusonslabible.fr\/?cat=91\" class=\"advgb-post-tax-term\">Buchhold<\/a>","<a href=\"https:\/\/www.creusonslabible.fr\/?cat=91\" class=\"advgb-post-tax-term\">Ciel<\/a>","<a href=\"https:\/\/www.creusonslabible.fr\/?cat=91\" class=\"advgb-post-tax-term\">congr\u00e8s<\/a>","<a href=\"https:\/\/www.creusonslabible.fr\/?cat=91\" class=\"advgb-post-tax-term\">esp\u00e9rance<\/a>","<a href=\"https:\/\/www.creusonslabible.fr\/?cat=91\" class=\"advgb-post-tax-term\">Rencontre Nationale<\/a>"],"unlinked":["<span class=\"advgb-post-tax-term\">audio<\/span>","<span class=\"advgb-post-tax-term\">Buchhold<\/span>","<span class=\"advgb-post-tax-term\">Ciel<\/span>","<span class=\"advgb-post-tax-term\">congr\u00e8s<\/span>","<span class=\"advgb-post-tax-term\">esp\u00e9rance<\/span>","<span class=\"advgb-post-tax-term\">Rencontre Nationale<\/span>"]}},"comment_count":"0","relative_dates":{"created":"Publi\u00e9 10 ans il y a","modified":"Mis \u00e0 jour 1 an il y a"},"absolute_dates":{"created":"Publi\u00e9 le 22 septembre 2016","modified":"Mise \u00e0 jour le 24 janvier 2025"},"absolute_dates_time":{"created":"Publi\u00e9 le 22 septembre 2016 12h00","modified":"Mise \u00e0 jour le 24 janvier 2025 13h00"},"featured_img_caption":"OLYMPUS DIGITAL CAMERA","series_order":"","meta_box":[],"_links":{"self":[{"href":"https:\/\/www.creusonslabible.fr\/index.php?rest_route=\/wp\/v2\/posts\/4466","targetHints":{"allow":["GET"]}}],"collection":[{"href":"https:\/\/www.creusonslabible.fr\/index.php?rest_route=\/wp\/v2\/posts"}],"about":[{"href":"https:\/\/www.creusonslabible.fr\/index.php?rest_route=\/wp\/v2\/types\/post"}],"author":[{"embeddable":true,"href":"https:\/\/www.creusonslabible.fr\/index.php?rest_route=\/wp\/v2\/users\/3"}],"replies":[{"embeddable":true,"href":"https:\/\/www.creusonslabible.fr\/index.php?rest_route=%2Fwp%2Fv2%2Fcomments&post=4466"}],"version-history":[{"count":2,"href":"https:\/\/www.creusonslabible.fr\/index.php?rest_route=\/wp\/v2\/posts\/4466\/revisions"}],"predecessor-version":[{"id":11219,"href":"https:\/\/www.creusonslabible.fr\/index.php?rest_route=\/wp\/v2\/posts\/4466\/revisions\/11219"}],"wp:featuredmedia":[{"embeddable":true,"href":"https:\/\/www.creusonslabible.fr\/index.php?rest_route=\/wp\/v2\/media\/3548"}],"wp:attachment":[{"href":"https:\/\/www.creusonslabible.fr\/index.php?rest_route=%2Fwp%2Fv2%2Fmedia&parent=4466"}],"wp:term":[{"taxonomy":"category","embeddable":true,"href":"https:\/\/www.creusonslabible.fr\/index.php?rest_route=%2Fwp%2Fv2%2Fcategories&post=4466"},{"taxonomy":"post_tag","embeddable":true,"href":"https:\/\/www.creusonslabible.fr\/index.php?rest_route=%2Fwp%2Fv2%2Ftags&post=4466"},{"taxonomy":"video","embeddable":true,"href":"https:\/\/www.creusonslabible.fr\/index.php?rest_route=%2Fwp%2Fv2%2Fvideo&post=4466"},{"taxonomy":"audio","embeddable":true,"href":"https:\/\/www.creusonslabible.fr\/index.php?rest_route=%2Fwp%2Fv2%2Faudio&post=4466"},{"taxonomy":"ecrit","embeddable":true,"href":"https:\/\/www.creusonslabible.fr\/index.php?rest_route=%2Fwp%2Fv2%2Fecrit&post=4466"},{"taxonomy":"mis-en-avant","embeddable":true,"href":"https:\/\/www.creusonslabible.fr\/index.php?rest_route=%2Fwp%2Fv2%2Fmis-en-avant&post=4466"},{"taxonomy":"redacteur","embeddable":true,"href":"https:\/\/www.creusonslabible.fr\/index.php?rest_route=%2Fwp%2Fv2%2Fredacteur&post=4466"},{"taxonomy":"type-darticle","embeddable":true,"href":"https:\/\/www.creusonslabible.fr\/index.php?rest_route=%2Fwp%2Fv2%2Ftype-darticle&post=4466"}],"curies":[{"name":"wp","href":"https:\/\/api.w.org\/{rel}","templated":true}]}}