{"id":451,"date":"2012-07-05T21:30:27","date_gmt":"2012-07-05T21:30:27","guid":{"rendered":"http:\/\/elearning.gbu.fr\/?p=451"},"modified":"2025-01-24T11:11:40","modified_gmt":"2025-01-24T09:11:40","slug":"ephesiens-115-23","status":"publish","type":"post","link":"https:\/\/www.creusonslabible.fr\/?p=451","title":{"rendered":"\u00c9ph\u00e9siens 1.15-23 &#8211; Paul prie pour les \u00e9ph\u00e9siens"},"content":{"rendered":"<p><em> Etude r\u00e9alis\u00e9 dans le cadre du projet canevas. Cette \u00e9tude est la deuxi\u00e8me d&rsquo;une s\u00e9rie sur la lettre aux \u00e9ph\u00e9siens. Publication : Octobre 2004.<\/em><\/p>\n<p><!--more--><\/p>\n<h2><a name=\"intro\"><\/a>Quelques questions d&rsquo;introduction<\/h2>\n<p>Que veut dire :<\/p>\n<ul>\n<li>\u00ab si\u00e8cle pr\u00e9sent \u00bb ? (v21)<\/li>\n<li>\u00ab si\u00e8cle \u00e0 venir \u00bb ? (v21)<\/li>\n<li>\u00ab ceux qui appartiennent \u00e0 Dieu \u00bb ou \u00ab saints \u00bb ? (v15, v18)<\/li>\n<\/ul>\n<p>\u00c0 quoi se r\u00e9f\u00e8re l&rsquo;expression \u00ab c&rsquo;est pourquoi \u00bb ? (v15)<\/p>\n<h2><a name=\"eph\"><\/a>Les \u00c9ph\u00e9siens<\/h2>\n<ul>\n<li>R\u00e9sumer en quelques mots les sujets de pri\u00e8re de Paul pour eux.<\/li>\n<li>Quelles sont quelques-unes de leurs qualit\u00e9s mentionn\u00e9es ici ?<\/li>\n<li>Qu&rsquo;est-ce que Dieu a d\u00e9j\u00e0 fait pour eux ?<\/li>\n<li>Le verset 17 signifie-t-il que les \u00c9ph\u00e9siens ne connaissent pas Dieu ? Expliquez.<\/li>\n<li>\u00c0 quelle esp\u00e9rance ont-ils \u00e9t\u00e9 appel\u00e9s ?<\/li>\n<li>De quel h\u00e9ritage s&rsquo;agit-il ?<\/li>\n<\/ul>\n<h2><a name=\"eglise\"><\/a>L&rsquo;\u00c9glise<\/h2>\n<ol>Quel est le rapport entre J\u00e9sus et l&rsquo;\u00e9glise selon l&rsquo;image des versets 22-23 ? Quelles sont les implications de cette image ?<\/ol>\n<h2><a name=\"jesus\"><\/a>J\u00e9sus-Christ<\/h2>\n<ul>\n<li>\u00c0 quoi voit-on que ce passage est Christocentrique ? (centr\u00e9 sur J\u00e9sus).<\/li>\n<li>Qu&rsquo;est-ce que J\u00e9sus a re\u00e7u de Dieu ?<\/li>\n<li>Qui domine-t-il\n<ul>\n<li>d&rsquo;apr\u00e8s ses propres paroles en Matthieu 28.18 ?<\/li>\n<li>d&rsquo;apr\u00e8s le Psaume 8.7 ?<\/li>\n<\/ul>\n<\/li>\n<li>Ce pouvoir est-il partiel ?<\/li>\n<li>\u00c0 quoi voit-on sa divinit\u00e9 d&rsquo;apr\u00e8s le verset 23 ?<\/li>\n<\/ul>\n<ul>\n<li>Christ est-il souverain dans le monde actuel ?<\/li>\n<li>Est-ce que je laisse J\u00e9sus dominer sur moi ? sur tous les aspects de ma vie ?<\/li>\n<li>Qu&rsquo;est-ce qui l&#8217;emp\u00eache de le faire ?<\/li>\n<li>Comment puis-je laisser plus d&#8217;emprise \u00e0 Christ sur ma vie ? Quels en sont les b\u00e9n\u00e9fices ?<\/li>\n<\/ul>\n","protected":false},"excerpt":{"rendered":"<p>Etude r\u00e9alis\u00e9 dans le cadre du projet canevas. Cette \u00e9tude est la deuxi\u00e8me d&rsquo;une s\u00e9rie sur la lettre aux \u00e9ph\u00e9siens. Publication : Octobre 2004.<\/p>\n","protected":false},"author":2,"featured_media":2243,"comment_status":"open","ping_status":"open","sticky":false,"template":"","format":"standard","meta":{"_acf_changed":false,"_eb_attr":"","advgb_blocks_editor_width":"","advgb_blocks_columns_visual_guide":"","footnotes":""},"categories":[10],"tags":[651,1147,23],"video":[],"audio":[],"ecrit":[],"mis-en-avant":[],"redacteur":[],"type-darticle":[],"class_list":["post-451","post","type-post","status-publish","format-standard","has-post-thumbnail","hentry","category-discussions-autour-de-la-bible","tag-ecrit","tag-ephesiens","tag-nouveau-testament"],"blocksy_meta":[],"acf":[],"featured_image_src":"https:\/\/www.creusonslabible.fr\/wp-content\/uploads\/2012\/07\/Eph1-1.jpg","author_info":{"display_name":"caillou","author_link":"https:\/\/www.creusonslabible.fr\/?author=2"},"author_meta":{"display_name":"caillou","author_link":"https:\/\/www.creusonslabible.fr\/?author=2"},"featured_img":"https:\/\/www.creusonslabible.fr\/wp-content\/uploads\/2012\/07\/Eph1-1.jpg","coauthors":[],"tax_additional":{"categories":{"linked":["<a href=\"https:\/\/www.creusonslabible.fr\/?cat=10\" class=\"advgb-post-tax-term\">Discussions autour de la Bible<\/a>"],"unlinked":["<span class=\"advgb-post-tax-term\">Discussions autour de la Bible<\/span>"]},"tags":{"linked":["<a href=\"https:\/\/www.creusonslabible.fr\/?cat=10\" class=\"advgb-post-tax-term\">\u00e9crit<\/a>","<a href=\"https:\/\/www.creusonslabible.fr\/?cat=10\" class=\"advgb-post-tax-term\">\u00c9ph\u00e9siens<\/a>","<a href=\"https:\/\/www.creusonslabible.fr\/?cat=10\" class=\"advgb-post-tax-term\">Nouveau-Testament<\/a>"],"unlinked":["<span class=\"advgb-post-tax-term\">\u00e9crit<\/span>","<span class=\"advgb-post-tax-term\">\u00c9ph\u00e9siens<\/span>","<span class=\"advgb-post-tax-term\">Nouveau-Testament<\/span>"]}},"comment_count":"0","relative_dates":{"created":"Publi\u00e9 14 ans il y a","modified":"Mis \u00e0 jour 1 an il y a"},"absolute_dates":{"created":"Publi\u00e9 le 5 juillet 2012","modified":"Mise \u00e0 jour le 24 janvier 2025"},"absolute_dates_time":{"created":"Publi\u00e9 le 5 juillet 2012 21h30","modified":"Mise \u00e0 jour le 24 janvier 2025 11h11"},"featured_img_caption":"","series_order":"","meta_box":[],"_links":{"self":[{"href":"https:\/\/www.creusonslabible.fr\/index.php?rest_route=\/wp\/v2\/posts\/451","targetHints":{"allow":["GET"]}}],"collection":[{"href":"https:\/\/www.creusonslabible.fr\/index.php?rest_route=\/wp\/v2\/posts"}],"about":[{"href":"https:\/\/www.creusonslabible.fr\/index.php?rest_route=\/wp\/v2\/types\/post"}],"author":[{"embeddable":true,"href":"https:\/\/www.creusonslabible.fr\/index.php?rest_route=\/wp\/v2\/users\/2"}],"replies":[{"embeddable":true,"href":"https:\/\/www.creusonslabible.fr\/index.php?rest_route=%2Fwp%2Fv2%2Fcomments&post=451"}],"version-history":[{"count":1,"href":"https:\/\/www.creusonslabible.fr\/index.php?rest_route=\/wp\/v2\/posts\/451\/revisions"}],"predecessor-version":[{"id":10823,"href":"https:\/\/www.creusonslabible.fr\/index.php?rest_route=\/wp\/v2\/posts\/451\/revisions\/10823"}],"wp:featuredmedia":[{"embeddable":true,"href":"https:\/\/www.creusonslabible.fr\/index.php?rest_route=\/wp\/v2\/media\/2243"}],"wp:attachment":[{"href":"https:\/\/www.creusonslabible.fr\/index.php?rest_route=%2Fwp%2Fv2%2Fmedia&parent=451"}],"wp:term":[{"taxonomy":"category","embeddable":true,"href":"https:\/\/www.creusonslabible.fr\/index.php?rest_route=%2Fwp%2Fv2%2Fcategories&post=451"},{"taxonomy":"post_tag","embeddable":true,"href":"https:\/\/www.creusonslabible.fr\/index.php?rest_route=%2Fwp%2Fv2%2Ftags&post=451"},{"taxonomy":"video","embeddable":true,"href":"https:\/\/www.creusonslabible.fr\/index.php?rest_route=%2Fwp%2Fv2%2Fvideo&post=451"},{"taxonomy":"audio","embeddable":true,"href":"https:\/\/www.creusonslabible.fr\/index.php?rest_route=%2Fwp%2Fv2%2Faudio&post=451"},{"taxonomy":"ecrit","embeddable":true,"href":"https:\/\/www.creusonslabible.fr\/index.php?rest_route=%2Fwp%2Fv2%2Fecrit&post=451"},{"taxonomy":"mis-en-avant","embeddable":true,"href":"https:\/\/www.creusonslabible.fr\/index.php?rest_route=%2Fwp%2Fv2%2Fmis-en-avant&post=451"},{"taxonomy":"redacteur","embeddable":true,"href":"https:\/\/www.creusonslabible.fr\/index.php?rest_route=%2Fwp%2Fv2%2Fredacteur&post=451"},{"taxonomy":"type-darticle","embeddable":true,"href":"https:\/\/www.creusonslabible.fr\/index.php?rest_route=%2Fwp%2Fv2%2Ftype-darticle&post=451"}],"curies":[{"name":"wp","href":"https:\/\/api.w.org\/{rel}","templated":true}]}}