{"id":453,"date":"2012-07-05T21:31:25","date_gmt":"2012-07-05T21:31:25","guid":{"rendered":"http:\/\/elearning.gbu.fr\/?p=453"},"modified":"2025-01-24T11:11:39","modified_gmt":"2025-01-24T09:11:39","slug":"ephesiens-1-1-14","status":"publish","type":"post","link":"https:\/\/www.creusonslabible.fr\/?p=453","title":{"rendered":"\u00c9ph\u00e9siens 1.1-14 &#8211; Le but de notre histoire"},"content":{"rendered":"<p><strong>Note pour l&rsquo;animateur\u00a0:<\/strong>\u00a0Il est recommand\u00e9 \u00e0 l&rsquo;animateur de\u00a0lire l&rsquo;introduction \u00e0 l&rsquo; \u00e9p\u00eetre de l&rsquo;ap\u00f4tre Paul aux Eph\u00e9siens\u00a0<a href=\"http:\/\/www.creusonslabible.fr\/?p=256\" target=\"_blank\" rel=\"noopener\">ici<\/a>.<\/p>\n<p><em> Etude r\u00e9alis\u00e9 dans le cadre du projet canevas. Cette \u00e9tude est la deuxi\u00e8me d&rsquo;une s\u00e9rie sur la lettre aux \u00e9ph\u00e9siens. Publication : Octobre 2004.<\/em><\/p>\n<p><strong>avant de lire le passage<\/strong><\/p>\n<h2><a name=\"intro1\"><\/a>Questions d&rsquo;introduction<\/h2>\n<ul>\n<li>De nos jours, est-ce que les gens croient \u00e0 l&rsquo;id\u00e9e que l&rsquo;histoire du monde m\u00e8ne \u00e0 un but ? Sinon, pourquoi ? Si oui, quel but ?<\/li>\n<li>\u00c0 votre avis, les gens sont-ils s\u00fbrs de leur place dans l&rsquo;histoire ? Pourquoi\/pourquoi pas ?<\/li>\n<\/ul>\n<p><!--more--><\/p>\n<p><strong>Lire \u00c9ph\u00e9siens 1.1-14<\/strong><\/p>\n<h2><a name=\"part1\"><\/a> Partie A : Qu&rsquo;est-ce que Dieu a fait ?<\/h2>\n<ul>\n<li>Faire une liste de tous les verbes d\u00e9crivant les actions de Dieu.<\/li>\n<li>Noter le temps de ces verbes : qu&rsquo;est-ce que Dieu a d\u00e9j\u00e0 fait\/va faire ?<\/li>\n<\/ul>\n<h2><a name=\"part2\"><\/a> Partie B : Comment Dieu l&rsquo;a-t-il fait ?<\/h2>\n<ul>\n<li>Il y a combien de r\u00e9f\u00e9rences au Christ dans ce passage?<\/li>\n<li>Quel est le contexte chaque fois ?<\/li>\n<li>Qu&rsquo;est-ce que nous apprenons sur la relation entre le P\u00e8re et J\u00e9sus-Christ ? Et le r\u00f4le du Saint Esprit ?<\/li>\n<li>Pouvons-nous \u00eatre s\u00fbrs de notre salut ? Comment ?<\/li>\n<li>Quand nous pensons \u00e0 notre salut, quelle devrait \u00eatre notre attitude ?<\/li>\n<li>Faire une liste de tous les mots de pl\u00e9nitude dans le passage (par ex. combl\u00e9, tout, surabondance, pleine).<\/li>\n<li>Quelles sont les implications de cette pl\u00e9nitude pour nous ?<\/li>\n<li>Comment r\u00e9agir face aux gens (chr\u00e9tiens ou non) qui nous disent que nous avons besoin de quelque chose de plus pour \u00eatre \u00e9panoui dans notre relation avec Dieu ?<\/li>\n<\/ul>\n<h2><a name=\"part3\"><\/a> Partie C : Pourquoi Dieu l&rsquo;a-t-il fait ?<\/h2>\n<ul>\n<li>Ce passage pr\u00e9sente une vision de l&rsquo;histoire du monde, d&rsquo;avant la cr\u00e9ation jusqu&rsquo;\u00e0 son accomplissement.<\/li>\n<li>Quelle est cette vision ?<\/li>\n<li>En quoi cette vision diff\u00e8re-t-elle de la vision de notre soci\u00e9t\u00e9 ?<\/li>\n<li>Pourquoi cette vision biblique vaut-elle la peine d&rsquo;\u00eatre partag\u00e9e ?<\/li>\n<\/ul>\n","protected":false},"excerpt":{"rendered":"<p>Note pour l&rsquo;animateur\u00a0:\u00a0Il est recommand\u00e9 \u00e0 l&rsquo;animateur de\u00a0lire l&rsquo;introduction \u00e0 l&rsquo; \u00e9p\u00eetre de l&rsquo;ap\u00f4tre Paul aux Eph\u00e9siens\u00a0ici. Etude r\u00e9alis\u00e9 dans le cadre du projet canevas. Cette \u00e9tude est la deuxi\u00e8me d&rsquo;une s\u00e9rie sur la lettre aux \u00e9ph\u00e9siens. Publication : Octobre 2004. avant de lire le passage Questions d&rsquo;introduction De nos jours, est-ce que les gens [&hellip;]<\/p>\n","protected":false},"author":2,"featured_media":2246,"comment_status":"open","ping_status":"open","sticky":false,"template":"","format":"standard","meta":{"_acf_changed":false,"_eb_attr":"","advgb_blocks_editor_width":"","advgb_blocks_columns_visual_guide":"","footnotes":""},"categories":[10],"tags":[651,1147,145,64,23,625],"video":[],"audio":[],"ecrit":[],"mis-en-avant":[],"redacteur":[],"type-darticle":[],"class_list":["post-453","post","type-post","status-publish","format-standard","has-post-thumbnail","hentry","category-discussions-autour-de-la-bible","tag-ecrit","tag-ephesiens","tag-histoire-du-monde","tag-jesus","tag-nouveau-testament","tag-plan-de-dieu"],"blocksy_meta":[],"acf":[],"featured_image_src":"https:\/\/www.creusonslabible.fr\/wp-content\/uploads\/2012\/07\/Eph0-1.jpg","author_info":{"display_name":"caillou","author_link":"https:\/\/www.creusonslabible.fr\/?author=2"},"author_meta":{"display_name":"caillou","author_link":"https:\/\/www.creusonslabible.fr\/?author=2"},"featured_img":"https:\/\/www.creusonslabible.fr\/wp-content\/uploads\/2012\/07\/Eph0-1.jpg","coauthors":[],"tax_additional":{"categories":{"linked":["<a href=\"https:\/\/www.creusonslabible.fr\/?cat=10\" class=\"advgb-post-tax-term\">Discussions autour de la Bible<\/a>"],"unlinked":["<span class=\"advgb-post-tax-term\">Discussions autour de la Bible<\/span>"]},"tags":{"linked":["<a href=\"https:\/\/www.creusonslabible.fr\/?cat=10\" class=\"advgb-post-tax-term\">\u00e9crit<\/a>","<a href=\"https:\/\/www.creusonslabible.fr\/?cat=10\" class=\"advgb-post-tax-term\">\u00c9ph\u00e9siens<\/a>","<a href=\"https:\/\/www.creusonslabible.fr\/?cat=10\" class=\"advgb-post-tax-term\">Histoire du monde<\/a>","<a href=\"https:\/\/www.creusonslabible.fr\/?cat=10\" class=\"advgb-post-tax-term\">J\u00e9sus<\/a>","<a href=\"https:\/\/www.creusonslabible.fr\/?cat=10\" class=\"advgb-post-tax-term\">Nouveau-Testament<\/a>","<a href=\"https:\/\/www.creusonslabible.fr\/?cat=10\" class=\"advgb-post-tax-term\">Plan de Dieu<\/a>"],"unlinked":["<span class=\"advgb-post-tax-term\">\u00e9crit<\/span>","<span class=\"advgb-post-tax-term\">\u00c9ph\u00e9siens<\/span>","<span class=\"advgb-post-tax-term\">Histoire du monde<\/span>","<span class=\"advgb-post-tax-term\">J\u00e9sus<\/span>","<span class=\"advgb-post-tax-term\">Nouveau-Testament<\/span>","<span class=\"advgb-post-tax-term\">Plan de Dieu<\/span>"]}},"comment_count":"0","relative_dates":{"created":"Publi\u00e9 14 ans il y a","modified":"Mis \u00e0 jour 1 an il y a"},"absolute_dates":{"created":"Publi\u00e9 le 5 juillet 2012","modified":"Mise \u00e0 jour le 24 janvier 2025"},"absolute_dates_time":{"created":"Publi\u00e9 le 5 juillet 2012 21h31","modified":"Mise \u00e0 jour le 24 janvier 2025 11h11"},"featured_img_caption":"","series_order":"","meta_box":[],"_links":{"self":[{"href":"https:\/\/www.creusonslabible.fr\/index.php?rest_route=\/wp\/v2\/posts\/453","targetHints":{"allow":["GET"]}}],"collection":[{"href":"https:\/\/www.creusonslabible.fr\/index.php?rest_route=\/wp\/v2\/posts"}],"about":[{"href":"https:\/\/www.creusonslabible.fr\/index.php?rest_route=\/wp\/v2\/types\/post"}],"author":[{"embeddable":true,"href":"https:\/\/www.creusonslabible.fr\/index.php?rest_route=\/wp\/v2\/users\/2"}],"replies":[{"embeddable":true,"href":"https:\/\/www.creusonslabible.fr\/index.php?rest_route=%2Fwp%2Fv2%2Fcomments&post=453"}],"version-history":[{"count":1,"href":"https:\/\/www.creusonslabible.fr\/index.php?rest_route=\/wp\/v2\/posts\/453\/revisions"}],"predecessor-version":[{"id":10822,"href":"https:\/\/www.creusonslabible.fr\/index.php?rest_route=\/wp\/v2\/posts\/453\/revisions\/10822"}],"wp:featuredmedia":[{"embeddable":true,"href":"https:\/\/www.creusonslabible.fr\/index.php?rest_route=\/wp\/v2\/media\/2246"}],"wp:attachment":[{"href":"https:\/\/www.creusonslabible.fr\/index.php?rest_route=%2Fwp%2Fv2%2Fmedia&parent=453"}],"wp:term":[{"taxonomy":"category","embeddable":true,"href":"https:\/\/www.creusonslabible.fr\/index.php?rest_route=%2Fwp%2Fv2%2Fcategories&post=453"},{"taxonomy":"post_tag","embeddable":true,"href":"https:\/\/www.creusonslabible.fr\/index.php?rest_route=%2Fwp%2Fv2%2Ftags&post=453"},{"taxonomy":"video","embeddable":true,"href":"https:\/\/www.creusonslabible.fr\/index.php?rest_route=%2Fwp%2Fv2%2Fvideo&post=453"},{"taxonomy":"audio","embeddable":true,"href":"https:\/\/www.creusonslabible.fr\/index.php?rest_route=%2Fwp%2Fv2%2Faudio&post=453"},{"taxonomy":"ecrit","embeddable":true,"href":"https:\/\/www.creusonslabible.fr\/index.php?rest_route=%2Fwp%2Fv2%2Fecrit&post=453"},{"taxonomy":"mis-en-avant","embeddable":true,"href":"https:\/\/www.creusonslabible.fr\/index.php?rest_route=%2Fwp%2Fv2%2Fmis-en-avant&post=453"},{"taxonomy":"redacteur","embeddable":true,"href":"https:\/\/www.creusonslabible.fr\/index.php?rest_route=%2Fwp%2Fv2%2Fredacteur&post=453"},{"taxonomy":"type-darticle","embeddable":true,"href":"https:\/\/www.creusonslabible.fr\/index.php?rest_route=%2Fwp%2Fv2%2Ftype-darticle&post=453"}],"curies":[{"name":"wp","href":"https:\/\/api.w.org\/{rel}","templated":true}]}}