{"id":457,"date":"2012-07-05T21:33:53","date_gmt":"2012-07-05T21:33:53","guid":{"rendered":"http:\/\/elearning.gbu.fr\/?p=457"},"modified":"2025-01-24T11:11:39","modified_gmt":"2025-01-24T09:11:39","slug":"galates-6","status":"publish","type":"post","link":"https:\/\/www.creusonslabible.fr\/?p=457","title":{"rendered":"Galates 6"},"content":{"rendered":"<p><strong>Note pour l&rsquo;animateur :<\/strong> Il est recommand\u00e9 \u00e0 l&rsquo;animateur de lire l&rsquo;introduction \u00e0 l&rsquo;\u00e9p\u00eetre de Paul aux Galates <a href=\"http:\/\/www.creusonslabible.fr\/?p=258\" target=\"_blank\" rel=\"noopener\">ici<\/a>.<\/p>\n<p><em>\u00c9tude r\u00e9alis\u00e9e par Daniel Mullins, secr\u00e9taire intin\u00e9rant en ile-de-france dans le cadre du projet canevas, d\u00e9cembre 2003.<\/em><\/p>\n<h2><a name=\"intro\"><\/a> Introduction<\/h2>\n<p>\u00c0 cause de la nature presque proverbiale des 10 premiers versets, cette \u00e9tude est longue. il est conseill\u00e9 au groupe qui se r\u00e9unit sur le campus \u00e0 midi de la scinder sur deux semaines : d&rsquo;abord les versets 1 \u00e0 10, puis du verset 11 jusqu&rsquo;\u00e0 la fin. un groupe qui dispose de plus de temps pourra la faire en une seule s\u00e9ance.<\/p>\n<p><!--more--><\/p>\n<p>La semaine derni\u00e8re, nous avons consid\u00e9r\u00e9 la vie selon l&rsquo;esprit comme un combat entre la chair et l&rsquo;esprit. le chapitre 6 nous donne la suite et une conclusion \u00e0 l&rsquo;\u00e9p\u00eetre.<\/p>\n<p>lecture de galates 6.1-18<\/p>\n<h2><a name=\"part1\"><\/a> premi\u00e8re partie (versets 1 \u00e0 10)<\/h2>\n<p>&nbsp;<\/p>\n<p><strong>versets 1 \u00e0 5<\/strong><\/p>\n<ol>\n<li>aux <em>versets 1 \u00e0 5<\/em>, il est possible de rep\u00e9rer l&rsquo;homme spirituel et le l\u00e9galiste.<br \/>\nqu&rsquo;est-ce qui caract\u00e9rise :<\/p>\n<ul>\n<li>l&rsquo;homme spirituel (vv 1-2) ?<\/li>\n<li>le l\u00e9galiste (vv 3-5) ?<\/li>\n<\/ul>\n<\/li>\n<li>qu&rsquo;est-ce qui explique l&rsquo;attitude humble de la personne spirituelle ? (<em>cf. 5.16-17<\/em>)<\/li>\n<li>quelles sont les deux erreurs du l\u00e9galiste &#8211; sous-entendues aux versets 4 et 5 ?\n<ul>\n<li>verset 4\n<div>\u00bb\u00a0<em> il se compare aux autres favorablement sans vraiment s&rsquo;examiner &#8211; tout comme celui qui juge l&rsquo;autre avec une poutre dans son oeil <\/em><\/div>\n<\/li>\n<li>Verset 5. Question de relance : pourquoi le futur est-il employ\u00e9 dans cette phrase : \u00ab chacun portera sa charge \u00bb ?\n<div>\u00bb\u00a0<em> il oublie que son jugement futur sera selon la justice de Dieu qui prendra ses oeuvres en compte ind\u00e9pendamment de celles des autres. <\/em><\/div>\n<\/li>\n<\/ul>\n<\/li>\n<li>Comment pourrions-nous tomber dans le m\u00eame \u00e9cueil ? (exemples concrets ?)<br \/>\nEt comment l&rsquo;\u00e9viter :<\/p>\n<ul>\n<li>selon les versets 1 \u00e0 5 ?<\/li>\n<li>selon l&rsquo;argument du livre entier ?<\/li>\n<\/ul>\n<\/li>\n<\/ol>\n<p><strong>Versets 6 \u00e0 10<\/strong><\/p>\n<ol>\n<li>Qu&rsquo;est-ce qui est sous-entendu dans l&rsquo;instruction du verset 6 concernant la valeur de l&rsquo;enseignement de la parole ?\u00a0Comment une telle valorisation du minist\u00e8re de la parole pourrait-elle s&rsquo;exprimer de mani\u00e8re concr\u00e8te dans nos vies ?<\/li>\n<li>Aux versets 7 \u00e0 10 Paul reprend l&rsquo;image de la moisson pour parler de notre choix quotidien de nous consacrer soit au fruit de l&rsquo;Esprit (5.22-23), soit aux oeuvres de la chair (5.19-21).<br \/>\nQuel est le jour de la moisson (sous-entendu) ?<br \/>\nQuel est l&rsquo;enseignement que Paul rel\u00e8ve avec l&rsquo;image de la moisson ?<br \/>\nQuelle est l&rsquo;attitude positive \u00e0 laquelle nous sommes appel\u00e9s pour la p\u00e9riode avant la moisson (v10) ? Pourquoi est-il pr\u00e9cis\u00e9 \u00ab pendant que nous avons l&rsquo;occasion \u00bb ?<\/li>\n<li>Parfois on l&rsquo;admet, mais plus souvent on vit selon le principe suivant : <em>\u00ab je suis sauv\u00e9 par la mort de J\u00e9sus \u00e0 ma place. Peu importe donc si je p\u00e8che ou pas ! \u00bb<\/em> Comment ce passage nous aide-t-il \u00e0 r\u00e9pondre \u00e0 cette attitude ?<br \/>\nY a-t-il des domaines dans ta vie o\u00f9 tu te moques de Dieu ? Si c&rsquo;est le cas, pourquoi devrais-tu faire attention ?<\/li>\n<\/ol>\n<h2><a name=\"part2\"><\/a> Deuxi\u00e8me partie (versets 11 \u00e0 18)<\/h2>\n<p>&nbsp;<\/p>\n<p><strong>Versets 11 \u00e0 18<\/strong><\/p>\n<ol>\n<li>Quelles sont les motivations des l\u00e9galistes juifs vis \u00e0 vis des chr\u00e9tiens galates ?<br \/>\nQuel est leur sujet de gloire ?<\/li>\n<li>Quel apport leur donne la circoncision en faveur de l&rsquo;observance de la loi\/la lutte contre le p\u00e9ch\u00e9 ?<\/li>\n<li>Quel est le sujet de gloire de Paul ?<br \/>\n\u00c0 la lumi\u00e8re de l&rsquo;ensemble de l&rsquo;argument de Paul dans l&rsquo;\u00e9p\u00eetre :<\/p>\n<ul>\n<li>\u00c0 quoi correspond l&rsquo;expression <em>\u00ab se glorifier de rien d&rsquo;autre que de la croix de J\u00e9sus Christ \u00bb ?<\/em><\/li>\n<li>Pourquoi Paul pr\u00e9cise-t-il <em>\u00ab rien d&rsquo;autre \u00bb<\/em> ? Dans Galates, que pourraient repr\u00e9senter les autres sujets de gloire ?<\/li>\n<\/ul>\n<\/li>\n<li>Quelles sont les cons\u00e9quences lorsqu&rsquo;on met sa seule confiance en la mort de J\u00e9sus ? (= se glorifier de rien d&rsquo;autre que de la croix&#8230;)\n<ul>\n<li>Verset 14 ?<\/li>\n<li>Verset 15 ?<\/li>\n<\/ul>\n<\/li>\n<li>Est-ce que la personne qui <em>\u00ab se glorifie de la croix de J\u00e9sus \u00bb<\/em>est toujours impuissante vis-\u00e0-vis du p\u00e9ch\u00e9 ?\n<ul>\n<li>\n<div>\u00bb\u00a0<em> pensez \u00e0 ce qui est sous-entendu par l&rsquo;expression \u00ab nouvelle cr\u00e9ature \/ cr\u00e9ation \u00bb. <\/em><\/div>\n<\/li>\n<li>\n<div>\u00bb\u00a0<em> consid\u00e9rez 3.2 et 5.16. <\/em><\/div>\n<\/li>\n<\/ul>\n<\/li>\n<li>Quels sont les \u00e9l\u00e9ments essentiels de l&rsquo;argument de Paul dans cette lettre qui nous aideront \u00e0 tenir tout aussi fermement que Paul aux convictions qu&rsquo;il exprime aux versets 14 et 15 ?<\/li>\n<\/ol>\n","protected":false},"excerpt":{"rendered":"<p>Note pour l&rsquo;animateur : Il est recommand\u00e9 \u00e0 l&rsquo;animateur de lire l&rsquo;introduction \u00e0 l&rsquo;\u00e9p\u00eetre de Paul aux Galates ici. \u00c9tude r\u00e9alis\u00e9e par Daniel Mullins, secr\u00e9taire intin\u00e9rant en ile-de-france dans le cadre du projet canevas, d\u00e9cembre 2003. Introduction \u00c0 cause de la nature presque proverbiale des 10 premiers versets, cette \u00e9tude est longue. il est conseill\u00e9 [&hellip;]<\/p>\n","protected":false},"author":2,"featured_media":2271,"comment_status":"open","ping_status":"open","sticky":false,"template":"","format":"standard","meta":{"_acf_changed":false,"_eb_attr":"","advgb_blocks_editor_width":"","advgb_blocks_columns_visual_guide":"","footnotes":""},"categories":[10],"tags":[651,323,23],"video":[],"audio":[],"ecrit":[],"mis-en-avant":[],"redacteur":[],"type-darticle":[],"class_list":["post-457","post","type-post","status-publish","format-standard","has-post-thumbnail","hentry","category-discussions-autour-de-la-bible","tag-ecrit","tag-galates","tag-nouveau-testament"],"blocksy_meta":[],"acf":[],"featured_image_src":"https:\/\/www.creusonslabible.fr\/wp-content\/uploads\/2012\/07\/galates-1.jpg","author_info":{"display_name":"caillou","author_link":"https:\/\/www.creusonslabible.fr\/?author=2"},"author_meta":{"display_name":"caillou","author_link":"https:\/\/www.creusonslabible.fr\/?author=2"},"featured_img":"https:\/\/www.creusonslabible.fr\/wp-content\/uploads\/2012\/07\/galates-1.jpg","coauthors":[],"tax_additional":{"categories":{"linked":["<a href=\"https:\/\/www.creusonslabible.fr\/?cat=10\" class=\"advgb-post-tax-term\">Discussions autour de la Bible<\/a>"],"unlinked":["<span class=\"advgb-post-tax-term\">Discussions autour de la Bible<\/span>"]},"tags":{"linked":["<a href=\"https:\/\/www.creusonslabible.fr\/?cat=10\" class=\"advgb-post-tax-term\">\u00e9crit<\/a>","<a href=\"https:\/\/www.creusonslabible.fr\/?cat=10\" class=\"advgb-post-tax-term\">Galates<\/a>","<a href=\"https:\/\/www.creusonslabible.fr\/?cat=10\" class=\"advgb-post-tax-term\">Nouveau-Testament<\/a>"],"unlinked":["<span class=\"advgb-post-tax-term\">\u00e9crit<\/span>","<span class=\"advgb-post-tax-term\">Galates<\/span>","<span class=\"advgb-post-tax-term\">Nouveau-Testament<\/span>"]}},"comment_count":"0","relative_dates":{"created":"Publi\u00e9 14 ans il y a","modified":"Mis \u00e0 jour 1 an il y a"},"absolute_dates":{"created":"Publi\u00e9 le 5 juillet 2012","modified":"Mise \u00e0 jour le 24 janvier 2025"},"absolute_dates_time":{"created":"Publi\u00e9 le 5 juillet 2012 21h33","modified":"Mise \u00e0 jour le 24 janvier 2025 11h11"},"featured_img_caption":"","series_order":"","meta_box":[],"_links":{"self":[{"href":"https:\/\/www.creusonslabible.fr\/index.php?rest_route=\/wp\/v2\/posts\/457","targetHints":{"allow":["GET"]}}],"collection":[{"href":"https:\/\/www.creusonslabible.fr\/index.php?rest_route=\/wp\/v2\/posts"}],"about":[{"href":"https:\/\/www.creusonslabible.fr\/index.php?rest_route=\/wp\/v2\/types\/post"}],"author":[{"embeddable":true,"href":"https:\/\/www.creusonslabible.fr\/index.php?rest_route=\/wp\/v2\/users\/2"}],"replies":[{"embeddable":true,"href":"https:\/\/www.creusonslabible.fr\/index.php?rest_route=%2Fwp%2Fv2%2Fcomments&post=457"}],"version-history":[{"count":1,"href":"https:\/\/www.creusonslabible.fr\/index.php?rest_route=\/wp\/v2\/posts\/457\/revisions"}],"predecessor-version":[{"id":10820,"href":"https:\/\/www.creusonslabible.fr\/index.php?rest_route=\/wp\/v2\/posts\/457\/revisions\/10820"}],"wp:featuredmedia":[{"embeddable":true,"href":"https:\/\/www.creusonslabible.fr\/index.php?rest_route=\/wp\/v2\/media\/2271"}],"wp:attachment":[{"href":"https:\/\/www.creusonslabible.fr\/index.php?rest_route=%2Fwp%2Fv2%2Fmedia&parent=457"}],"wp:term":[{"taxonomy":"category","embeddable":true,"href":"https:\/\/www.creusonslabible.fr\/index.php?rest_route=%2Fwp%2Fv2%2Fcategories&post=457"},{"taxonomy":"post_tag","embeddable":true,"href":"https:\/\/www.creusonslabible.fr\/index.php?rest_route=%2Fwp%2Fv2%2Ftags&post=457"},{"taxonomy":"video","embeddable":true,"href":"https:\/\/www.creusonslabible.fr\/index.php?rest_route=%2Fwp%2Fv2%2Fvideo&post=457"},{"taxonomy":"audio","embeddable":true,"href":"https:\/\/www.creusonslabible.fr\/index.php?rest_route=%2Fwp%2Fv2%2Faudio&post=457"},{"taxonomy":"ecrit","embeddable":true,"href":"https:\/\/www.creusonslabible.fr\/index.php?rest_route=%2Fwp%2Fv2%2Fecrit&post=457"},{"taxonomy":"mis-en-avant","embeddable":true,"href":"https:\/\/www.creusonslabible.fr\/index.php?rest_route=%2Fwp%2Fv2%2Fmis-en-avant&post=457"},{"taxonomy":"redacteur","embeddable":true,"href":"https:\/\/www.creusonslabible.fr\/index.php?rest_route=%2Fwp%2Fv2%2Fredacteur&post=457"},{"taxonomy":"type-darticle","embeddable":true,"href":"https:\/\/www.creusonslabible.fr\/index.php?rest_route=%2Fwp%2Fv2%2Ftype-darticle&post=457"}],"curies":[{"name":"wp","href":"https:\/\/api.w.org\/{rel}","templated":true}]}}