{"id":463,"date":"2012-07-05T21:36:32","date_gmt":"2012-07-05T21:36:32","guid":{"rendered":"http:\/\/elearning.gbu.fr\/?p=463"},"modified":"2025-01-24T11:11:39","modified_gmt":"2025-01-24T09:11:39","slug":"galates-325-431","status":"publish","type":"post","link":"https:\/\/www.creusonslabible.fr\/?p=463","title":{"rendered":"Galates 3.25-4.31"},"content":{"rendered":"<p><strong>Note pour l&rsquo;animateur :<\/strong> Il est recommand\u00e9 \u00e0 l&rsquo;animateur de lire l&rsquo;introduction \u00e0 l&rsquo;\u00e9p\u00eetre de Paul aux Galates <a href=\"http:\/\/www.creusonslabible.fr\/?p=258\" target=\"_blank\" rel=\"noopener\">ici<\/a>.<\/p>\n<p><em> \u00c9tude r\u00e9alis\u00e9e par Sarah Mullen, responsables de l&rsquo;\u00e9quipe IFES \u00e0 Paris, dans le cadre du projet Canevas, Novembre 2003.<\/em><\/p>\n<h2><a title=\"ctxt\" name=\"ctxt\"><\/a> Le contexte<\/h2>\n<p>En 3.6-25, Paul vient de dire que l&rsquo;h\u00e9ritage d&rsquo;Abraham venait de la promesse et non de la loi, et que celle-ci avait \u00e9t\u00e9 donn\u00e9e pour nous conduire \u00e0 Christ.<\/p>\n<h2><a title=\"part1\" name=\"part1\"><\/a> Partie 1 : vv 3:26 \u00e0 4:7<\/h2>\n<ul>\n<li>Quels sont les mots que Paul utilise pour d\u00e9crire la position des Galates devant Dieu ?<\/li>\n<li>Par quel moyen ont-ils obtenu cette position ?<\/li>\n<li>Dans les versets 1 \u00e0 7, Paul utilise l&rsquo;image d&rsquo;un enfant. De quelle \u00e9poque parle-t-il, selon le texte ?<\/li>\n<li>\u00c0 l&rsquo;\u00e9poque, quelles sont les choses qui caract\u00e9risaient leur situation ?<br \/>\n(v.7 : <em>\u00ab principes \u00e9l\u00e9mentaires \u00bb<\/em> : voir v.8-10)<\/li>\n<li>Au verset 6, qu&rsquo;est-ce qui caract\u00e9rise leur nouvelle situation ?<\/li>\n<\/ul>\n<h2><a title=\"part2\" name=\"part2\"><\/a> Partie 2 : vv 4:8-20<\/h2>\n<ul>\n<li>Quel probl\u00e8me, l&rsquo;ap\u00f4tre Paul identifie-t-il chez les chr\u00e9tiens des \u00c9glises de la Galatie ? (v. 8-10)<\/li>\n<li>Quel \u00e9tait leur attitude envers Paul, lorsqu&rsquo;il leur a annonc\u00e9 l&rsquo;\u00e9vangile ?<\/li>\n<li>Qu&rsquo;est-ce qui a chang\u00e9 ?<\/li>\n<li>Quels sont les versets qui nous d\u00e9crivent l&rsquo;attitude de Paul envers eux ?<\/li>\n<li>Pourquoi Paul a-t-il inclut le paragraphe (v. 8-20) dans la lettre ?<\/li>\n<\/ul>\n<h2><a title=\"part3\" name=\"part3\"><\/a> Partie 3 : vv 4:21-31<\/h2>\n<div>\u00bb\u00a0<em> (Pour bien comprendre cette partie, il vaut la peine de lire Gen\u00e8se 16.1-4, 17.15-19, 21.1-12). <\/em><\/div>\n<p>Remplissez le sch\u00e9ma selon <em>Galates 4.21-31<\/em> :<\/p>\n<div>\n<table border=\"0\" cellspacing=\"1\" cellpadding=\"2\">\n<tbody>\n<tr>\n<td width=\"33%\"><strong>La femme \/ son enfant<\/strong><\/td>\n<td width=\"33%\"><strong> Agar \/ Ismael <\/strong><\/td>\n<td width=\"33%\"><strong> Sara \/ Isaac <\/strong><\/td>\n<\/tr>\n<tr>\n<td>Raison pour l&rsquo;engendrement<\/td>\n<td><\/td>\n<td><\/td>\n<\/tr>\n<tr>\n<td>L&rsquo;alliance<\/td>\n<td><\/td>\n<td><\/td>\n<\/tr>\n<tr>\n<td>L&rsquo;alliance correspond \u00e0<\/td>\n<td><\/td>\n<td><\/td>\n<\/tr>\n<tr>\n<td>Position des enfants de l&rsquo;alliance<\/td>\n<td><\/td>\n<td><\/td>\n<\/tr>\n<\/tbody>\n<\/table>\n<\/div>\n<ul>\n<li>Qu&rsquo;\u00e9voquent pour vous les mots comme \u00ab alliance \u00bb, \u00ab le Mont Sina\u00ef \u00bb, \u00ab la J\u00e9rusalem actuelle \u00bb, etc. Expliquez.<\/li>\n<li>Pourquoi Isma\u00ebl m\u00e9ritait-il l&rsquo;h\u00e9ritage ? Pourquoi Isaac \u00e9tait-il devenu l&rsquo;h\u00e9ritier ? Quel \u00e9tait le probl\u00e8me pour Isma\u00ebl ?<\/li>\n<li>Qui sont les chr\u00e9tiens de la Galatie, selon le texte ?<\/li>\n<li>Pour r\u00e9sumer, qu&rsquo;est-ce que Paul veut faire comprendre aux chr\u00e9tiens de la Galatie sur leur identit\u00e9 ?<\/li>\n<\/ul>\n<h2><a title=\"appli\" name=\"appli\"><\/a> Application<\/h2>\n<ul>\n<li>Si nous sommes chr\u00e9tiens, nous sommes \u00e9galement fils de Dieu en Christ. Quelle s\u00e9curit\u00e9 cela nous donne-t-il ?<\/li>\n<li>De quelle mani\u00e8re sommes-nous tent\u00e9s de mettre notre confiance ailleurs pour notre position devant Dieu ? (par ex. le fait d&rsquo;\u00eatre n\u00e9 dans une famille chr\u00e9tienne)<\/li>\n<li>Les chr\u00e9tiens des \u00c9glises de la Galatie \u00e9taient tent\u00e9s de retourner aux r\u00e8gles pour plaire \u00e0 Dieu. Quelles sont les r\u00e8gles que nous inventons dans le but de vouloir plaire \u00e0 Dieu ?<\/li>\n<li>Selon ce passage, les chr\u00e9tiens sont fils de Dieu et h\u00e9ritiers. En tenant compte de cela comment r\u00e9agir ? Quelle attitude devrions-nous avoir envers Dieu ?<\/li>\n<\/ul>\n","protected":false},"excerpt":{"rendered":"<p>Note pour l&rsquo;animateur : Il est recommand\u00e9 \u00e0 l&rsquo;animateur de lire l&rsquo;introduction \u00e0 l&rsquo;\u00e9p\u00eetre de Paul aux Galates ici. \u00c9tude r\u00e9alis\u00e9e par Sarah Mullen, responsables de l&rsquo;\u00e9quipe IFES \u00e0 Paris, dans le cadre du projet Canevas, Novembre 2003. Le contexte En 3.6-25, Paul vient de dire que l&rsquo;h\u00e9ritage d&rsquo;Abraham venait de la promesse et non [&hellip;]<\/p>\n","protected":false},"author":2,"featured_media":2271,"comment_status":"open","ping_status":"open","sticky":false,"template":"","format":"standard","meta":{"_acf_changed":false,"_eb_attr":"","advgb_blocks_editor_width":"","advgb_blocks_columns_visual_guide":"","footnotes":""},"categories":[10],"tags":[192,651,323,23],"video":[],"audio":[],"ecrit":[],"mis-en-avant":[],"redacteur":[],"type-darticle":[],"class_list":["post-463","post","type-post","status-publish","format-standard","has-post-thumbnail","hentry","category-discussions-autour-de-la-bible","tag-abraham","tag-ecrit","tag-galates","tag-nouveau-testament"],"blocksy_meta":[],"acf":[],"featured_image_src":"https:\/\/www.creusonslabible.fr\/wp-content\/uploads\/2012\/07\/galates-1.jpg","author_info":{"display_name":"caillou","author_link":"https:\/\/www.creusonslabible.fr\/?author=2"},"author_meta":{"display_name":"caillou","author_link":"https:\/\/www.creusonslabible.fr\/?author=2"},"featured_img":"https:\/\/www.creusonslabible.fr\/wp-content\/uploads\/2012\/07\/galates-1.jpg","coauthors":[],"tax_additional":{"categories":{"linked":["<a href=\"https:\/\/www.creusonslabible.fr\/?cat=10\" class=\"advgb-post-tax-term\">Discussions autour de la Bible<\/a>"],"unlinked":["<span class=\"advgb-post-tax-term\">Discussions autour de la Bible<\/span>"]},"tags":{"linked":["<a href=\"https:\/\/www.creusonslabible.fr\/?cat=10\" class=\"advgb-post-tax-term\">Abraham<\/a>","<a href=\"https:\/\/www.creusonslabible.fr\/?cat=10\" class=\"advgb-post-tax-term\">\u00e9crit<\/a>","<a href=\"https:\/\/www.creusonslabible.fr\/?cat=10\" class=\"advgb-post-tax-term\">Galates<\/a>","<a href=\"https:\/\/www.creusonslabible.fr\/?cat=10\" class=\"advgb-post-tax-term\">Nouveau-Testament<\/a>"],"unlinked":["<span class=\"advgb-post-tax-term\">Abraham<\/span>","<span class=\"advgb-post-tax-term\">\u00e9crit<\/span>","<span class=\"advgb-post-tax-term\">Galates<\/span>","<span class=\"advgb-post-tax-term\">Nouveau-Testament<\/span>"]}},"comment_count":"0","relative_dates":{"created":"Publi\u00e9 14 ans il y a","modified":"Mis \u00e0 jour 1 an il y a"},"absolute_dates":{"created":"Publi\u00e9 le 5 juillet 2012","modified":"Mise \u00e0 jour le 24 janvier 2025"},"absolute_dates_time":{"created":"Publi\u00e9 le 5 juillet 2012 21h36","modified":"Mise \u00e0 jour le 24 janvier 2025 11h11"},"featured_img_caption":"","series_order":"","meta_box":[],"_links":{"self":[{"href":"https:\/\/www.creusonslabible.fr\/index.php?rest_route=\/wp\/v2\/posts\/463","targetHints":{"allow":["GET"]}}],"collection":[{"href":"https:\/\/www.creusonslabible.fr\/index.php?rest_route=\/wp\/v2\/posts"}],"about":[{"href":"https:\/\/www.creusonslabible.fr\/index.php?rest_route=\/wp\/v2\/types\/post"}],"author":[{"embeddable":true,"href":"https:\/\/www.creusonslabible.fr\/index.php?rest_route=\/wp\/v2\/users\/2"}],"replies":[{"embeddable":true,"href":"https:\/\/www.creusonslabible.fr\/index.php?rest_route=%2Fwp%2Fv2%2Fcomments&post=463"}],"version-history":[{"count":1,"href":"https:\/\/www.creusonslabible.fr\/index.php?rest_route=\/wp\/v2\/posts\/463\/revisions"}],"predecessor-version":[{"id":10818,"href":"https:\/\/www.creusonslabible.fr\/index.php?rest_route=\/wp\/v2\/posts\/463\/revisions\/10818"}],"wp:featuredmedia":[{"embeddable":true,"href":"https:\/\/www.creusonslabible.fr\/index.php?rest_route=\/wp\/v2\/media\/2271"}],"wp:attachment":[{"href":"https:\/\/www.creusonslabible.fr\/index.php?rest_route=%2Fwp%2Fv2%2Fmedia&parent=463"}],"wp:term":[{"taxonomy":"category","embeddable":true,"href":"https:\/\/www.creusonslabible.fr\/index.php?rest_route=%2Fwp%2Fv2%2Fcategories&post=463"},{"taxonomy":"post_tag","embeddable":true,"href":"https:\/\/www.creusonslabible.fr\/index.php?rest_route=%2Fwp%2Fv2%2Ftags&post=463"},{"taxonomy":"video","embeddable":true,"href":"https:\/\/www.creusonslabible.fr\/index.php?rest_route=%2Fwp%2Fv2%2Fvideo&post=463"},{"taxonomy":"audio","embeddable":true,"href":"https:\/\/www.creusonslabible.fr\/index.php?rest_route=%2Fwp%2Fv2%2Faudio&post=463"},{"taxonomy":"ecrit","embeddable":true,"href":"https:\/\/www.creusonslabible.fr\/index.php?rest_route=%2Fwp%2Fv2%2Fecrit&post=463"},{"taxonomy":"mis-en-avant","embeddable":true,"href":"https:\/\/www.creusonslabible.fr\/index.php?rest_route=%2Fwp%2Fv2%2Fmis-en-avant&post=463"},{"taxonomy":"redacteur","embeddable":true,"href":"https:\/\/www.creusonslabible.fr\/index.php?rest_route=%2Fwp%2Fv2%2Fredacteur&post=463"},{"taxonomy":"type-darticle","embeddable":true,"href":"https:\/\/www.creusonslabible.fr\/index.php?rest_route=%2Fwp%2Fv2%2Ftype-darticle&post=463"}],"curies":[{"name":"wp","href":"https:\/\/api.w.org\/{rel}","templated":true}]}}