{"id":475,"date":"2012-07-05T21:41:54","date_gmt":"2012-07-05T21:41:54","guid":{"rendered":"http:\/\/elearning.gbu.fr\/?p=475"},"modified":"2025-01-24T11:11:38","modified_gmt":"2025-01-24T09:11:38","slug":"romains-12-v1-21","status":"publish","type":"post","link":"https:\/\/www.creusonslabible.fr\/?p=475","title":{"rendered":"Romains 12.1-21"},"content":{"rendered":"<p><strong>Note pour l&rsquo;animateur :<\/strong> Il est recommand\u00e9 \u00e0 l&rsquo;animateur de lire l&rsquo;introduction \u00e0 l&rsquo;\u00e9p\u00eetre de Paul aux Romains <a href=\"http:\/\/www.creusonslabible.fr\/?p=264\" target=\"_blank\" rel=\"noopener\">ici<\/a>.<\/p>\n<p><em> Etude r\u00e9alis\u00e9e par Olivier Klopfenstein, GBU de la Cit\u00e9 Internationale Universitaire de Paris<\/em><\/p>\n<h2><a name=\"qp\"><\/a> Question pr\u00e9limaire :<\/h2>\n<ul>\n<ul>\n<li>Que signifie \u00ab\u00a0rendre un culte \u00e0 Dieu\u00a0\u00bb ?<\/li>\n<\/ul>\n<\/ul>\n<p><!--more--><\/p>\n<p><em> [ Lecture du texte ] <\/em><\/p>\n<ul>\n<li>Proposer un d\u00e9coupage du texte en justifiant.<\/li>\n<\/ul>\n<h2><a name=\"updt\"><\/a> Un peu de th\u00e9orie : versets 1 et 2<\/h2>\n<ul>\n<li>Qu&rsquo;est-ce qui caract\u00e9rise un sacrifice (d&rsquo;une mani\u00e8re g\u00e9n\u00e9rale) ?<\/li>\n<li>Pourquoi la mis\u00e9ricorde (ou \u00ab\u00a0les compassions\u00a0\u00bb ) de Dieu est-elle invoqu\u00e9e par Paul au v.1 ? Quelle est la plus grande manifestation de cette mis\u00e9ricorde dans la Bible ?<\/li>\n<li>En rapport avec ce qui a \u00e9t\u00e9 dit avant la lecture du texte, en quoi s&rsquo;offrir soi-m\u00eame est-il un culte rendu \u00e0 Dieu ?<\/li>\n<li>En quoi est-ce \u00ab\u00a0raisonnable\u00a0\u00bb, conforme \u00e0 la logique ?<\/li>\n<li>A quoi le v.2 oppose-t-il l&rsquo;expression \u00ab\u00a0monde pr\u00e9sent\u00a0\u00bb (ou \u00ab\u00a0si\u00e8cle pr\u00e9sent\u00a0\u00bb ) ? Qu&rsquo;est-ce que Paul d\u00e9signe donc par cette expression ?<\/li>\n<li>Qu&rsquo;est-ce qui caract\u00e9rise la volont\u00e9 de Dieu ?<\/li>\n<li>Quel sens donnez-vous au terme \u00ab\u00a0intelligence\u00a0\u00bb du v.2 ? Quel est le but recherch\u00e9 au travers de son renouvellement ? (Qui effectue cette \u00ab\u00a0transformation\u00a0\u00bb ?)<\/li>\n<\/ul>\n<h3>Bilan :<\/h3>\n<div>Ce d\u00e9but de chapitre nous renvoie clairement \u00e0 l&rsquo;exemple de J\u00e9sus Christ, le grand sacrifice et la grande mis\u00e9ricorde de Dieu qui nous donne le salut. A cause de Lui, il est logique, raisonnable de s&rsquo;offrir soi-m\u00eame tout entier \u00e0 Dieu. Dans ce but, nous devons rechercher ce qui pla\u00eet \u00e0 Dieu et aspirer \u00e0 ce que Lui-m\u00eame nous transforme en renouvelant notre compr\u00e9hension.<\/div>\n<h2><a name=\"td\"><\/a> Tous diff\u00e9rents : versets 3 \u00e0 8<\/h2>\n<ul>\n<li>Quelle est l&rsquo;id\u00e9e principale de ce paragraphe ?<\/li>\n<li>Pourquoi Paul dit-il au d\u00e9but (v.3) : \u00ab\u00a0Par la gr\u00e2ce qui m&rsquo;a \u00e9t\u00e9 donn\u00e9e\u00a0\u00bb ? Quel est le sentiment qui doit pr\u00e9sider en chacun par rapport aux autres ? Pour quelle raison ?<\/li>\n<li>Au v.3, on parle de \u00ab\u00a0mesure de foi\u00a0\u00bb : peut-on parler de hi\u00e9rarchie des chr\u00e9tiens ?<\/li>\n<li>Quelle est la responsabilit\u00e9 de chaque croyant ?<\/li>\n<\/ul>\n<h2><a name=\"qpers\"><\/a> Question personnelle :<\/h2>\n<ul>\n<li>Quels dons Dieu m&rsquo;a-t-il faits ? Est-ce que je les exerce ?<\/li>\n<\/ul>\n<h3>Bilan :<\/h3>\n<div>Il semble d\u00e9licat de parler de hi\u00e9rarchie spirituelle au sein des croyants. Chacun est invit\u00e9 \u00e0 l&rsquo;humilit\u00e9, reconnaissant dans les autres chr\u00e9tiens des dons compl\u00e9mentaires des siens, tout aussi importants. Tous sont au b\u00e9n\u00e9fice de la gr\u00e2ce de Dieu, \u00e0 commencer par Paul, et donc aucun ne peut s&rsquo;enorgueillir. Chacun doit au contraire exercer les dons que Dieu lui a faits. Ceci impose de savoir (de chercher ?) quels dons Dieu nous a faits&#8230;<\/div>\n<h2><a name=\"cata\"><\/a> Catalogue\u00a0: versets 9 \u00e0 21<\/h2>\n<ul>\n<li>Ces pr\u00e9ceptes, plus ou moins pratiques, enseignent sur le comportement du chr\u00e9tien par rapport \u00e0 diff\u00e9rents types de personnes : lesquels ? Classer rapidement chaque pr\u00e9cepte dans sa cat\u00e9gorie.<\/li>\n<li>Par rapport \u00e0 ceux qui nous font du mal, comment se comporter ? Comment comprenez-vous le v.20 ?<\/li>\n<li>Que pensez-vous du v.15 ? Qu&rsquo;est-ce qui devrait \u00eatre \u00e0 l&rsquo;origine de notre comportement ?<\/li>\n<li>Il faut se bien comporter devant \u00ab\u00a0tous les hommes\u00a0\u00bb, \u00eatre en paix avec eux (v.17, 18). Comment concilier cela avec l&rsquo;ordre du v.2 de ne pas se conformer au \u00ab\u00a0monde pr\u00e9sent\u00a0\u00bb ?<\/li>\n<li>Comment le v.21 pr\u00e9sente-t-il \u00ab\u00a0le mal\u00a0\u00bb ? D&rsquo;apr\u00e8s l&rsquo;ensemble du texte, que d\u00e9signe cette expression ?<\/li>\n<\/ul>\n<h3>Bilan :<\/h3>\n<div>Nous sommes engag\u00e9s dans une lutte personnelle contre le mal, dont la principale manifestation est ici notre orgueil, et aussi l&rsquo;opposition ext\u00e9rieure que nous pouvons rencontrer. Concernant ce dernier cas, il importe de ne pas nier le r\u00f4le de Dieu et de toujours conserver une attitude positive.<\/div>\n<h2><a name=\"appli\"><\/a> Application :<\/h2>\n<ul>\n<li>Que pensez-vous d&rsquo;une hi\u00e9rarchie spirituelle chez les chr\u00e9tiens ?<\/li>\n<li>A quels \u00e9l\u00e9ments de notre soci\u00e9t\u00e9 vous semble-t-il important de ne pas vous conformer ?<\/li>\n<li>Est-ce que le regard des non-chr\u00e9tiens sur votre vie est important ?<\/li>\n<li>Est-il important pour vous d&rsquo;\u00eatre en accord avec la loi (\u00ab\u00a0bien\u00a0\u00bb \u00e9tabli par \u00ab\u00a0tous les hommes\u00a0\u00bb) ? Est-elle un code de vie valable ?<\/li>\n<\/ul>\n","protected":false},"excerpt":{"rendered":"<p>Note pour l&rsquo;animateur : Il est recommand\u00e9 \u00e0 l&rsquo;animateur de lire l&rsquo;introduction \u00e0 l&rsquo;\u00e9p\u00eetre de Paul aux Romains ici. Etude r\u00e9alis\u00e9e par Olivier Klopfenstein, GBU de la Cit\u00e9 Internationale Universitaire de Paris Question pr\u00e9limaire : Que signifie \u00ab\u00a0rendre un culte \u00e0 Dieu\u00a0\u00bb ?<\/p>\n","protected":false},"author":2,"featured_media":2250,"comment_status":"open","ping_status":"open","sticky":false,"template":"","format":"standard","meta":{"_acf_changed":false,"_eb_attr":"","advgb_blocks_editor_width":"","advgb_blocks_columns_visual_guide":"","footnotes":""},"categories":[10],"tags":[254,651,23,559],"video":[],"audio":[],"ecrit":[],"mis-en-avant":[],"redacteur":[],"type-darticle":[],"class_list":["post-475","post","type-post","status-publish","format-standard","has-post-thumbnail","hentry","category-discussions-autour-de-la-bible","tag-coherence","tag-ecrit","tag-nouveau-testament","tag-romains"],"blocksy_meta":[],"acf":[],"featured_image_src":"https:\/\/www.creusonslabible.fr\/wp-content\/uploads\/2012\/07\/Romains-1.jpg","author_info":{"display_name":"caillou","author_link":"https:\/\/www.creusonslabible.fr\/?author=2"},"author_meta":{"display_name":"caillou","author_link":"https:\/\/www.creusonslabible.fr\/?author=2"},"featured_img":"https:\/\/www.creusonslabible.fr\/wp-content\/uploads\/2012\/07\/Romains-1.jpg","coauthors":[],"tax_additional":{"categories":{"linked":["<a href=\"https:\/\/www.creusonslabible.fr\/?cat=10\" class=\"advgb-post-tax-term\">Discussions autour de la Bible<\/a>"],"unlinked":["<span class=\"advgb-post-tax-term\">Discussions autour de la Bible<\/span>"]},"tags":{"linked":["<a href=\"https:\/\/www.creusonslabible.fr\/?cat=10\" class=\"advgb-post-tax-term\">Coh\u00e9rence<\/a>","<a href=\"https:\/\/www.creusonslabible.fr\/?cat=10\" class=\"advgb-post-tax-term\">\u00e9crit<\/a>","<a href=\"https:\/\/www.creusonslabible.fr\/?cat=10\" class=\"advgb-post-tax-term\">Nouveau-Testament<\/a>","<a href=\"https:\/\/www.creusonslabible.fr\/?cat=10\" class=\"advgb-post-tax-term\">romains<\/a>"],"unlinked":["<span class=\"advgb-post-tax-term\">Coh\u00e9rence<\/span>","<span class=\"advgb-post-tax-term\">\u00e9crit<\/span>","<span class=\"advgb-post-tax-term\">Nouveau-Testament<\/span>","<span class=\"advgb-post-tax-term\">romains<\/span>"]}},"comment_count":"0","relative_dates":{"created":"Publi\u00e9 14 ans il y a","modified":"Mis \u00e0 jour 1 an il y a"},"absolute_dates":{"created":"Publi\u00e9 le 5 juillet 2012","modified":"Mise \u00e0 jour le 24 janvier 2025"},"absolute_dates_time":{"created":"Publi\u00e9 le 5 juillet 2012 21h41","modified":"Mise \u00e0 jour le 24 janvier 2025 11h11"},"featured_img_caption":"","series_order":"","meta_box":[],"_links":{"self":[{"href":"https:\/\/www.creusonslabible.fr\/index.php?rest_route=\/wp\/v2\/posts\/475","targetHints":{"allow":["GET"]}}],"collection":[{"href":"https:\/\/www.creusonslabible.fr\/index.php?rest_route=\/wp\/v2\/posts"}],"about":[{"href":"https:\/\/www.creusonslabible.fr\/index.php?rest_route=\/wp\/v2\/types\/post"}],"author":[{"embeddable":true,"href":"https:\/\/www.creusonslabible.fr\/index.php?rest_route=\/wp\/v2\/users\/2"}],"replies":[{"embeddable":true,"href":"https:\/\/www.creusonslabible.fr\/index.php?rest_route=%2Fwp%2Fv2%2Fcomments&post=475"}],"version-history":[{"count":1,"href":"https:\/\/www.creusonslabible.fr\/index.php?rest_route=\/wp\/v2\/posts\/475\/revisions"}],"predecessor-version":[{"id":10812,"href":"https:\/\/www.creusonslabible.fr\/index.php?rest_route=\/wp\/v2\/posts\/475\/revisions\/10812"}],"wp:featuredmedia":[{"embeddable":true,"href":"https:\/\/www.creusonslabible.fr\/index.php?rest_route=\/wp\/v2\/media\/2250"}],"wp:attachment":[{"href":"https:\/\/www.creusonslabible.fr\/index.php?rest_route=%2Fwp%2Fv2%2Fmedia&parent=475"}],"wp:term":[{"taxonomy":"category","embeddable":true,"href":"https:\/\/www.creusonslabible.fr\/index.php?rest_route=%2Fwp%2Fv2%2Fcategories&post=475"},{"taxonomy":"post_tag","embeddable":true,"href":"https:\/\/www.creusonslabible.fr\/index.php?rest_route=%2Fwp%2Fv2%2Ftags&post=475"},{"taxonomy":"video","embeddable":true,"href":"https:\/\/www.creusonslabible.fr\/index.php?rest_route=%2Fwp%2Fv2%2Fvideo&post=475"},{"taxonomy":"audio","embeddable":true,"href":"https:\/\/www.creusonslabible.fr\/index.php?rest_route=%2Fwp%2Fv2%2Faudio&post=475"},{"taxonomy":"ecrit","embeddable":true,"href":"https:\/\/www.creusonslabible.fr\/index.php?rest_route=%2Fwp%2Fv2%2Fecrit&post=475"},{"taxonomy":"mis-en-avant","embeddable":true,"href":"https:\/\/www.creusonslabible.fr\/index.php?rest_route=%2Fwp%2Fv2%2Fmis-en-avant&post=475"},{"taxonomy":"redacteur","embeddable":true,"href":"https:\/\/www.creusonslabible.fr\/index.php?rest_route=%2Fwp%2Fv2%2Fredacteur&post=475"},{"taxonomy":"type-darticle","embeddable":true,"href":"https:\/\/www.creusonslabible.fr\/index.php?rest_route=%2Fwp%2Fv2%2Ftype-darticle&post=475"}],"curies":[{"name":"wp","href":"https:\/\/api.w.org\/{rel}","templated":true}]}}