{"id":481,"date":"2012-07-05T21:43:51","date_gmt":"2012-07-05T21:43:51","guid":{"rendered":"http:\/\/elearning.gbu.fr\/?p=481"},"modified":"2025-01-24T11:11:37","modified_gmt":"2025-01-24T09:11:37","slug":"romains-8-v1-a-17","status":"publish","type":"post","link":"https:\/\/www.creusonslabible.fr\/?p=481","title":{"rendered":"Romains 8.1-17"},"content":{"rendered":"<p><strong>Note pour l&rsquo;animateur :<\/strong> Il est recommand\u00e9 \u00e0 l&rsquo;animateur de lire l&rsquo;introduction \u00e0 l&rsquo;\u00e9p\u00eetre de Paul aux Romains <a href=\"http:\/\/www.creusonslabible.fr\/?p=264\" target=\"_blank\" rel=\"noopener\">ici<\/a>.<\/p>\n<p><em> \u00c9tude r\u00e9alis\u00e9e en avril 2005 dans la s\u00e9rie de canevas sur l&rsquo;\u00e9p\u00eetre aux Romains.<\/em><\/p>\n<p><!--more--><\/p>\n<h2><a name=\"note\"><\/a>Note pour les animateurs<\/h2>\n<p>Comme l&rsquo;argument de ce texte est assez fin \u00e0 certains niveaux, je survole ce qui me semble l&rsquo;essentiel du passage. Cette introduction n&rsquo;est pas \u00e0 redonner comme une pr\u00e9dication, mais plut\u00f4t pour t&rsquo;aider \u00e0 naviguer dans le passage, et ensuite pour mieux animer la discussion, ayant une id\u00e9e peut-\u00eatre plus claire du texte.<\/p>\n<p>Sous la 5\u00e8me r\u00e9publique, la France a parfois connu des cohabitations politiques tr\u00e8s tendues avec un pr\u00e9sident d&rsquo;un c\u00f4t\u00e9 du paysage politique et un gouvernement de l&rsquo;autre c\u00f4t\u00e9. Le chapitre 7 a commenc\u00e9 \u00e0 parler d&rsquo;une \u00a0\u00bb cohabitation \u00a0\u00bb difficile cette fois-ci dans la vie du chr\u00e9tien, car il a dor\u00e9navant deux principes qui agit en lui : d&rsquo;une part un d\u00e9sir de faire la loi de Dieu, et d&rsquo;autre part une compulsion de faire l&rsquo;oppos\u00e9 de cette loi, pouss\u00e9 par le p\u00e9ch\u00e9 qui habite \u00a0\u00bb dans mes membres \u00a0\u00bb (7.23). Au chapitre 8, face \u00e0 cette situation d\u00e9sesp\u00e9rante, d&rsquo;une part Paul rassure, en donnant des raisons magnifiques d&rsquo;assurance devant Dieu (v. 1-4 et 15-17), et en d\u00e9taillant les raisons pour cette \u00a0\u00bb cohabitation \u00a0\u00bb difficile, tout en expliquant \u00e0 quel c\u00f4t\u00e9 nous devrions donner raison dans nos vies de tous les jours (v. 5-14). De plus il identifie les deux parties de la cohabitation comme \u00e9tant \u00a0\u00bb la chair \u00a0\u00bb (approximativement la \u00a0\u00bb nature p\u00e9cheresse \u00ab\u00a0) et l&rsquo;Esprit. Romains 7 et 8 sont donc les cl\u00e9s pour comprendre \u00e0 quoi ressemble la vie chr\u00e9tienne normale.<\/p>\n<p>\u00c0 lire les vv 5-8, on dirait qu&rsquo;une cohabitation serait impossible entre la chair et l&rsquo;Esprit, car les tendances de la chair et de l&rsquo;Esprit sont diam\u00e9tralement oppos\u00e9es. C&rsquo;est aux versets 9-11 o\u00f9 Paul explique comment cela se fait que la cohabitation existe, et que c&rsquo;est temporaire. Le chr\u00e9tien, ayant l&rsquo;Esprit, n&rsquo;est plus sous l&#8217;emprise de la chair (v. 9). Pourtant, il a toujours la chair en lui &#8211; ce qui est communiqu\u00e9 par son affirmation concernant le corps et l&rsquo;esprit du chr\u00e9tien (v. 10). Or, le corps est li\u00e9 de mani\u00e8re proche \u00e0 la chair comme le parall\u00e9lisme du v. 13 l&rsquo;indique (voir aussi la pr\u00e9sentation du p\u00e9ch\u00e9 qui \u00a0\u00bb habite dans mes membres \u00a0\u00bb &#8211; 7.23 et le cri d&rsquo;\u00eatre d\u00e9livr\u00e9 \u00a0\u00bb de ce corps de mort \u00a0\u00bb qui le m\u00e8ne vers le p\u00e9ch\u00e9 &#8211; 7.24). Mais cette cohabitation temporaire arrivera \u00e0 sa fin avec la r\u00e9surrection du corps (v. 11). Alors nous n&rsquo;aurons plus la pr\u00e9sence de la \u00a0\u00bb chair \u00a0\u00bb dans notre nouvel corps. Comme ceci est notre futur, nous devrions donner raison plut\u00f4t \u00e0 l&rsquo;Esprit (en nous donnant \u00e0 la justice) qu&rsquo;\u00e0 la chair (v. 12-14). Le plan suivant r\u00e9sume les axes principaux du passage :<\/p>\n<ul>\n<li>v. 1-4 : assurance totale (plus de condamnation).<\/li>\n<li>v. 5-8 : contraste total entre les tendances de ceux qui vivent selon la chair et ceux qui vivent selon l&rsquo;Esprit.<\/li>\n<li>v. 9-11 : un d\u00e9calage temporel est la raison pour la cohabitation de l&rsquo;Esprit et de la chair, car alors que notre esprit est vivant, notre corps est mort (\u00e0 cause de la chair en nous) en attendant la r\u00e9surrection de notre corps ce qui \u00e9liminera la chair de notre vie corporelle.<\/li>\n<li>v. 12-14 : opposition mortelle aux oeuvres de la chair par l&rsquo;Esprit.<\/li>\n<li>v. 15-17 : assurance totale (enfants de Dieu).<\/li>\n<\/ul>\n<p>Le d\u00e9calage temporel se voit aussi au verset 3 o\u00f9 Paul dit que le Fils \u00a0\u00bb a condamn\u00e9 le p\u00e9ch\u00e9 dans la chair \u00ab\u00a0. Or, une sentence de condamnation ne veut pas dire que le p\u00e9ch\u00e9 dans la chair soit d\u00e9j\u00e0 mort, mais plut\u00f4t qu&rsquo;il est dans le couloir de la mort, en attendant d&rsquo;\u00eatre mis \u00e0 mort d\u00e9finitivement lors de la r\u00e9surrection du corps (v. 11, cf. aussi 8.23 o\u00f9 la r\u00e9demption de notre corps sous-entend une r\u00e9demption vis-\u00e0-vis du p\u00e9ch\u00e9 dans la chair).<\/p>\n<p>\u00c0 quoi ressemble donc la vie chr\u00e9tienne normale ? C&rsquo;est une lutte entre les d\u00e9sirs de la chair et ceux de l&rsquo;Esprit o\u00f9 le chr\u00e9tien doit donner raison aux d\u00e9sirs de l&rsquo;Esprit. Ceci repr\u00e9sente un conflit dur, sugg\u00e9r\u00e9 par l&rsquo;injonction de faire \u00a0\u00bb mourir les actions du corps \u00a0\u00bb (v. 13). C&rsquo;est une lutte difficile pour le chr\u00e9tien, certes, mais il a un statut devant Dieu qui est hors pair (v. 1-4 ; 15-17).<\/p>\n<h2><a name=\"intro\"><\/a>QUESTION D&rsquo;INTRODUCTION<\/h2>\n<p>Chaque chr\u00e9tien(ne) doit faire face au probl\u00e8me du p\u00e9ch\u00e9 dans sa vie. \u00c0 quoi devrait-il\/elle s&rsquo;attendre ? Prenez par exemple cette affirmation :<br \/>\n<em>\u00a0\u00bb L&rsquo;essentiel de la vie chr\u00e9tienne est de laisser agir l&rsquo;Esprit : c&rsquo;est facile ! \u00ab\u00a0<\/em><\/p>\n<p>Que pensez-vous de cette d\u00e9claration ? Pensez-vous qu&rsquo;elle soit juste ?<\/p>\n<p>Sinon, \u00e0 quoi ressemble \u00e0 votre avis la vie chr\u00e9tienne \u00a0\u00bb normale \u00a0\u00bb ?<\/p>\n<p>Quelles en sont les cons\u00e9quences pour sa vie (v. 12-14) ?<\/p>\n<p>Quelle est la part de l&rsquo;Esprit et quelle est notre part en cela ?<\/p>\n<p>Que pouvons-nous conclure concernant le degr\u00e9 de difficult\u00e9 de notre action compte tenu de l&rsquo;expression \u00a0\u00bb faites mourir les actions du corps \u00a0\u00bb (v. 13) [L\u00e0 il faut viser une discussion ouverte, o\u00f9 l&rsquo;animateur ne donne ni raison ni tort aux avis exprim\u00e9s. Le texte peut faire cela dans la suite.]<\/p>\n<h2><a name=\"lect\"><\/a>LECTURE DU PASSAGE<\/h2>\n<p>R\u00e9sumer ou demander \u00e0 quelqu&rsquo;un de r\u00e9sumer l&rsquo;essentiel de Romains 7 avant de passer \u00e0 la lecture de Romains 8.1-17. [Il sera mieux de ne pas utiliser une &lsquo;paraphrase&rsquo;, c&rsquo;est pour cela que le texte du passage selon la traduction \u00e0 la \u00a0\u00bb Colombe \u00a0\u00bb suit ce canevas. Tu pourrais en faire quelques copies pour le groupe]<\/p>\n<p><strong>Termes \u00e0 clarifier :<\/strong><\/p>\n<div><em> <span style=\"text-decoration: underline;\">la chair<\/span> : le terme souvent employ\u00e9 pour parler du si\u00e8ge du p\u00e9ch\u00e9 dans l&rsquo;\u00eatre humain. Nature p\u00e9cheresse est une approximation utile.<br \/>\n<span style=\"text-decoration: underline;\">Esprit<\/span> : l&rsquo;Esprit de Dieu en venant dans la vie du chr\u00e9tien l&rsquo;unit avec le Christ pour que les bien-faits de sa mort et de sa r\u00e9surrection soient les siens. De m\u00eame il change la pens\u00e9e du chr\u00e9tien pour qu&rsquo;il d\u00e9sire faire la loi de Dieu <\/em><\/div>\n<h2><a name=\"obs\"><\/a>OBSERVATION ET INTERPR\u00c9TATION<\/h2>\n<p>Au verset 1, c&rsquo;est le chr\u00e9tien qui n&rsquo;est plus condamn\u00e9, et au verset 3 c&rsquo;est le p\u00e9ch\u00e9 qui est condamn\u00e9 dans la chair :<\/p>\n<ol>\n<li>Quel est le lien entre ces deux \u00e9tats ?<\/li>\n<li>Quelle en est la base ?<\/li>\n<li>Si le p\u00e9ch\u00e9 a \u00e9t\u00e9 condamn\u00e9 dans la chair par la mort de J\u00e9sus, est-ce que le p\u00e9ch\u00e9 dans la chair est d\u00e9j\u00e0 mort, ou est-ce que sa \u00a0\u00bb mort \u00a0\u00bb (son \u00e9limination) est toujours future ? [L\u00e0 il faut peser le sens du champs s\u00e9mantique \u00a0\u00bb condamner \u00a0\u00bb \/ \u00a0\u00bb condamnation \u00a0\u00bb &#8230; Par exemple , avant d&rsquo;\u00eatre chr\u00e9tiens, nous \u00e9tions des condamn\u00e9s (v. 1), et pourtant nous vivions toujours&#8230;]<\/li>\n<li>Quel est le but de l&rsquo;oeuvre du Christ selon le verset 4 ?<\/li>\n<\/ol>\n<p>&nbsp;<\/p>\n<ul>\n<ul>\n<li><strong>vv 5-14 :<\/strong><br \/>\n\u00c0 la lumi\u00e8re des versets 5-8 seuls, pensez-vous qu&rsquo;une cohabitation entre la chair et l&rsquo;Esprit dans le chr\u00e9tien serait possible ? Justifiez vos conclusions.Quels sont les indices aux versets 9-14 qui indiquent que cette cohabitation existe bel et bien ? [Si les gens ne voient pas d&rsquo;indice, passe \u00e0 la question suivante.]Aux versets 9-11 deux aspects de notre salut sont relev\u00e9s comme \u00e9tant en d\u00e9calage. Quel est le d\u00e9calage et comment et quand ce d\u00e9calage sera-t-il r\u00e9solu ?<\/p>\n<p>Ce n&rsquo;est sans doute pas gratuitement que Paul rel\u00e8ve ce d\u00e9calage. Pourquoi le fait-il ? [Indice : remarquez la relation entre la chair et le corps au v. 13.]<\/p>\n<p>Jusqu&rsquo;\u00e0 quand le chr\u00e9tien aura-t-il donc cette cohabitation de la chair et de l&rsquo;Esprit en lui ?<br \/>\nSelon le verset 12 le chr\u00e9tien est d\u00e9biteur non de la chair mais de l&rsquo;Esprit. Pourquoi ? (voir surtout les versets 9-11).<\/p>\n<p>Quelles en sont les cons\u00e9quences pour sa vie (v. 12-14) ? Quelle est la part de l&rsquo;Esprit et quelle est notre part en cela ?<\/li>\n<\/ul>\n<\/ul>\n<p>&nbsp;<\/p>\n<ul>\n<li><strong>v. 15-17 :<\/strong><br \/>\nDans le d\u00e9veloppement du texte qu&rsquo;est-ce qui pourrait susciter de la crainte et un sentiment de servitude chez le chr\u00e9tien ? [La lutte difficile contre le p\u00e9ch\u00e9 dans sa vie&#8230;]Comment Paul r\u00e9pond-t-il \u00e0 ces craintes ? (v. 15-17)En quoi cette r\u00e9ponse donne-t-elle un coup de balai \u00e0 ces craintes et au sentiment de servitude ?<\/li>\n<\/ul>\n<h2><a name=\"resume\"><\/a>QUESTION DE R\u00c9SUM\u00c9<\/h2>\n<p>Selon ce passage, \u00e0 quoi ressemble la vie chr\u00e9tienne normale ?<\/p>\n<h2><a name=\"appli\"><\/a>APPLICATION<\/h2>\n<div><em> (il sera peut-\u00eatre n\u00e9cessaire de s\u00e9lectionner les questions les plus pertinentes pour ton groupe) <\/em><\/div>\n<p>Rediscuter la d\u00e9claration du d\u00e9but.<\/p>\n<p>On dit parfois : \u00a0\u00bb Je sais que je ne suis pas parfait(e), mais au fond de moi je suis bon(ne). \u00a0\u00bb Quel r\u00e9ponse pourrions-nous donner \u00e0 la lumi\u00e8re de ce passage &#8211; notamment des v. 7-8.<\/p>\n<p>\u00c0 la lumi\u00e8re de ce texte, que diriez-vous \u00e0 quelqu&rsquo;un qui dit : \u00a0\u00bb Depuis que je suis devenu chr\u00e9tien, je lutte contre le p\u00e9ch\u00e9 dans ma vie et pourtant je retombe souvent dans les m\u00eames travers. Je me demande des fois si je suis r\u00e9ellement chr\u00e9tien. \u00a0\u00bb<\/p>\n<p>Les versets 12-14 indiquent que l&rsquo;indiff\u00e9rence vis-\u00e0-vis du p\u00e9ch\u00e9 dans notre vie est un probl\u00e8me mortel. Sur une \u00e9chelle de 0 \u00e0 10, comment qualifieriez-vous votre lutte personnelle contre le p\u00e9ch\u00e9 dans votre vie ? Avez-vous des changements d&rsquo;attitude \u00e0 y apporter ? [ici la r\u00e9ponse n&rsquo;est pas forc\u00e9ment \u00e0 partager&#8230; Si votre contexte le permet, vous pourriez terminer en priant \u00e0 deux ou \u00e0 trois, remerciant Dieu pour le privil\u00e8ge d&rsquo;\u00eatre son enfant et lui demandant l&rsquo;aide du Saint Esprit dans la lutte contre le p\u00e9ch\u00e9.]<\/p>\n","protected":false},"excerpt":{"rendered":"<p>Note pour l&rsquo;animateur : Il est recommand\u00e9 \u00e0 l&rsquo;animateur de lire l&rsquo;introduction \u00e0 l&rsquo;\u00e9p\u00eetre de Paul aux Romains ici. \u00c9tude r\u00e9alis\u00e9e en avril 2005 dans la s\u00e9rie de canevas sur l&rsquo;\u00e9p\u00eetre aux Romains.<\/p>\n","protected":false},"author":2,"featured_media":2250,"comment_status":"open","ping_status":"open","sticky":false,"template":"","format":"standard","meta":{"_acf_changed":false,"_eb_attr":"","advgb_blocks_editor_width":"","advgb_blocks_columns_visual_guide":"","footnotes":""},"categories":[10],"tags":[651,23,559,203],"video":[],"audio":[],"ecrit":[],"mis-en-avant":[],"redacteur":[],"type-darticle":[],"class_list":["post-481","post","type-post","status-publish","format-standard","has-post-thumbnail","hentry","category-discussions-autour-de-la-bible","tag-ecrit","tag-nouveau-testament","tag-romains","tag-saint-esprit"],"blocksy_meta":[],"acf":[],"featured_image_src":"https:\/\/www.creusonslabible.fr\/wp-content\/uploads\/2012\/07\/Romains-1.jpg","author_info":{"display_name":"caillou","author_link":"https:\/\/www.creusonslabible.fr\/?author=2"},"author_meta":{"display_name":"caillou","author_link":"https:\/\/www.creusonslabible.fr\/?author=2"},"featured_img":"https:\/\/www.creusonslabible.fr\/wp-content\/uploads\/2012\/07\/Romains-1.jpg","coauthors":[],"tax_additional":{"categories":{"linked":["<a href=\"https:\/\/www.creusonslabible.fr\/?cat=10\" class=\"advgb-post-tax-term\">Discussions autour de la Bible<\/a>"],"unlinked":["<span class=\"advgb-post-tax-term\">Discussions autour de la Bible<\/span>"]},"tags":{"linked":["<a href=\"https:\/\/www.creusonslabible.fr\/?cat=10\" class=\"advgb-post-tax-term\">\u00e9crit<\/a>","<a href=\"https:\/\/www.creusonslabible.fr\/?cat=10\" class=\"advgb-post-tax-term\">Nouveau-Testament<\/a>","<a href=\"https:\/\/www.creusonslabible.fr\/?cat=10\" class=\"advgb-post-tax-term\">romains<\/a>","<a href=\"https:\/\/www.creusonslabible.fr\/?cat=10\" class=\"advgb-post-tax-term\">Saint-Esprit<\/a>"],"unlinked":["<span class=\"advgb-post-tax-term\">\u00e9crit<\/span>","<span class=\"advgb-post-tax-term\">Nouveau-Testament<\/span>","<span class=\"advgb-post-tax-term\">romains<\/span>","<span class=\"advgb-post-tax-term\">Saint-Esprit<\/span>"]}},"comment_count":"0","relative_dates":{"created":"Publi\u00e9 14 ans il y a","modified":"Mis \u00e0 jour 1 an il y a"},"absolute_dates":{"created":"Publi\u00e9 le 5 juillet 2012","modified":"Mise \u00e0 jour le 24 janvier 2025"},"absolute_dates_time":{"created":"Publi\u00e9 le 5 juillet 2012 21h43","modified":"Mise \u00e0 jour le 24 janvier 2025 11h11"},"featured_img_caption":"","series_order":"","meta_box":[],"_links":{"self":[{"href":"https:\/\/www.creusonslabible.fr\/index.php?rest_route=\/wp\/v2\/posts\/481","targetHints":{"allow":["GET"]}}],"collection":[{"href":"https:\/\/www.creusonslabible.fr\/index.php?rest_route=\/wp\/v2\/posts"}],"about":[{"href":"https:\/\/www.creusonslabible.fr\/index.php?rest_route=\/wp\/v2\/types\/post"}],"author":[{"embeddable":true,"href":"https:\/\/www.creusonslabible.fr\/index.php?rest_route=\/wp\/v2\/users\/2"}],"replies":[{"embeddable":true,"href":"https:\/\/www.creusonslabible.fr\/index.php?rest_route=%2Fwp%2Fv2%2Fcomments&post=481"}],"version-history":[{"count":1,"href":"https:\/\/www.creusonslabible.fr\/index.php?rest_route=\/wp\/v2\/posts\/481\/revisions"}],"predecessor-version":[{"id":10809,"href":"https:\/\/www.creusonslabible.fr\/index.php?rest_route=\/wp\/v2\/posts\/481\/revisions\/10809"}],"wp:featuredmedia":[{"embeddable":true,"href":"https:\/\/www.creusonslabible.fr\/index.php?rest_route=\/wp\/v2\/media\/2250"}],"wp:attachment":[{"href":"https:\/\/www.creusonslabible.fr\/index.php?rest_route=%2Fwp%2Fv2%2Fmedia&parent=481"}],"wp:term":[{"taxonomy":"category","embeddable":true,"href":"https:\/\/www.creusonslabible.fr\/index.php?rest_route=%2Fwp%2Fv2%2Fcategories&post=481"},{"taxonomy":"post_tag","embeddable":true,"href":"https:\/\/www.creusonslabible.fr\/index.php?rest_route=%2Fwp%2Fv2%2Ftags&post=481"},{"taxonomy":"video","embeddable":true,"href":"https:\/\/www.creusonslabible.fr\/index.php?rest_route=%2Fwp%2Fv2%2Fvideo&post=481"},{"taxonomy":"audio","embeddable":true,"href":"https:\/\/www.creusonslabible.fr\/index.php?rest_route=%2Fwp%2Fv2%2Faudio&post=481"},{"taxonomy":"ecrit","embeddable":true,"href":"https:\/\/www.creusonslabible.fr\/index.php?rest_route=%2Fwp%2Fv2%2Fecrit&post=481"},{"taxonomy":"mis-en-avant","embeddable":true,"href":"https:\/\/www.creusonslabible.fr\/index.php?rest_route=%2Fwp%2Fv2%2Fmis-en-avant&post=481"},{"taxonomy":"redacteur","embeddable":true,"href":"https:\/\/www.creusonslabible.fr\/index.php?rest_route=%2Fwp%2Fv2%2Fredacteur&post=481"},{"taxonomy":"type-darticle","embeddable":true,"href":"https:\/\/www.creusonslabible.fr\/index.php?rest_route=%2Fwp%2Fv2%2Ftype-darticle&post=481"}],"curies":[{"name":"wp","href":"https:\/\/api.w.org\/{rel}","templated":true}]}}