{"id":483,"date":"2012-07-05T21:44:25","date_gmt":"2012-07-05T21:44:25","guid":{"rendered":"http:\/\/elearning.gbu.fr\/?p=483"},"modified":"2025-01-24T11:11:37","modified_gmt":"2025-01-24T09:11:37","slug":"romains-7-v-1-25","status":"publish","type":"post","link":"https:\/\/www.creusonslabible.fr\/?p=483","title":{"rendered":"Romains 7.1-25"},"content":{"rendered":"<p><strong>Note pour l&rsquo;animateur :<\/strong> Il est recommand\u00e9 \u00e0 l&rsquo;animateur de lire l&rsquo;introduction \u00e0 l&rsquo;\u00e9p\u00eetre de Paul aux Romains <a href=\"http:\/\/www.creusonslabible.fr\/?p=264\" target=\"_blank\" rel=\"noopener\">ici<\/a>.<\/p>\n<p><em> Etude r\u00e9alis\u00e9e en mars 2005 dans la s\u00e9rie de canevas sur l&rsquo;\u00e9pitre aux Romains.<\/em><\/p>\n<p><!--more--><\/p>\n<h2><a name=\"note\"><\/a>Note pour les animateurs<\/h2>\n<p>Depuis le d\u00e9but de la lettre de l&rsquo;ap\u00f4tre Paul aux Romains, nous avons rencontr\u00e9 la notion de la \u00ab loi \u00bb. Romains 7 parle du r\u00f4le de la loi dans la vie du chr\u00e9tien. Il s&rsquo;agit bien \u00e9videmment, non pas de la loi civile ou p\u00e9nale, mais de la loi de Dieu, connue \u00e9galement sous le nom de \u00ab la loi de Mo\u00efse \u00bb. Celle-ci est expos\u00e9e dans les 5 premiers livres de l&rsquo;Ancien Testament et est r\u00e9sum\u00e9e par les 10 commandements (Exode 20).<\/p>\n<p>Les auteurs de la Bible parlent de la loi de plusieurs mani\u00e8res. Parfois le mot \u00ab loi \u00bb d\u00e9signe simplement les 5 premiers livres de l&rsquo;Ancien Testament, par exemple, Josu\u00e9 1.7. Ainsi les Juifs connaissaient l&rsquo;Ancien Testament dans son ensemble sous le nom de ses 3 sections : loi, proph\u00e8tes, \u00e9crits.<br \/>\nParfois \u00ab loi \u00bb d\u00e9signait la parole de Dieu au sens large &#8211; Psaume 19.8-11 (\u00e0 noter : le parall\u00e8le entre loi, ordres, commandements). Dans Romains 7, l&rsquo;ap\u00f4tre Paul en parle \u00e0 plusieurs reprises, mais le sens qu&rsquo;il donne au mot \u00ab loi \u00bb n&rsquo;est pas toujours le m\u00eame. Par exemple, aux versets 21 et 21 Paul emploie le mot \u00ab loi \u00bb en lui donnant le sens de \u00ab principe \u00bb.<\/p>\n<h2><a name=\"intro\"><\/a>INTRODUCTION<\/h2>\n<p>Mis \u00e0 part le christianisme, aucun syst\u00e8me de pens\u00e9e n&rsquo;arrive \u00e0 expliquer le ph\u00e9nom\u00e8ne du p\u00e9ch\u00e9 chez l&rsquo;homme. Soit ils nient sa r\u00e9alit\u00e9, soit ils ne le prennent pas au s\u00e9rieux. Voici deux exemples :<\/p>\n<ul>\n<li>L&rsquo;homme n&rsquo;est qu&rsquo;une machine. Certes, cette machine est complexe et tr\u00e8s sophistiqu\u00e9e.<\/li>\n<li>Une distinction profonde existe entre le corps et l&rsquo;esprit chez l&rsquo;homme. Le corps est fait de mati\u00e8re. Comme le mal n&rsquo;existe que dans la mati\u00e8re, le corps est mauvais, mais l&rsquo;esprit de l&rsquo;homme n&rsquo;est pas touch\u00e9 par le mal.<\/li>\n<\/ul>\n<p>Quelle vision du p\u00e9ch\u00e9 donnera chacun de ces modes de pens\u00e9e ?<\/p>\n<p>L&rsquo;\u00e9tude de Romains 7 nous montrera que seulement le christianisme nous incite \u00e0 prendre le p\u00e9ch\u00e9 au s\u00e9rieux.<\/p>\n<h2><a name=\"part1\"><\/a>LE PRINCIPE ET SES ILLUSTRATIONS (7.1-3)<\/h2>\n<p>Quel est le principe que l&rsquo;ap\u00f4tre Paul \u00e9tablit au 1er verset.<\/p>\n<h2><a name=\"part2\"><\/a>L&rsquo;APPLICATION DU PRINCIPE (7.4-6)<\/h2>\n<p>Par rapport aux illustrations de 7.2-3, il y a eu un glissement dans l&rsquo;argument de Paul.<\/p>\n<ol>\n<li>Selon lui, qui est mort maintenant ?<\/li>\n<li>Pourquoi trouvez-vous \u00e9tonnante cette conclusion ?<br \/>\nSelon l&rsquo;ap\u00f4tre Paul, il existe un lien fort entre la chair, le p\u00e9ch\u00e9 et la mort.<\/li>\n<li>Avant notre mort, \u00e9voqu\u00e9e au verset 6 qu&rsquo;est-ce qui nous tenait captifs ?<\/li>\n<\/ol>\n<h2><a name=\"part3\"><\/a>D\u00c9VELOPPEMENT : l&rsquo;effet de la loi sur l&rsquo;homme p\u00e9cheur (7.7-25)<\/h2>\n<p>Paul semble vouloir \u00e9viter \u00e0 tout prix de d\u00e9nigrer la loi.<br \/>\nTrouvez tous les versets dans le passage qui indiquent que la loi est bonne.<\/p>\n<ol>\n<li>Pourquoi donc quelque chose qui est bon peut-il produire un si mauvais r\u00e9sultat ?<\/li>\n<li>Quelle est donc la fonction de la loi vis-\u00e0-vis du p\u00e9ch\u00e9 ?<br \/>\n\u00ab La loi \u00e9tait bonne, mais elle s&rsquo;est trouv\u00e9e impuissante et s&rsquo;est faite d\u00e9tourn\u00e9e par le p\u00e9ch\u00e9. \u00bb. Une telle pens\u00e9e conduit l&rsquo;ap\u00f4tre Paul \u00e0 dire qu&rsquo;il est malheureux (verset 24)<\/li>\n<li>Quelle est l&rsquo;issue de cette impasse selon lui ?<\/li>\n<\/ol>\n<h2><a name=\"conclu\"><\/a>CONCLUSION<\/h2>\n<p>La vision chr\u00e9tienne du p\u00e9ch\u00e9 chez l&rsquo;homme (croyant et non-croyant) est subtile, mais puissante car elle correspond \u00e0 notre exp\u00e9rience.<\/p>\n<p>Discutez ensemble les id\u00e9es expos\u00e9es dans les paragraphes suivants :<\/p>\n<ul>\n<li>Je suis enti\u00e8rement responsable de mes mauvaises actions. Je ne peux pas rejeter la faute sur l&rsquo;autre, car c&rsquo;est moi-m\u00eame qui bafoue les commandements de Dieu. L&rsquo;id\u00e9e m\u00eame des commandements sous-entend l&rsquo;id\u00e9e que je suis responsable de mes actes.<\/li>\n<li>Il y a une force qui agit en moi qui, malgr\u00e9 moi, me tend vers le mal.<\/li>\n<\/ul>\n<p>Comment ces deux id\u00e9es peuvent-elles \u00eatre toutes les deux vraies ?<\/p>\n<div><em> Remarque : Il s&rsquo;agit d&rsquo;une r\u00e9alit\u00e9 complexe qui s&rsquo;accorde avec notre exp\u00e9rience de vie. <\/em><\/div>\n","protected":false},"excerpt":{"rendered":"<p>Note pour l&rsquo;animateur : Il est recommand\u00e9 \u00e0 l&rsquo;animateur de lire l&rsquo;introduction \u00e0 l&rsquo;\u00e9p\u00eetre de Paul aux Romains ici. Etude r\u00e9alis\u00e9e en mars 2005 dans la s\u00e9rie de canevas sur l&rsquo;\u00e9pitre aux Romains.<\/p>\n","protected":false},"author":2,"featured_media":2250,"comment_status":"open","ping_status":"open","sticky":false,"template":"","format":"standard","meta":{"_acf_changed":false,"_eb_attr":"","advgb_blocks_editor_width":"","advgb_blocks_columns_visual_guide":"","footnotes":""},"categories":[10],"tags":[651,262,655,23,149,559],"video":[],"audio":[],"ecrit":[],"mis-en-avant":[],"redacteur":[],"type-darticle":[],"class_list":["post-483","post","type-post","status-publish","format-standard","has-post-thumbnail","hentry","category-discussions-autour-de-la-bible","tag-ecrit","tag-loi","tag-lutte","tag-nouveau-testament","tag-peche","tag-romains"],"blocksy_meta":[],"acf":[],"featured_image_src":"https:\/\/www.creusonslabible.fr\/wp-content\/uploads\/2012\/07\/Romains-1.jpg","author_info":{"display_name":"caillou","author_link":"https:\/\/www.creusonslabible.fr\/?author=2"},"author_meta":{"display_name":"caillou","author_link":"https:\/\/www.creusonslabible.fr\/?author=2"},"featured_img":"https:\/\/www.creusonslabible.fr\/wp-content\/uploads\/2012\/07\/Romains-1.jpg","coauthors":[],"tax_additional":{"categories":{"linked":["<a href=\"https:\/\/www.creusonslabible.fr\/?cat=10\" class=\"advgb-post-tax-term\">Discussions autour de la Bible<\/a>"],"unlinked":["<span class=\"advgb-post-tax-term\">Discussions autour de la Bible<\/span>"]},"tags":{"linked":["<a href=\"https:\/\/www.creusonslabible.fr\/?cat=10\" class=\"advgb-post-tax-term\">\u00e9crit<\/a>","<a href=\"https:\/\/www.creusonslabible.fr\/?cat=10\" class=\"advgb-post-tax-term\">loi<\/a>","<a href=\"https:\/\/www.creusonslabible.fr\/?cat=10\" class=\"advgb-post-tax-term\">lutte<\/a>","<a href=\"https:\/\/www.creusonslabible.fr\/?cat=10\" class=\"advgb-post-tax-term\">Nouveau-Testament<\/a>","<a href=\"https:\/\/www.creusonslabible.fr\/?cat=10\" class=\"advgb-post-tax-term\">p\u00e9ch\u00e9<\/a>","<a href=\"https:\/\/www.creusonslabible.fr\/?cat=10\" class=\"advgb-post-tax-term\">romains<\/a>"],"unlinked":["<span class=\"advgb-post-tax-term\">\u00e9crit<\/span>","<span class=\"advgb-post-tax-term\">loi<\/span>","<span class=\"advgb-post-tax-term\">lutte<\/span>","<span class=\"advgb-post-tax-term\">Nouveau-Testament<\/span>","<span class=\"advgb-post-tax-term\">p\u00e9ch\u00e9<\/span>","<span class=\"advgb-post-tax-term\">romains<\/span>"]}},"comment_count":"0","relative_dates":{"created":"Publi\u00e9 14 ans il y a","modified":"Mis \u00e0 jour 1 an il y a"},"absolute_dates":{"created":"Publi\u00e9 le 5 juillet 2012","modified":"Mise \u00e0 jour le 24 janvier 2025"},"absolute_dates_time":{"created":"Publi\u00e9 le 5 juillet 2012 21h44","modified":"Mise \u00e0 jour le 24 janvier 2025 11h11"},"featured_img_caption":"","series_order":"","meta_box":[],"_links":{"self":[{"href":"https:\/\/www.creusonslabible.fr\/index.php?rest_route=\/wp\/v2\/posts\/483","targetHints":{"allow":["GET"]}}],"collection":[{"href":"https:\/\/www.creusonslabible.fr\/index.php?rest_route=\/wp\/v2\/posts"}],"about":[{"href":"https:\/\/www.creusonslabible.fr\/index.php?rest_route=\/wp\/v2\/types\/post"}],"author":[{"embeddable":true,"href":"https:\/\/www.creusonslabible.fr\/index.php?rest_route=\/wp\/v2\/users\/2"}],"replies":[{"embeddable":true,"href":"https:\/\/www.creusonslabible.fr\/index.php?rest_route=%2Fwp%2Fv2%2Fcomments&post=483"}],"version-history":[{"count":1,"href":"https:\/\/www.creusonslabible.fr\/index.php?rest_route=\/wp\/v2\/posts\/483\/revisions"}],"predecessor-version":[{"id":10808,"href":"https:\/\/www.creusonslabible.fr\/index.php?rest_route=\/wp\/v2\/posts\/483\/revisions\/10808"}],"wp:featuredmedia":[{"embeddable":true,"href":"https:\/\/www.creusonslabible.fr\/index.php?rest_route=\/wp\/v2\/media\/2250"}],"wp:attachment":[{"href":"https:\/\/www.creusonslabible.fr\/index.php?rest_route=%2Fwp%2Fv2%2Fmedia&parent=483"}],"wp:term":[{"taxonomy":"category","embeddable":true,"href":"https:\/\/www.creusonslabible.fr\/index.php?rest_route=%2Fwp%2Fv2%2Fcategories&post=483"},{"taxonomy":"post_tag","embeddable":true,"href":"https:\/\/www.creusonslabible.fr\/index.php?rest_route=%2Fwp%2Fv2%2Ftags&post=483"},{"taxonomy":"video","embeddable":true,"href":"https:\/\/www.creusonslabible.fr\/index.php?rest_route=%2Fwp%2Fv2%2Fvideo&post=483"},{"taxonomy":"audio","embeddable":true,"href":"https:\/\/www.creusonslabible.fr\/index.php?rest_route=%2Fwp%2Fv2%2Faudio&post=483"},{"taxonomy":"ecrit","embeddable":true,"href":"https:\/\/www.creusonslabible.fr\/index.php?rest_route=%2Fwp%2Fv2%2Fecrit&post=483"},{"taxonomy":"mis-en-avant","embeddable":true,"href":"https:\/\/www.creusonslabible.fr\/index.php?rest_route=%2Fwp%2Fv2%2Fmis-en-avant&post=483"},{"taxonomy":"redacteur","embeddable":true,"href":"https:\/\/www.creusonslabible.fr\/index.php?rest_route=%2Fwp%2Fv2%2Fredacteur&post=483"},{"taxonomy":"type-darticle","embeddable":true,"href":"https:\/\/www.creusonslabible.fr\/index.php?rest_route=%2Fwp%2Fv2%2Ftype-darticle&post=483"}],"curies":[{"name":"wp","href":"https:\/\/api.w.org\/{rel}","templated":true}]}}