{"id":489,"date":"2012-07-05T21:46:20","date_gmt":"2012-07-05T21:46:20","guid":{"rendered":"http:\/\/elearning.gbu.fr\/?p=489"},"modified":"2025-01-24T11:23:23","modified_gmt":"2025-01-24T09:23:23","slug":"romains-5-v12-a-21","status":"publish","type":"post","link":"https:\/\/www.creusonslabible.fr\/?p=489","title":{"rendered":"Romains 5.12-21"},"content":{"rendered":"<p><em> Etude r\u00e9alis\u00e9e en f\u00e9vrier 2005 dans la s\u00e9rie de canevas sur l&rsquo;\u00e9pitre aux Romains.<\/em><\/p>\n<h2><a name=\"intro\"><\/a>QUESTIONS D&rsquo;INTRODUCTION<\/h2>\n<p>Racontez une situation (historique ou dans votre vie) o\u00f9 l&rsquo;action d&rsquo;une personne \/ d&rsquo;un petit groupe de personnes a eu des cons\u00e9quences pour beaucoup de personnes.<\/p>\n<p><!--more--><\/p>\n<h2><a name=\"ctxt\"><\/a>LE CONTEXTE<\/h2>\n<p>Au chapitre 5 aux versets 6-8 nous voyons que <em>\u00a0\u00bb Christ est mort pour nous \u00ab\u00a0<\/em>. Au verset 7 l&rsquo;id\u00e9e qu&rsquo;une personne meurt \u00e0 la place d&rsquo;une autre semble envisageable. Mais quelqu&rsquo;un pourrait poser la question : Comment une personne peut-elle mourir pour beaucoup d&rsquo;autres ? Comment \u00e7a marche ? Est-ce juste ? Le passage au 5.12-21 r\u00e9pond \u00e0 cette question et nous montre un peu plus l&rsquo;\u00e9tendue de la mort de J\u00e9sus.<\/p>\n<p>Lisez le passage.<\/p>\n<h2><a name=\"definitions\"><\/a>MOTS TECHNIQUES \u00c0 EXPLIQUER<\/h2>\n<ul>\n<ul>\n<li><span style=\"text-decoration: underline;\">Le p\u00e9ch\u00e9 (v.12 etc.) :<\/span> la r\u00e9bellion contre Dieu<\/li>\n<\/ul>\n<\/ul>\n<p>&nbsp;<\/p>\n<ul>\n<ul>\n<li><span style=\"text-decoration: underline;\">La gr\u00e2ce (v.15 etc.) :<\/span> la faveur imm\u00e9rit\u00e9e de Dieu, un don gratuit<\/li>\n<\/ul>\n<\/ul>\n<p>&nbsp;<\/p>\n<ul>\n<ul>\n<li><span style=\"text-decoration: underline;\">La justification \/ la justice \/ juste (v.16 etc.) :<\/span> le fait d&rsquo;\u00eatre d\u00e9clar\u00e9 innocent<\/li>\n<\/ul>\n<\/ul>\n<p>&nbsp;<\/p>\n<h2><a name=\"letude\"><\/a>Etude<\/h2>\n<ol>\n<ol>\n<li>D\u00e9coupez le passage, en faisant attention aux mots de liaison \/ d&rsquo;explication, par exemple \u00a0\u00bb car&#8230; \u00ab\u00a0. Il se peut qu&rsquo;il y ait des parenth\u00e8ses et que la structure soit un peu plus compliqu\u00e9e que dans d&rsquo;autres passages. Quels sont les th\u00e8mes en chaque partie ?<\/li>\n<\/ol>\n<\/ol>\n<p>&nbsp;<\/p>\n<ol>\n<ol>\n<li>Au verset 12, quel est le r\u00e9sultat de l&rsquo;action de cet homme, et pourquoi ?<\/li>\n<\/ol>\n<\/ol>\n<p>&nbsp;<\/p>\n<ol>\n<ol>\n<li>Aux versets 13-14, quelle est la relation entre le p\u00e9ch\u00e9 et la loi ? Pourquoi parle-t-on d&rsquo;une \u00a0\u00bb transgression \u00a0\u00bb dans le cas d&rsquo;Adam ?<\/li>\n<\/ol>\n<\/ol>\n<p>&nbsp;<\/p>\n<ol>\n<ol>\n<li>C&rsquo;\u00e9tait \u00e0 travers Mo\u00efse que Dieu a donn\u00e9 la loi, bien des g\u00e9n\u00e9rations apr\u00e8s la vie d&rsquo;Adam. Si \u00a0\u00bb Le p\u00e9ch\u00e9 n&rsquo;est pas mis en compte, quand il n&rsquo;y a pas de loi \u00a0\u00bb (v.13), comment cela se fait-il que \u00a0\u00bb la mort a r\u00e9gn\u00e9 depuis Adam jusqu&rsquo;\u00e0 Mo\u00efse \u00a0\u00bb (v.14), d&rsquo;abord sur Adam, ensuite sur tous les hommes ?<br \/>\nV. 14 dit qu&rsquo;Adam avait transgress\u00e9 un commandement de Dieu, m\u00eame s&rsquo;il n&rsquo;avait pas la loi. Mais ce n&rsquo;est pas le cas pour tous les autres. Pourtant \u00a0\u00bb tous ont p\u00e9ch\u00e9 \u00a0\u00bb (v.12).<\/li>\n<\/ol>\n<\/ol>\n<p>&nbsp;<\/p>\n<ol>\n<ol>\n<li>Quel a \u00e9t\u00e9 le r\u00f4le d&rsquo;Adam dans tout cela ? Dans quel sens est-ce que \u00a0\u00bb tous ont p\u00e9ch\u00e9 \u00a0\u00bb (v.12) ?<br \/>\nL&rsquo;id\u00e9e qui semble mieux expliquer ces versets est qu&rsquo;Adam \u00e9tait le repr\u00e9sentant de tous les hommes, et que tous ont p\u00e9ch\u00e9 en lui, en participant en quelque sorte \u00e0 son p\u00e9ch\u00e9. C&rsquo;est la m\u00eame id\u00e9e lorsqu&rsquo;une \u00e9quipe de foot ou un athl\u00e8te repr\u00e9sente son pays, mais tous les citoyens de ce pays peuvent dire qu&rsquo;ils ont gagn\u00e9.<\/li>\n<\/ol>\n<\/ol>\n<p>&nbsp;<\/p>\n<ol>\n<ol>\n<li>Aux versets 15-21, quelles sont les ressemblances et quelle sont les diff\u00e9rences entre l&rsquo;action d&rsquo;Adam et celle de J\u00e9sus ? Faites un sch\u00e9ma pour comparer la vie de ceux qui sont repr\u00e9sent\u00e9s par Adam et ceux qui sont repr\u00e9sent\u00e9s par J\u00e9sus (qui r\u00e8gne, \u00e0 quoi ressemble la vie, quel sera l&rsquo;avenir).<\/li>\n<\/ol>\n<\/ol>\n<p>&nbsp;<\/p>\n<ol>\n<ol>\n<li>Comment passer d&rsquo;un domaine \u00e0 l&rsquo;autre ?\n<div><em> NB le passage parle de \u00a0\u00bb tous les hommes \u00a0\u00bb et de \u00a0\u00bb beaucoup \u00ab\u00a0. Ces termes soulignent le fait que l&rsquo;action d&rsquo;une personne a eu des cons\u00e9quences pour beaucoup. Ils ne veulent pas sugg\u00e9rer que tous les hommes b\u00e9n\u00e9ficient de la mort de J\u00e9sus et seront sauv\u00e9s, comme nous le montre le verset 17. Nous pourrions dire que, selon le contexte, le mot \u00a0\u00bb tous \u00a0\u00bb peut signifier \u00a0\u00bb tous sans exception \u00a0\u00bb ( litt\u00e9ralement tout le monde ) ou bien \u00a0\u00bb tous sans distinction \u00a0\u00bb ( qui viennent de tous les pays \/ milieux du monde, comme nous le dit par exemple Apocalypse 7.9 ). <\/em><\/div>\n<\/li>\n<\/ol>\n<\/ol>\n<p>&nbsp;<\/p>\n<ol>\n<li>(\u00e0 sauter si vous n&rsquo;avez pas le temps) : Si nous \u00e9tions tous p\u00e9cheurs et condamn\u00e9s sans la loi, \u00e0 quoi sert la loi (v.20) ?<br \/>\nA nous montrer la gravit\u00e9 et l&rsquo;ampleur du p\u00e9ch\u00e9 (voir aussi Romains 7.7-8) et alors la merveille et la puissance de la gr\u00e2ce.<\/li>\n<\/ol>\n<h2><a name=\"appli\"><\/a>APPLICATION :<\/h2>\n<ol>\n<ol>\n<li>Pour ceux qui ne sont pas convaincus par le message de la Bible (et pour les autres !) : Les chr\u00e9tiens disent souvent que J\u00e9sus les a sauv\u00e9s. Comment ce passage nous aide-t-il \u00e0 voir ce que cela signifie ? Est-ce que vous pensez que c&rsquo;est un vrai besoin pour les gens de nos jours ?<\/li>\n<\/ol>\n<\/ol>\n<p>&nbsp;<\/p>\n<ol>\n<ol>\n<li>Pour les chr\u00e9tiens : Lorsque nous disons \u00a0\u00bb J\u00e9sus m&rsquo;a sauv\u00e9 \u00a0\u00bb nous avons souvent une id\u00e9e trop petite de ce que cela veut dire. Comment ce passage nous aide-t-il \u00e0 voir l&rsquo;\u00e9tendue de ce que J\u00e9sus a fait ?<\/li>\n<\/ol>\n<\/ol>\n<p>&nbsp;<\/p>\n<ol>\n<li>Pour les chr\u00e9tiens : Regardez de nouveau le sch\u00e9ma que vous avez fait pour la question 5. Que chacun choisisse un aspect pour lequel il est reconnaissant \/ par lequel il a \u00e9t\u00e9 frapp\u00e9 ! Comment vivre cette r\u00e9alit\u00e9 de plus en plus (en personnes non condamn\u00e9es, justifi\u00e9es, sous le r\u00e8gne de la gr\u00e2ce, etc.) ? Qu&rsquo;est-ce que cela implique pour notre vie de tous les jours ?<\/li>\n<\/ol>\n","protected":false},"excerpt":{"rendered":"<p>Etude r\u00e9alis\u00e9e en f\u00e9vrier 2005 dans la s\u00e9rie de canevas sur l&rsquo;\u00e9pitre aux Romains. QUESTIONS D&rsquo;INTRODUCTION Racontez une situation (historique ou dans votre vie) o\u00f9 l&rsquo;action d&rsquo;une personne \/ d&rsquo;un petit groupe de personnes a eu des cons\u00e9quences pour beaucoup de personnes.<\/p>\n","protected":false},"author":2,"featured_media":2250,"comment_status":"open","ping_status":"open","sticky":false,"template":"","format":"standard","meta":{"_acf_changed":false,"_eb_attr":"","advgb_blocks_editor_width":"","advgb_blocks_columns_visual_guide":"","footnotes":""},"categories":[10],"tags":[651,23,559],"video":[],"audio":[],"ecrit":[],"mis-en-avant":[],"redacteur":[],"type-darticle":[],"class_list":["post-489","post","type-post","status-publish","format-standard","has-post-thumbnail","hentry","category-discussions-autour-de-la-bible","tag-ecrit","tag-nouveau-testament","tag-romains"],"blocksy_meta":[],"acf":[],"featured_image_src":"https:\/\/www.creusonslabible.fr\/wp-content\/uploads\/2012\/07\/Romains-1.jpg","author_info":{"display_name":"caillou","author_link":"https:\/\/www.creusonslabible.fr\/?author=2"},"author_meta":{"display_name":"caillou","author_link":"https:\/\/www.creusonslabible.fr\/?author=2"},"featured_img":"https:\/\/www.creusonslabible.fr\/wp-content\/uploads\/2012\/07\/Romains-1.jpg","coauthors":[],"tax_additional":{"categories":{"linked":["<a href=\"https:\/\/www.creusonslabible.fr\/?cat=10\" class=\"advgb-post-tax-term\">Discussions autour de la Bible<\/a>"],"unlinked":["<span class=\"advgb-post-tax-term\">Discussions autour de la Bible<\/span>"]},"tags":{"linked":["<a href=\"https:\/\/www.creusonslabible.fr\/?cat=10\" class=\"advgb-post-tax-term\">\u00e9crit<\/a>","<a href=\"https:\/\/www.creusonslabible.fr\/?cat=10\" class=\"advgb-post-tax-term\">Nouveau-Testament<\/a>","<a href=\"https:\/\/www.creusonslabible.fr\/?cat=10\" class=\"advgb-post-tax-term\">romains<\/a>"],"unlinked":["<span class=\"advgb-post-tax-term\">\u00e9crit<\/span>","<span class=\"advgb-post-tax-term\">Nouveau-Testament<\/span>","<span class=\"advgb-post-tax-term\">romains<\/span>"]}},"comment_count":"0","relative_dates":{"created":"Publi\u00e9 14 ans il y a","modified":"Mis \u00e0 jour 1 an il y a"},"absolute_dates":{"created":"Publi\u00e9 le 5 juillet 2012","modified":"Mise \u00e0 jour le 24 janvier 2025"},"absolute_dates_time":{"created":"Publi\u00e9 le 5 juillet 2012 21h46","modified":"Mise \u00e0 jour le 24 janvier 2025 11h23"},"featured_img_caption":"","series_order":"","meta_box":[],"_links":{"self":[{"href":"https:\/\/www.creusonslabible.fr\/index.php?rest_route=\/wp\/v2\/posts\/489","targetHints":{"allow":["GET"]}}],"collection":[{"href":"https:\/\/www.creusonslabible.fr\/index.php?rest_route=\/wp\/v2\/posts"}],"about":[{"href":"https:\/\/www.creusonslabible.fr\/index.php?rest_route=\/wp\/v2\/types\/post"}],"author":[{"embeddable":true,"href":"https:\/\/www.creusonslabible.fr\/index.php?rest_route=\/wp\/v2\/users\/2"}],"replies":[{"embeddable":true,"href":"https:\/\/www.creusonslabible.fr\/index.php?rest_route=%2Fwp%2Fv2%2Fcomments&post=489"}],"version-history":[{"count":1,"href":"https:\/\/www.creusonslabible.fr\/index.php?rest_route=\/wp\/v2\/posts\/489\/revisions"}],"predecessor-version":[{"id":10844,"href":"https:\/\/www.creusonslabible.fr\/index.php?rest_route=\/wp\/v2\/posts\/489\/revisions\/10844"}],"wp:featuredmedia":[{"embeddable":true,"href":"https:\/\/www.creusonslabible.fr\/index.php?rest_route=\/wp\/v2\/media\/2250"}],"wp:attachment":[{"href":"https:\/\/www.creusonslabible.fr\/index.php?rest_route=%2Fwp%2Fv2%2Fmedia&parent=489"}],"wp:term":[{"taxonomy":"category","embeddable":true,"href":"https:\/\/www.creusonslabible.fr\/index.php?rest_route=%2Fwp%2Fv2%2Fcategories&post=489"},{"taxonomy":"post_tag","embeddable":true,"href":"https:\/\/www.creusonslabible.fr\/index.php?rest_route=%2Fwp%2Fv2%2Ftags&post=489"},{"taxonomy":"video","embeddable":true,"href":"https:\/\/www.creusonslabible.fr\/index.php?rest_route=%2Fwp%2Fv2%2Fvideo&post=489"},{"taxonomy":"audio","embeddable":true,"href":"https:\/\/www.creusonslabible.fr\/index.php?rest_route=%2Fwp%2Fv2%2Faudio&post=489"},{"taxonomy":"ecrit","embeddable":true,"href":"https:\/\/www.creusonslabible.fr\/index.php?rest_route=%2Fwp%2Fv2%2Fecrit&post=489"},{"taxonomy":"mis-en-avant","embeddable":true,"href":"https:\/\/www.creusonslabible.fr\/index.php?rest_route=%2Fwp%2Fv2%2Fmis-en-avant&post=489"},{"taxonomy":"redacteur","embeddable":true,"href":"https:\/\/www.creusonslabible.fr\/index.php?rest_route=%2Fwp%2Fv2%2Fredacteur&post=489"},{"taxonomy":"type-darticle","embeddable":true,"href":"https:\/\/www.creusonslabible.fr\/index.php?rest_route=%2Fwp%2Fv2%2Ftype-darticle&post=489"}],"curies":[{"name":"wp","href":"https:\/\/api.w.org\/{rel}","templated":true}]}}