{"id":491,"date":"2012-07-05T21:46:58","date_gmt":"2012-07-05T21:46:58","guid":{"rendered":"http:\/\/elearning.gbu.fr\/?p=491"},"modified":"2025-01-24T11:23:22","modified_gmt":"2025-01-24T09:23:22","slug":"romains-5-v1-11","status":"publish","type":"post","link":"https:\/\/www.creusonslabible.fr\/?p=491","title":{"rendered":"Romains 5.1-11"},"content":{"rendered":"<p><em> Etude r\u00e9alis\u00e9e en janvier 2005 dans la s\u00e9rie de canevas sur l&rsquo;\u00e9pitre aux Romains.<\/em><\/p>\n<p><strong>Note pour l&rsquo;animateur :<\/strong> Il est recommand\u00e9 \u00e0 l&rsquo;animateur de lire l&rsquo;introduction \u00e0 l&rsquo;\u00e9p\u00eetre de Paul aux Romains <a href=\"http:\/\/www.creusonslabible.fr\/?p=264\" target=\"_blank\" rel=\"noopener\">ici<\/a>.<\/p>\n<h2><a name=\"intro\"><\/a>QUESTIONS D&rsquo;INTRODUCTION :<\/h2>\n<p><em> \u00ab C&rsquo;est Dieu le juge. Nous ne le sommes pas. C&rsquo;est lui seul qui peut dire si quelqu&rsquo;un a le Salut ou pas. Nous le saurons seulement au dernier jour lors du jugement \u00bb <\/em><\/p>\n<p>Discuter cette d\u00e9claration.<\/p>\n<p><!--more--><\/p>\n<div><em> L&rsquo;id\u00e9e est d&rsquo;avoir une discussion ouverte, et laisser le texte r\u00e9pondre aux questions soulev\u00e9es par la suite. <\/em><\/div>\n<p>Lire le chapitre 5:1-11<\/p>\n<h2><a name=\"part1\"><\/a>VERSETS 1-2 :<\/h2>\n<p>Expliquer les expressions suivantes \u00e0 la lumi\u00e8re de l&rsquo;argument de Paul dans les chapitres pr\u00e9c\u00e9dents (les renvois sont l\u00e0 uniquement si les gens ont besoin d&rsquo;un rappel.) :<\/p>\n<ul>\n<li>\u00ab justifi\u00e9s par la foi \u00bb (cf. 3.21-4.25)<\/li>\n<li>\u00ab la paix avec Dieu \u00bb (cf. 1.18ss et 2.5-6)<\/li>\n<li>\u00ab par notre Seigneur J\u00e9sus Christ \u00bb (cf. 3.21-26)<\/li>\n<li>\u00ab la gr\u00e2ce \u00bb (cf. 3.24 ; 4.1-8)<\/li>\n<\/ul>\n<p>Tr\u00e8s souvent, on pense que d&rsquo;\u00eatre en paix avec Dieu est un \u00e9tat \u00e9motionnel. Est-ce que c&rsquo;est une compr\u00e9hension ad\u00e9quate de l&rsquo;id\u00e9e au v1 ? (C&rsquo;est l\u00e0 o\u00f9 les renvois \u00e0 1.18ss et 2.5-6 deviennent importants.)<\/p>\n<p>Qu&rsquo;est-ce qui fait que ce changement de rapports entre Dieu et nous soit possible ?<\/p>\n<p>L&rsquo;expression \u00ab la gloire de Dieu \u00bb est un peu opaque. Qu&rsquo;apprenons-nous \u00e0 ce sujet au ch 8.19-21 ? En quoi est-ce quelque chose dont nous pouvons \u00eatre fiers \/ nous glorifier ?<\/p>\n<h2><a name=\"part2\"><\/a>VERSETS 3-4 :<\/h2>\n<p>Au v4, Paul introduit un deuxi\u00e8me sujet de gloire : les afflictions. Quelle raison donne-t-il \u00e0 sa fiert\u00e9 face aux afflictions ?<\/p>\n<p>Normalement on dit que l&rsquo;esp\u00e9rance chr\u00e9tienne produit la pers\u00e9v\u00e9rance et la fid\u00e9lit\u00e9 \u00e9prouv\u00e9e. Mais selon Paul, l&rsquo;esp\u00e9rance est le produit des \u00e9preuves. Quelle est la logique derri\u00e8re son raisonnement ?<\/p>\n<div><em> Note \u00e0 l&rsquo;animateur :<br \/>\ncomme l&rsquo;esp\u00e9rance est d\u00e9j\u00e0 pr\u00e9sente au v2, il ne s&rsquo;agit pas de la cr\u00e9ation de l&rsquo;esp\u00e9rance \u00e0 partir de rien, mais plut\u00f4t d&rsquo;un renforcement de cette esp\u00e9rance de base par une prise de conscience plus importante de celle-ci que si tout allait bien. Si le groupe n&rsquo;avance pas vers cette conclusion, peut-\u00eatre la question suivante pourrait aider : Lorsque tout va \u00e0 merveille, quel int\u00e9r\u00eat portons-nous \u00e0 notre esp\u00e9rance ? <\/em><\/div>\n<h2><a name=\"part3\"><\/a>VERSETS 5-10 :<\/h2>\n<p>Les paroles de Marx \u00ab la religion est l&rsquo;opium du peuple \u00bb est une r\u00e9action que l&rsquo;on pourrait avoir face aux vv3-4. Elles sous-entendent que notre esp\u00e9rance est trompeuse. Quel est l&rsquo;argument global que Paul avance pour dire le contraire (vv5-10) ?<\/p>\n<div><em>[Faites attention \u00e0 l&rsquo;encha\u00eenement des id\u00e9es.]<\/em><\/div>\n<p>Quelques pistes pour mieux comprendre le d\u00e9tail de son argument :<\/p>\n<ul>\n<ul>\n<li>relevez le temps des verbes aux vv 5-10 (c&rsquo;est peut-\u00eatre l&rsquo;indice le plus important)<\/li>\n<\/ul>\n<\/ul>\n<p>&nbsp;<\/p>\n<ul>\n<ul>\n<li>Quelle est l&rsquo;importance du temps des verbes :\n<ol>\n<li>aux vv 6-8 ? (si n\u00e9cessaire pose cette question : quand Dieu a-t-il prouv\u00e9 son amour pour nous ? cf. aussi le v10)<\/li>\n<li>aux vv 9-10 ? (Pourquoi \u00ab \u00e0 plus forte raison \u00bb ?)<\/li>\n<\/ol>\n<\/li>\n<\/ul>\n<\/ul>\n<p>&nbsp;<\/p>\n<ul>\n<ul>\n<li>Quel est le rapport entre les vv 6-8 et 9-10 dans son argument ?<\/li>\n<\/ul>\n<\/ul>\n<p>&nbsp;<\/p>\n<ul>\n<ul>\n<li>Quel est le lien entre le v5 et la suite de l&rsquo;argument des vv 6-10 ? (remarquons le \u00ab car \u00bb du v6.)<\/li>\n<\/ul>\n<\/ul>\n<p>&nbsp;<\/p>\n<ul>\n<li>Qu&rsquo;est-ce l&rsquo;amour que l&rsquo;Esprit r\u00e9pand dans nos coeurs ? (Remarquons le temps des verbes \u00ab r\u00e9pandre l&rsquo;amour de Dieu \u00bb (v5) et \u00ab prouver son amour \u00bb (v8).)<\/li>\n<\/ul>\n<p>Revenons aux paroles de Marx. Pourquoi notre esp\u00e9rance ne nous trompe-t-elle pas ?<\/p>\n<h2><a name=\"part4\"><\/a>VERSET 11 :<\/h2>\n<p>Comparez les vv 1 et 11. Qu&rsquo;y a-t-il en commun ?<\/p>\n<p>Qu&rsquo;y a-t-il de plus dans l&rsquo;id\u00e9e de r\u00e9conciliation vis-\u00e0-vis de celle de paix ?<\/p>\n<p>En quoi donc est-ce un sujet de gloire ?<\/p>\n<h2><a name=\"appli\"><\/a>APPLICATION :<\/h2>\n<div><em> <span style=\"text-decoration: underline;\">Note \u00e0 l&rsquo;animateur :<\/span> il y a trois questions d&rsquo;application. Il sera peut-\u00eatre n\u00e9cessaire de faire la premi\u00e8re, car elle rebondit sur l&rsquo;introduction. Pour les deux autres, \u00e0 toi de choisir, en fonction de ton groupe, et du temps. <\/em><\/div>\n<p>Revenons \u00e0 la d\u00e9claration que nous avons discut\u00e9e au d\u00e9but. \u00c0 la lumi\u00e8re de ce passage comment r\u00e9pondriez-vous \u00e0 quelqu&rsquo;un qui tiendrait ces propos ?<\/p>\n<p>Imaginons qu&rsquo;un ami chr\u00e9tien passe par des moments tr\u00e8s difficile. Il commence \u00e0 douter que Dieu l&rsquo;aime, car si Dieu l&rsquo;aimait, il ne permettrait certainement pas que cela lui arrive. Comment lui r\u00e9pondriez-vous ?<\/p>\n<p>\u00c0 deux : Est-ce que le fait d&rsquo;\u00eatre chr\u00e9tien(ne) est un sujet de gloire ou de fiert\u00e9 pour toi en ce temps-ci ? Si ce n&rsquo;est pas le cas, comment ce passage peut-il changer ta perspective ? Priez \u00e0 deux pour ce changement de perspective.<\/p>\n","protected":false},"excerpt":{"rendered":"<p>Etude r\u00e9alis\u00e9e en janvier 2005 dans la s\u00e9rie de canevas sur l&rsquo;\u00e9pitre aux Romains. Note pour l&rsquo;animateur : Il est recommand\u00e9 \u00e0 l&rsquo;animateur de lire l&rsquo;introduction \u00e0 l&rsquo;\u00e9p\u00eetre de Paul aux Romains ici. QUESTIONS D&rsquo;INTRODUCTION : \u00ab C&rsquo;est Dieu le juge. Nous ne le sommes pas. C&rsquo;est lui seul qui peut dire si quelqu&rsquo;un a [&hellip;]<\/p>\n","protected":false},"author":2,"featured_media":2250,"comment_status":"open","ping_status":"open","sticky":false,"template":"","format":"standard","meta":{"_acf_changed":false,"_eb_attr":"","advgb_blocks_editor_width":"","advgb_blocks_columns_visual_guide":"","footnotes":""},"categories":[10],"tags":[651,23,749,288,559],"video":[],"audio":[],"ecrit":[],"mis-en-avant":[],"redacteur":[],"type-darticle":[],"class_list":["post-491","post","type-post","status-publish","format-standard","has-post-thumbnail","hentry","category-discussions-autour-de-la-bible","tag-ecrit","tag-nouveau-testament","tag-paix","tag-reconciliation","tag-romains"],"blocksy_meta":[],"acf":[],"featured_image_src":"https:\/\/www.creusonslabible.fr\/wp-content\/uploads\/2012\/07\/Romains-1.jpg","author_info":{"display_name":"caillou","author_link":"https:\/\/www.creusonslabible.fr\/?author=2"},"author_meta":{"display_name":"caillou","author_link":"https:\/\/www.creusonslabible.fr\/?author=2"},"featured_img":"https:\/\/www.creusonslabible.fr\/wp-content\/uploads\/2012\/07\/Romains-1.jpg","coauthors":[],"tax_additional":{"categories":{"linked":["<a href=\"https:\/\/www.creusonslabible.fr\/?cat=10\" class=\"advgb-post-tax-term\">Discussions autour de la Bible<\/a>"],"unlinked":["<span class=\"advgb-post-tax-term\">Discussions autour de la Bible<\/span>"]},"tags":{"linked":["<a href=\"https:\/\/www.creusonslabible.fr\/?cat=10\" class=\"advgb-post-tax-term\">\u00e9crit<\/a>","<a href=\"https:\/\/www.creusonslabible.fr\/?cat=10\" class=\"advgb-post-tax-term\">Nouveau-Testament<\/a>","<a href=\"https:\/\/www.creusonslabible.fr\/?cat=10\" class=\"advgb-post-tax-term\">paix<\/a>","<a href=\"https:\/\/www.creusonslabible.fr\/?cat=10\" class=\"advgb-post-tax-term\">r\u00e9conciliation<\/a>","<a href=\"https:\/\/www.creusonslabible.fr\/?cat=10\" class=\"advgb-post-tax-term\">romains<\/a>"],"unlinked":["<span class=\"advgb-post-tax-term\">\u00e9crit<\/span>","<span class=\"advgb-post-tax-term\">Nouveau-Testament<\/span>","<span class=\"advgb-post-tax-term\">paix<\/span>","<span class=\"advgb-post-tax-term\">r\u00e9conciliation<\/span>","<span class=\"advgb-post-tax-term\">romains<\/span>"]}},"comment_count":"0","relative_dates":{"created":"Publi\u00e9 14 ans il y a","modified":"Mis \u00e0 jour 1 an il y a"},"absolute_dates":{"created":"Publi\u00e9 le 5 juillet 2012","modified":"Mise \u00e0 jour le 24 janvier 2025"},"absolute_dates_time":{"created":"Publi\u00e9 le 5 juillet 2012 21h46","modified":"Mise \u00e0 jour le 24 janvier 2025 11h23"},"featured_img_caption":"","series_order":"","meta_box":[],"_links":{"self":[{"href":"https:\/\/www.creusonslabible.fr\/index.php?rest_route=\/wp\/v2\/posts\/491","targetHints":{"allow":["GET"]}}],"collection":[{"href":"https:\/\/www.creusonslabible.fr\/index.php?rest_route=\/wp\/v2\/posts"}],"about":[{"href":"https:\/\/www.creusonslabible.fr\/index.php?rest_route=\/wp\/v2\/types\/post"}],"author":[{"embeddable":true,"href":"https:\/\/www.creusonslabible.fr\/index.php?rest_route=\/wp\/v2\/users\/2"}],"replies":[{"embeddable":true,"href":"https:\/\/www.creusonslabible.fr\/index.php?rest_route=%2Fwp%2Fv2%2Fcomments&post=491"}],"version-history":[{"count":1,"href":"https:\/\/www.creusonslabible.fr\/index.php?rest_route=\/wp\/v2\/posts\/491\/revisions"}],"predecessor-version":[{"id":10843,"href":"https:\/\/www.creusonslabible.fr\/index.php?rest_route=\/wp\/v2\/posts\/491\/revisions\/10843"}],"wp:featuredmedia":[{"embeddable":true,"href":"https:\/\/www.creusonslabible.fr\/index.php?rest_route=\/wp\/v2\/media\/2250"}],"wp:attachment":[{"href":"https:\/\/www.creusonslabible.fr\/index.php?rest_route=%2Fwp%2Fv2%2Fmedia&parent=491"}],"wp:term":[{"taxonomy":"category","embeddable":true,"href":"https:\/\/www.creusonslabible.fr\/index.php?rest_route=%2Fwp%2Fv2%2Fcategories&post=491"},{"taxonomy":"post_tag","embeddable":true,"href":"https:\/\/www.creusonslabible.fr\/index.php?rest_route=%2Fwp%2Fv2%2Ftags&post=491"},{"taxonomy":"video","embeddable":true,"href":"https:\/\/www.creusonslabible.fr\/index.php?rest_route=%2Fwp%2Fv2%2Fvideo&post=491"},{"taxonomy":"audio","embeddable":true,"href":"https:\/\/www.creusonslabible.fr\/index.php?rest_route=%2Fwp%2Fv2%2Faudio&post=491"},{"taxonomy":"ecrit","embeddable":true,"href":"https:\/\/www.creusonslabible.fr\/index.php?rest_route=%2Fwp%2Fv2%2Fecrit&post=491"},{"taxonomy":"mis-en-avant","embeddable":true,"href":"https:\/\/www.creusonslabible.fr\/index.php?rest_route=%2Fwp%2Fv2%2Fmis-en-avant&post=491"},{"taxonomy":"redacteur","embeddable":true,"href":"https:\/\/www.creusonslabible.fr\/index.php?rest_route=%2Fwp%2Fv2%2Fredacteur&post=491"},{"taxonomy":"type-darticle","embeddable":true,"href":"https:\/\/www.creusonslabible.fr\/index.php?rest_route=%2Fwp%2Fv2%2Ftype-darticle&post=491"}],"curies":[{"name":"wp","href":"https:\/\/api.w.org\/{rel}","templated":true}]}}