{"id":4925,"date":"2017-03-01T16:48:32","date_gmt":"2017-03-01T14:48:32","guid":{"rendered":"http:\/\/www.creusonslabible.fr\/?p=4925"},"modified":"2025-01-23T17:18:06","modified_gmt":"2025-01-23T15:18:06","slug":"la-vocation-en-question","status":"publish","type":"post","link":"https:\/\/www.creusonslabible.fr\/?p=4925","title":{"rendered":"La vocation en question"},"content":{"rendered":"<p>par Reynald Kozycki, pasteur \u00e0 Paris.<\/p>\n<p align=\"LEFT\">\n<h2><em>\u00ab\u00a0Je vous exhorte donc\u2026 \u00e0 marcher d\u2019une mani\u00e8re digne de la vocation qui vous a \u00e9t\u00e9 adress\u00e9e\u00a0\u00bb<\/em> Ep 4.1. Qu&rsquo;est-ce que la vocation\u00a0? C&rsquo;est ce que Reynald Kozycki nous fait d\u00e9couvrir \u00e0 partir de plusieurs exemples bibliques.<\/h2>\n<p>Un groupe de jeunes d\u2019une \u00c9glise \u00e9vang\u00e9lique avait \u00e9t\u00e9 interrog\u00e9 \u00e0 \u00ab\u00a0bulletin secret\u00a0\u00bb sur ce que chacun voyait comme ses principaux buts dans la vie. La grande majorit\u00e9 se projetait dans un travail agr\u00e9able et bien pay\u00e9, un conjoint rempli de qualit\u00e9s, une voiture plut\u00f4t de marque allemande\u2026 Aucun n\u2019avait pens\u00e9 \u00e0 y inclure Dieu et sa volont\u00e9.<\/p>\n<p>Comment envisager notre vocation sur cette terre\u00a0? Le mot r\u00e9sonne de fa\u00e7on diff\u00e9rente selon les personnes ou le contexte. Le Petit Robert propose trois usages : 1) mouvement int\u00e9rieur par lequel on se sent appel\u00e9 par Dieu\u00a0; 2) inclinaison, penchant pour une profession\u00a0; 3)\u00a0destination, mission\u2026 Nous traiterons un peu des trois usages.<\/p>\n<p>Dans la Bible, la vocation correspond au mot \u00ab\u00a0appel\u00a0\u00bb (kl\u00e9sis), appel, avant tout, \u00e0 conna\u00eetre le Dieu vivant et \u00e0 le servir. On pourrait distinguer deux types d\u2019appels\u00a0: l\u2019un assez large adress\u00e9 au plus grand nombre, auquel finalement peu r\u00e9pondent\u00a0: \u00ab\u00a0<em>Il y a beaucoup d\u2019appel\u00e9s, mais peu d\u2019\u00e9lus<\/em>\u00a0\u00bb (Mt 22.14)\u00a0; et l\u2019autre irr\u00e9sistible, celui des \u00ab\u00a0\u00e9lus\u00a0\u00bb\u00a0: \u00ab\u00a0<em>Ceux qu\u2019il a pr\u00e9destin\u00e9s, il les a aussi appel\u00e9s; et ceux qu\u2019il a appel\u00e9s, il les a aussi justifi\u00e9s<\/em>\u00a0\u00bb (Ro 8.30).<\/p>\n<p>Lorsque Paul s\u2019adresse aux \u00c9ph\u00e9siens, il rappelle la solennit\u00e9 de cette vocation. Chaque chr\u00e9tien authentique a \u00e9t\u00e9 appel\u00e9 un jour, suite \u00e0 un choix de Dieu, avant m\u00eame la fondation du monde, selon un plan qui s\u2019accomplit sous son contr\u00f4le myst\u00e9rieux (Ep 1.4-11). Cela n\u2019\u00f4te pas la n\u00e9cessit\u00e9 d\u2019entendre l\u2019\u00c9vangile et d\u2019y placer sa confiance (1.13). La r\u00e9ponse \u00e0 cet appel nous fait passer de la mort \u00e0 la vie en nous unissant au Christ (2.1-8). Nous sommes alors cr\u00e9\u00e9s \u00e0 nouveau en J\u00e9sus-Christ pour les bonnes \u0153uvres qu\u2019il a pr\u00e9par\u00e9es d\u2019avance (2.10). Nous qui \u00e9tions loin, sans esp\u00e9rance et sans Dieu dans ce monde, nous sommes rapproch\u00e9s par le sang de Christ pour former un seul Corps (2.12-18). Nous devenons, avec les autres croyants, l\u2019habitation de Dieu en Esprit (2.22). De cet appel d\u00e9coule toute l\u2019orientation de la vie du chr\u00e9tien. Il cherche \u00e0 vivre l\u2019exhortation de Paul\u00a0: \u00ab\u00a0<em>Ne soyez pas inconsid\u00e9r\u00e9s, mais comprenez quelle est la volont\u00e9 du Seigneur\u00a0<\/em>\u00bb (5.17). Il sait que ce ne sont pas \u00ab\u00a0<em>ceux qui disent Seigneur Seigneur qui entreront dans le Royaume des cieux, mais celui-l\u00e0 seul qui fait la volont\u00e9 du P\u00e8re<\/em>\u00a0\u00bb (Mt 7.21).<\/p>\n<p>Le chr\u00e9tien r\u00e9pond \u00e0 l\u2019appel de Dieu \u00e0 entrer dans une vie nouvelle en Christ afin d\u2019accomplir les \u0153uvres pr\u00e9par\u00e9es d\u2019avance. Elles se d\u00e9ploient souvent dans la profession, la vie de famille, l\u2019\u00c9glise et par des vocations sp\u00e9ciales.<\/p>\n<h2>Profession<\/h2>\n<p>M\u00eame si la crise \u00e9conomique actuelle r\u00e9duit les possibilit\u00e9s de travail, le chr\u00e9tien se pr\u00e9occupera de discerner la volont\u00e9 de Dieu dans ce domaine. Le choix des \u00e9tudes, quand on peut en faire, correspond assez souvent \u00e0 des domaines o\u00f9 l\u2019on se sent un peu plus \u00e0 l\u2019aise. Le travail n\u2019est pas seulement une obligation alimentaire, mais permet aussi de vivre sa vocation\u00a0: \u00ab\u00a0<em>Quel que soit votre travail, faites-le de bon c\u0153ur, comme pour le Seigneur, et non pour les hommes, sachant que vous recevrez du Seigneur l\u2019h\u00e9ritage en r\u00e9compense. Le Ma\u00eetre, c\u2019est le Christ; vous \u00eates \u00e0 son service\u00a0<\/em>\u00bb (Col 3.23-24 TOB). Les talents que nous avons re\u00e7us peuvent fructifier dans le travail. C\u2019est souvent un lieu pr\u00e9par\u00e9 par le Seigneur pour \u00eatre sel de la terre en cherchant \u00e0 donner un exemple d\u2019une vie transform\u00e9e par la gr\u00e2ce de Dieu. Nous avons aussi des occasions d\u2019\u00eatre lumi\u00e8re du monde, en sympathisant plus avec certaines personnes et en t\u00e9moignant de notre foi.<\/p>\n<h2>Famille<\/h2>\n<p>Beaucoup sont appel\u00e9s \u00e0 fonder une famille. L\u2019unit\u00e9 dans le couple est d\u00e9j\u00e0 une \u0153uvre divine\u00a0: \u00ab\u00a0<em>Que l\u2019homme ne s\u00e9pare pas ce que Dieu a joint\u00a0<\/em>\u00bb (Mt 19.6). Les \u0153uvres pr\u00e9par\u00e9es d\u2019avance s\u2019accomplissent d\u2019abord dans l\u2019amour et le service mutuel \u00e0 nos \u00ab\u00a0premiers prochains\u00a0\u00bb que sont le conjoint ou les (futurs) enfants. D\u2019o\u00f9 l\u2019importance de bien saisir les propos de Paul, m\u00eame dans la recherche d\u2019un conjoint\u00a0: \u00ab<em>\u00a0Ne soyez pas inconsid\u00e9r\u00e9s, mais comprenez quelle est la volont\u00e9 du Seigneur<\/em>\u00a0\u00bb. Dans certains cas, le Seigneur appelle au c\u00e9libat avec une possibilit\u00e9 d\u2019investissement plus importante pour les autres (1 Co 7.17).<\/p>\n<h2>Vie d\u2019\u00c9glise<\/h2>\n<p>\u00ab\u00a0Marcher d\u2019une mani\u00e8re digne de votre vocation\u00a0\u00bb prend toute sa mesure dans la vie d\u2019\u00c9glise. Nous sommes appel\u00e9s \u00e0 former un m\u00eame corps avec les autres chr\u00e9tiens et exercer les dons que Dieu nous a accord\u00e9s pour l\u2019\u00e9dification de son \u00c9glise. Le mot ekklesia est d\u2019ailleurs un jeu de mots sur l\u2019appel, il s\u2019agit du rassemblement des appel\u00e9s.<\/p>\n<p>Notre vocation est d\u2019\u00eatre une pierre vivante dans l\u2019\u00e9difice, un membre actif de son corps\u2026 Les principaux mandats de l&rsquo;\u00c9glise sont l\u2019adoration, l\u2019\u00e9dification et le t\u00e9moignage explicite ou indirect dans l\u2019amour du prochain. L&rsquo;\u00c9glise commence par l&rsquo;\u00c9glise locale, mais elle peut se prolonger dans une structure plus large, une \u0153uvre interd\u00e9nominationelle comme les GBU avec l\u2019objectif d\u2019accomplir une partie de son mandat.<\/p>\n<h2>Et la \u00ab\u00a0vocation sp\u00e9ciale\u00a0\u00bb\u00a0?<\/h2>\n<p>J\u00e9sus appelle quelques-uns de ses disciples \u00e0 \u00ab\u00a0laisser les filets\u00a0\u00bb pour devenir \u00ab\u00a0p\u00e9cheurs d\u2019hommes\u00a0\u00bb (Luc 5.10). Nos requ\u00eates devraient aller dans ce sens\u00a0: \u00ab\u00a0<em>Priez donc le ma\u00eetre de la moisson d\u2019envoyer des ouvriers dans sa moisson<\/em>\u00a0\u00bb (Mat 9.38). C\u2019est un grand privil\u00e8ge que de r\u00e9pondre \u00e0 ce genre d\u2019appel, s\u2019il nous est adress\u00e9. On commence en g\u00e9n\u00e9ral \u00e0 servir dans les occasions qui se pr\u00e9sentent. Plusieurs \u00ab\u00a0vocations sp\u00e9ciales\u00a0\u00bb sont n\u00e9es dans le service des GBU, des centres de vacances, du groupe de jeunes de l&rsquo;\u00c9glise\u2026<\/p>\n<p>En r\u00e9sum\u00e9, tous les chr\u00e9tiens ont un appel-vocation \u00e0 conna\u00eetre et \u00e0 servir Dieu en cherchant sa volont\u00e9. Ainsi ils accomplissent la vocation-mission qui leur est confi\u00e9e en marchant d\u2019une mani\u00e8re digne de l\u2019appel qui leur est adress\u00e9.<\/p>\n<p>&nbsp;<\/p>\n","protected":false},"excerpt":{"rendered":"<p>par Reynald Kozycki, pasteur \u00e0 Paris. \u00ab\u00a0Je vous exhorte donc\u2026 \u00e0 marcher d\u2019une mani\u00e8re digne de la vocation qui vous a \u00e9t\u00e9 adress\u00e9e\u00a0\u00bb Ep 4.1. Qu&rsquo;est-ce que la vocation\u00a0? C&rsquo;est ce que Reynald Kozycki nous fait d\u00e9couvrir \u00e0 partir de plusieurs exemples bibliques. Un groupe de jeunes d\u2019une \u00c9glise \u00e9vang\u00e9lique avait \u00e9t\u00e9 interrog\u00e9 \u00e0 \u00ab\u00a0bulletin [&hellip;]<\/p>\n","protected":false},"author":3,"featured_media":4926,"comment_status":"open","ping_status":"closed","sticky":false,"template":"","format":"standard","meta":{"_acf_changed":false,"_eb_attr":"","advgb_blocks_editor_width":"","advgb_blocks_columns_visual_guide":"","footnotes":""},"categories":[29],"tags":[651,126],"video":[],"audio":[],"ecrit":[],"mis-en-avant":[],"redacteur":[],"type-darticle":[],"class_list":["post-4925","post","type-post","status-publish","format-standard","has-post-thumbnail","hentry","category-le-chretien-dans-la-societe","tag-ecrit","tag-vocation"],"blocksy_meta":[],"acf":[],"featured_image_src":"https:\/\/www.creusonslabible.fr\/wp-content\/uploads\/2017\/03\/4-150p-01-e1488379622948-1.jpg","author_info":{"display_name":"Yoh","author_link":"https:\/\/www.creusonslabible.fr\/?author=3"},"author_meta":{"display_name":"Yoh","author_link":"https:\/\/www.creusonslabible.fr\/?author=3"},"featured_img":"https:\/\/www.creusonslabible.fr\/wp-content\/uploads\/2017\/03\/4-150p-01-e1488379622948-1-279x300.jpg","coauthors":[],"tax_additional":{"categories":{"linked":["<a href=\"https:\/\/www.creusonslabible.fr\/?cat=29\" class=\"advgb-post-tax-term\">Le chr\u00e9tien dans la soci\u00e9t\u00e9<\/a>"],"unlinked":["<span class=\"advgb-post-tax-term\">Le chr\u00e9tien dans la soci\u00e9t\u00e9<\/span>"]},"tags":{"linked":["<a href=\"https:\/\/www.creusonslabible.fr\/?cat=29\" class=\"advgb-post-tax-term\">\u00e9crit<\/a>","<a href=\"https:\/\/www.creusonslabible.fr\/?cat=29\" class=\"advgb-post-tax-term\">vocation<\/a>"],"unlinked":["<span class=\"advgb-post-tax-term\">\u00e9crit<\/span>","<span class=\"advgb-post-tax-term\">vocation<\/span>"]}},"comment_count":"1","relative_dates":{"created":"Publi\u00e9 9 ans il y a","modified":"Mis \u00e0 jour 1 an il y a"},"absolute_dates":{"created":"Publi\u00e9 le 1 mars 2017","modified":"Mise \u00e0 jour le 23 janvier 2025"},"absolute_dates_time":{"created":"Publi\u00e9 le 1 mars 2017 16h48","modified":"Mise \u00e0 jour le 23 janvier 2025 17h18"},"featured_img_caption":"","series_order":"","meta_box":[],"_links":{"self":[{"href":"https:\/\/www.creusonslabible.fr\/index.php?rest_route=\/wp\/v2\/posts\/4925","targetHints":{"allow":["GET"]}}],"collection":[{"href":"https:\/\/www.creusonslabible.fr\/index.php?rest_route=\/wp\/v2\/posts"}],"about":[{"href":"https:\/\/www.creusonslabible.fr\/index.php?rest_route=\/wp\/v2\/types\/post"}],"author":[{"embeddable":true,"href":"https:\/\/www.creusonslabible.fr\/index.php?rest_route=\/wp\/v2\/users\/3"}],"replies":[{"embeddable":true,"href":"https:\/\/www.creusonslabible.fr\/index.php?rest_route=%2Fwp%2Fv2%2Fcomments&post=4925"}],"version-history":[{"count":1,"href":"https:\/\/www.creusonslabible.fr\/index.php?rest_route=\/wp\/v2\/posts\/4925\/revisions"}],"predecessor-version":[{"id":10700,"href":"https:\/\/www.creusonslabible.fr\/index.php?rest_route=\/wp\/v2\/posts\/4925\/revisions\/10700"}],"wp:featuredmedia":[{"embeddable":true,"href":"https:\/\/www.creusonslabible.fr\/index.php?rest_route=\/wp\/v2\/media\/4926"}],"wp:attachment":[{"href":"https:\/\/www.creusonslabible.fr\/index.php?rest_route=%2Fwp%2Fv2%2Fmedia&parent=4925"}],"wp:term":[{"taxonomy":"category","embeddable":true,"href":"https:\/\/www.creusonslabible.fr\/index.php?rest_route=%2Fwp%2Fv2%2Fcategories&post=4925"},{"taxonomy":"post_tag","embeddable":true,"href":"https:\/\/www.creusonslabible.fr\/index.php?rest_route=%2Fwp%2Fv2%2Ftags&post=4925"},{"taxonomy":"video","embeddable":true,"href":"https:\/\/www.creusonslabible.fr\/index.php?rest_route=%2Fwp%2Fv2%2Fvideo&post=4925"},{"taxonomy":"audio","embeddable":true,"href":"https:\/\/www.creusonslabible.fr\/index.php?rest_route=%2Fwp%2Fv2%2Faudio&post=4925"},{"taxonomy":"ecrit","embeddable":true,"href":"https:\/\/www.creusonslabible.fr\/index.php?rest_route=%2Fwp%2Fv2%2Fecrit&post=4925"},{"taxonomy":"mis-en-avant","embeddable":true,"href":"https:\/\/www.creusonslabible.fr\/index.php?rest_route=%2Fwp%2Fv2%2Fmis-en-avant&post=4925"},{"taxonomy":"redacteur","embeddable":true,"href":"https:\/\/www.creusonslabible.fr\/index.php?rest_route=%2Fwp%2Fv2%2Fredacteur&post=4925"},{"taxonomy":"type-darticle","embeddable":true,"href":"https:\/\/www.creusonslabible.fr\/index.php?rest_route=%2Fwp%2Fv2%2Ftype-darticle&post=4925"}],"curies":[{"name":"wp","href":"https:\/\/api.w.org\/{rel}","templated":true}]}}