{"id":493,"date":"2012-07-05T21:47:30","date_gmt":"2012-07-05T21:47:30","guid":{"rendered":"http:\/\/elearning.gbu.fr\/?p=493"},"modified":"2025-01-24T11:23:22","modified_gmt":"2025-01-24T09:23:22","slug":"romains-chapitre-4","status":"publish","type":"post","link":"https:\/\/www.creusonslabible.fr\/?p=493","title":{"rendered":"Romains 4"},"content":{"rendered":"<p><em> \u00c9tude r\u00e9alis\u00e9e en janvier 2005 dans la s\u00e9rie de canevas sur l&rsquo;\u00e9p\u00eetre aux Romains.<\/em><\/p>\n<p><strong>Note pour l&rsquo;animateur :<\/strong> Il est recommand\u00e9 \u00e0 l&rsquo;animateur de lire l&rsquo;introduction \u00e0 l&rsquo;\u00e9p\u00eetre de Paul aux Romains <a href=\"http:\/\/www.creusonslabible.fr\/?p=264\" target=\"_blank\" rel=\"noopener\">ici<\/a>.<\/p>\n<p><!--more--><\/p>\n<h2><a name=\"intro\"><\/a>INTRODUCTION :<\/h2>\n<p>&nbsp;<\/p>\n<ul>\n<li>Quel \u00e9tait le point culminant du Chapitre 3 ?<\/li>\n<li>Si vous \u00e9tiez d&rsquo;origine juive, quelles questions pourriez-vous avoir ?<\/li>\n<\/ul>\n<p>Lire le chapitre 4.<\/p>\n<h2><a name=\"part1\"><\/a>Versets 1 \u00e0 8 :<\/h2>\n<p>&nbsp;<\/p>\n<ul>\n<ul>\n<li>Pourquoi, \u00e0 votre avis, Paul a-t-il choisi l&rsquo;exemple d&rsquo;Abraham ? (pourquoi, par exemple, ne pas avoir choisi Mo\u00efse ?)<\/li>\n<\/ul>\n<\/ul>\n<p>&nbsp;<\/p>\n<ul>\n<ul>\n<li>Quelle image Paul emploie-t-il pour expliquer la diff\u00e9rence entre ce qui se m\u00e9rite et ce qui est un cadeau ?<\/li>\n<\/ul>\n<\/ul>\n<p>&nbsp;<\/p>\n<ul>\n<ul>\n<li>Dans quel cas se trouvait Abrasa ?<\/li>\n<\/ul>\n<\/ul>\n<p>&nbsp;<\/p>\n<ul>\n<ul>\n<li>Dans quelles circonstances sommes-nous tent\u00e9s de voir le salut comme un d\u00fb ?<\/li>\n<\/ul>\n<\/ul>\n<p>&nbsp;<\/p>\n<ul>\n<ul>\n<li><span style=\"text-decoration: underline;\">Vv 6-8 :<\/span> Comment l&rsquo;exp\u00e9rience de David renforce-t-elle l&rsquo;argumentation de Paul ?<\/li>\n<\/ul>\n<\/ul>\n<p>&nbsp;<\/p>\n<ul>\n<ul>\n<li>Lire ces versets (vv 6-8) dans leur contexte du Psaume 32.1-7. Pourquoi David trouve-t-il le pardon du Seigneur tellement impressionnant ? Comment sa r\u00e9action s&rsquo;accorde-t-elle avec l&rsquo;argumentation de Romains 1-3 ?<\/li>\n<\/ul>\n<\/ul>\n<p>&nbsp;<\/p>\n<ul>\n<li>Exp\u00e9rimentons-nous des moments o\u00f9 ce \u00a0\u00bb bonheur \u00a0\u00bb dont parlent David et Paul (vv 6-8) nous semble loin ? Dans ces moments, qu&rsquo;est-ce que nous avons oubli\u00e9 ? Ou mal compris ? Ou sous-estim\u00e9 ?<\/li>\n<\/ul>\n<h2><a name=\"part2\"><\/a>Versets 9 \u00e0 12 :<\/h2>\n<p>&nbsp;<\/p>\n<ul>\n<ul>\n<li>Pourquoi le timing de la circoncision d&rsquo;Abraham a-t-il une telle importance ? Si vous avez le temps, regardez les passages en Gen\u00e8se : Gen\u00e8se 15.1-6 (la promesse) et Gen\u00e8se 17.1-14 (l&rsquo;\u00e9tablissement de la circoncision comme signe de l&rsquo;alliance v11.) Quel \u00e9tait l&rsquo;ordre des choses ?<\/li>\n<\/ul>\n<\/ul>\n<p>&nbsp;<\/p>\n<ul>\n<li>Selon Paul, quelle est l&rsquo;importance de la circoncision pour les juifs v11 ?<\/li>\n<\/ul>\n<h2><a name=\"part3\"><\/a>Versets 13 \u00e0 25 :<\/h2>\n<p>&nbsp;<\/p>\n<ul>\n<ul>\n<li>Quelle \u00e9tait la promesse faite \u00e0 Abraham ? (la r\u00e9ponse se trouve dans Romains 4 et en Gen\u00e8se 15:1-6.) Qu&rsquo;est-ce que Abraham a cru au juste ? Comment cela nous aide \u00e0 comprendre \u00a0\u00bb la foi \u00a0\u00bb ?<\/li>\n<\/ul>\n<\/ul>\n<p>&nbsp;<\/p>\n<ul>\n<ul>\n<li>Verset 18 parle d&rsquo;esp\u00e9rer \u00a0\u00bb contre toute esp\u00e9rance \u00ab\u00a0. Est-ce que la foi chr\u00e9tienne est le contraire de la logique ?<\/li>\n<\/ul>\n<\/ul>\n<p>&nbsp;<\/p>\n<ul>\n<ul>\n<li>Comment \u00eatre de la descendance d&rsquo;Abraham ?<\/li>\n<\/ul>\n<\/ul>\n<p>&nbsp;<\/p>\n<ul>\n<ul>\n<li>Comment ce passage nous aide-t-il \u00e0 d\u00e9finir le mot \u00a0\u00bb gr\u00e2ce \u00a0\u00bb (v16) ?<\/li>\n<\/ul>\n<\/ul>\n<p>&nbsp;<\/p>\n<ul>\n<ul>\n<li>Comparez cette id\u00e9e de la gr\u00e2ce avec ce que vous connaissez d&rsquo;autres religions. Selon ces autres religions, comment peut-on \u00eatre sauv\u00e9 ?<\/li>\n<\/ul>\n<\/ul>\n<p>&nbsp;<\/p>\n<ul>\n<ul>\n<li>Pourquoi \u00e0 votre avis est-il difficile d&rsquo;accepter le salut par la gr\u00e2ce ?<\/li>\n<\/ul>\n<\/ul>\n<p>&nbsp;<\/p>\n<ul>\n<ul>\n<li>Comment Dieu est-il d\u00e9crit verset 17 ? Comment la suite de ce passage d\u00e9montre-t-elle ces aspects de son caract\u00e8re ?<\/li>\n<\/ul>\n<\/ul>\n<p>&nbsp;<\/p>\n<ul>\n<ul>\n<li><span style=\"text-decoration: underline;\">Verset 24 : <\/span>Quelle est notre place dans le grand plan de Dieu ? Comment r\u00e9agissez-vous au fait que Dieu nous situe dans la lign\u00e9e d&rsquo;Abraham, qui a v\u00e9cu il y a 4000 ans ?<\/li>\n<\/ul>\n<\/ul>\n<p>&nbsp;<\/p>\n<ul>\n<ul>\n<li>Le chapitre 4 utilise le langage de la comptabilit\u00e9, il dit qu&rsquo;on peut \u00eatre \u00a0\u00bb compt\u00e9 \u00a0\u00bb juste (vv 3, 4, 5, 6, 9 et 10). Comment expliquer \u00a0\u00bb la justice de la foi \u00a0\u00bb (v13), c&rsquo;est-\u00e0-dire, comment peut-on obtenir ce qu&rsquo;on a pas m\u00e9rit\u00e9 ? Est-ce vraiment juste de la part de Dieu ? (voir verset 25, par exemple.)<\/li>\n<\/ul>\n<\/ul>\n<p>&nbsp;<\/p>\n<ul>\n<li>Versets 24 et 25 expliquent le contenu de la foi. Expliquez la foi en utilisant des mots non-techniques.<\/li>\n<\/ul>\n<h2><a name=\"conclu\"><\/a>QUESTION DE R\u00c9SUM\u00c9 :<\/h2>\n<p>Qu&rsquo;est-ce que ce passage nous dit concernant :<\/p>\n<ul>\n<li>notre p\u00e9ch\u00e9<\/li>\n<li>la solution de Dieu \u00e0 notre probl\u00e8me<\/li>\n<li>notre r\u00e9ponse ?<\/li>\n<\/ul>\n<p>Qu&rsquo;est-ce que le Chapitre 4 ajoute \u00e0 l&rsquo;argumentation que Paul a d\u00e9j\u00e0 \u00e9tabli dans les chapitres 1-3 ? Comment cela renforce la foi ?<\/p>\n","protected":false},"excerpt":{"rendered":"<p>\u00c9tude r\u00e9alis\u00e9e en janvier 2005 dans la s\u00e9rie de canevas sur l&rsquo;\u00e9p\u00eetre aux Romains. Note pour l&rsquo;animateur : Il est recommand\u00e9 \u00e0 l&rsquo;animateur de lire l&rsquo;introduction \u00e0 l&rsquo;\u00e9p\u00eetre de Paul aux Romains ici.<\/p>\n","protected":false},"author":2,"featured_media":2250,"comment_status":"open","ping_status":"open","sticky":false,"template":"","format":"standard","meta":{"_acf_changed":false,"_eb_attr":"","advgb_blocks_editor_width":"","advgb_blocks_columns_visual_guide":"","footnotes":""},"categories":[10],"tags":[750,651,23,559],"video":[],"audio":[],"ecrit":[],"mis-en-avant":[],"redacteur":[],"type-darticle":[],"class_list":["post-493","post","type-post","status-publish","format-standard","has-post-thumbnail","hentry","category-discussions-autour-de-la-bible","tag-descendance-dabraham","tag-ecrit","tag-nouveau-testament","tag-romains"],"blocksy_meta":[],"acf":[],"featured_image_src":"https:\/\/www.creusonslabible.fr\/wp-content\/uploads\/2012\/07\/Romains-1.jpg","author_info":{"display_name":"caillou","author_link":"https:\/\/www.creusonslabible.fr\/?author=2"},"author_meta":{"display_name":"caillou","author_link":"https:\/\/www.creusonslabible.fr\/?author=2"},"featured_img":"https:\/\/www.creusonslabible.fr\/wp-content\/uploads\/2012\/07\/Romains-1.jpg","coauthors":[],"tax_additional":{"categories":{"linked":["<a href=\"https:\/\/www.creusonslabible.fr\/?cat=10\" class=\"advgb-post-tax-term\">Discussions autour de la Bible<\/a>"],"unlinked":["<span class=\"advgb-post-tax-term\">Discussions autour de la Bible<\/span>"]},"tags":{"linked":["<a href=\"https:\/\/www.creusonslabible.fr\/?cat=10\" class=\"advgb-post-tax-term\">Descendance d&#039;Abraham<\/a>","<a href=\"https:\/\/www.creusonslabible.fr\/?cat=10\" class=\"advgb-post-tax-term\">\u00e9crit<\/a>","<a href=\"https:\/\/www.creusonslabible.fr\/?cat=10\" class=\"advgb-post-tax-term\">Nouveau-Testament<\/a>","<a href=\"https:\/\/www.creusonslabible.fr\/?cat=10\" class=\"advgb-post-tax-term\">romains<\/a>"],"unlinked":["<span class=\"advgb-post-tax-term\">Descendance d&#039;Abraham<\/span>","<span class=\"advgb-post-tax-term\">\u00e9crit<\/span>","<span class=\"advgb-post-tax-term\">Nouveau-Testament<\/span>","<span class=\"advgb-post-tax-term\">romains<\/span>"]}},"comment_count":"0","relative_dates":{"created":"Publi\u00e9 14 ans il y a","modified":"Mis \u00e0 jour 1 an il y a"},"absolute_dates":{"created":"Publi\u00e9 le 5 juillet 2012","modified":"Mise \u00e0 jour le 24 janvier 2025"},"absolute_dates_time":{"created":"Publi\u00e9 le 5 juillet 2012 21h47","modified":"Mise \u00e0 jour le 24 janvier 2025 11h23"},"featured_img_caption":"","series_order":"","meta_box":[],"_links":{"self":[{"href":"https:\/\/www.creusonslabible.fr\/index.php?rest_route=\/wp\/v2\/posts\/493","targetHints":{"allow":["GET"]}}],"collection":[{"href":"https:\/\/www.creusonslabible.fr\/index.php?rest_route=\/wp\/v2\/posts"}],"about":[{"href":"https:\/\/www.creusonslabible.fr\/index.php?rest_route=\/wp\/v2\/types\/post"}],"author":[{"embeddable":true,"href":"https:\/\/www.creusonslabible.fr\/index.php?rest_route=\/wp\/v2\/users\/2"}],"replies":[{"embeddable":true,"href":"https:\/\/www.creusonslabible.fr\/index.php?rest_route=%2Fwp%2Fv2%2Fcomments&post=493"}],"version-history":[{"count":1,"href":"https:\/\/www.creusonslabible.fr\/index.php?rest_route=\/wp\/v2\/posts\/493\/revisions"}],"predecessor-version":[{"id":10842,"href":"https:\/\/www.creusonslabible.fr\/index.php?rest_route=\/wp\/v2\/posts\/493\/revisions\/10842"}],"wp:featuredmedia":[{"embeddable":true,"href":"https:\/\/www.creusonslabible.fr\/index.php?rest_route=\/wp\/v2\/media\/2250"}],"wp:attachment":[{"href":"https:\/\/www.creusonslabible.fr\/index.php?rest_route=%2Fwp%2Fv2%2Fmedia&parent=493"}],"wp:term":[{"taxonomy":"category","embeddable":true,"href":"https:\/\/www.creusonslabible.fr\/index.php?rest_route=%2Fwp%2Fv2%2Fcategories&post=493"},{"taxonomy":"post_tag","embeddable":true,"href":"https:\/\/www.creusonslabible.fr\/index.php?rest_route=%2Fwp%2Fv2%2Ftags&post=493"},{"taxonomy":"video","embeddable":true,"href":"https:\/\/www.creusonslabible.fr\/index.php?rest_route=%2Fwp%2Fv2%2Fvideo&post=493"},{"taxonomy":"audio","embeddable":true,"href":"https:\/\/www.creusonslabible.fr\/index.php?rest_route=%2Fwp%2Fv2%2Faudio&post=493"},{"taxonomy":"ecrit","embeddable":true,"href":"https:\/\/www.creusonslabible.fr\/index.php?rest_route=%2Fwp%2Fv2%2Fecrit&post=493"},{"taxonomy":"mis-en-avant","embeddable":true,"href":"https:\/\/www.creusonslabible.fr\/index.php?rest_route=%2Fwp%2Fv2%2Fmis-en-avant&post=493"},{"taxonomy":"redacteur","embeddable":true,"href":"https:\/\/www.creusonslabible.fr\/index.php?rest_route=%2Fwp%2Fv2%2Fredacteur&post=493"},{"taxonomy":"type-darticle","embeddable":true,"href":"https:\/\/www.creusonslabible.fr\/index.php?rest_route=%2Fwp%2Fv2%2Ftype-darticle&post=493"}],"curies":[{"name":"wp","href":"https:\/\/api.w.org\/{rel}","templated":true}]}}