{"id":4941,"date":"2017-03-14T14:44:42","date_gmt":"2017-03-14T12:44:42","guid":{"rendered":"http:\/\/www.creusonslabible.fr\/?p=4941"},"modified":"2025-01-24T12:58:37","modified_gmt":"2025-01-24T10:58:37","slug":"la-fin-du-monde-dans-1-thessaloniciens-4-13-5-11-et-2-pierre-3","status":"publish","type":"post","link":"https:\/\/www.creusonslabible.fr\/?p=4941","title":{"rendered":"La fin du Monde dans 1 Thessaloniciens 4.13-5.11 et 2 Pierre 3"},"content":{"rendered":"\n<h2 class=\"wp-block-heading\">Doit-on avoir peur de&nbsp;la fin du monde ? Si vous avez mis votre foi en J\u00e9sus, non seulement vous ne devez pas la craindre mais plut\u00f4t la souhaiter ! Cela changerait beaucoup de choses dans votre monde actuel. D\u00e9monstration avec deux lettres d&rsquo;ap\u00f4tres.<\/h2>\n\n\n\n<p>&nbsp;<\/p>\n\n\n\n<p>Interventions donn\u00e9es par Caillou, Coordinateur R\u00e9gional en \u00cele-de-France lors d&rsquo;un WE sur la question de la fin des temps.<\/p>\n\n\n\n<h2 class=\"wp-block-heading\"><a href=\"http:\/\/elearning.gbu.fr\/audio\/IDF\/WEM2017\/1_Th4-5.mp3\"> 1 Thessaloniciens 4.13 \u00e0 5.11 : ensemble avec J\u00e9sus<\/a><\/h2>\n\n\n\n<figure class=\"wp-block-audio\"><audio controls src=\"http:\/\/elearning.gbu.fr\/audio\/IDF\/WEM2017\/1_Th4-5.mp3\"><\/audio><\/figure>\n\n\n\n<p><a href=\"http:\/\/elearning.gbu.fr\/audio\/IDF\/WEM2017\/1_Th4-5.mp3\"> t\u00e9l\u00e9charger (clic droit \u2013 enregistrer la cible du lien sous)<\/a><\/p>\n\n\n\n<h2 class=\"wp-block-heading\"><a href=\"http:\/\/elearning.gbu.fr\/audio\/IDF\/WEM2017\/2P3.mp3\"> 2 Pierre 3 : le monde d\u00e9cap\u00e9<\/a><\/h2>\n\n\n\n<figure class=\"wp-block-audio\"><audio controls src=\"http:\/\/elearning.gbu.fr\/audio\/IDF\/WEM2017\/2P3.mp3\"><\/audio><\/figure>\n\n\n\n<p><a href=\"http:\/\/elearning.gbu.fr\/audio\/IDF\/WEM2017\/2P3.mp3\">t\u00e9l\u00e9charger (clic droit \u2013 enregistrer la cible du lien sous)<\/a><\/p>\n","protected":false},"excerpt":{"rendered":"<p>Doit-on avoir peur de&nbsp;la fin du monde ? Si vous avez mis votre foi en J\u00e9sus, non seulement vous ne devez pas la craindre mais plut\u00f4t la souhaiter ! Cela changerait beaucoup de choses dans votre monde actuel. D\u00e9monstration avec deux lettres d&rsquo;ap\u00f4tres. &nbsp; Interventions donn\u00e9es par Caillou, Coordinateur R\u00e9gional en \u00cele-de-France lors d&rsquo;un WE [&hellip;]<\/p>\n","protected":false},"author":2,"featured_media":4945,"comment_status":"open","ping_status":"closed","sticky":false,"template":"","format":"standard","meta":{"_acf_changed":false,"_eb_attr":"","advgb_blocks_editor_width":"","advgb_blocks_columns_visual_guide":"","footnotes":""},"categories":[91,24],"tags":[135,136,657,137,138],"video":[],"audio":[],"ecrit":[],"mis-en-avant":[],"redacteur":[],"type-darticle":[],"class_list":["post-4941","post","type-post","status-publish","format-standard","has-post-thumbnail","hentry","category-la-fin-des-temps","category-textes-bibliques-commentes","tag-1-thessaloniciens","tag-2-pierre","tag-audio","tag-fin-des-temps","tag-retour-de-jesus"],"blocksy_meta":[],"acf":[],"featured_image_src":"https:\/\/www.creusonslabible.fr\/wp-content\/uploads\/2017\/03\/fin_monde-1-1.jpg","author_info":{"display_name":"caillou","author_link":"https:\/\/www.creusonslabible.fr\/?author=2"},"author_meta":{"display_name":"caillou","author_link":"https:\/\/www.creusonslabible.fr\/?author=2"},"featured_img":"https:\/\/www.creusonslabible.fr\/wp-content\/uploads\/2017\/03\/fin_monde-1-1-300x103.jpg","coauthors":[],"tax_additional":{"categories":{"linked":["<a href=\"https:\/\/www.creusonslabible.fr\/?cat=91\" class=\"advgb-post-tax-term\">La fin des temps<\/a>","<a href=\"https:\/\/www.creusonslabible.fr\/?cat=24\" class=\"advgb-post-tax-term\">Textes Bibliques comment\u00e9s<\/a>"],"unlinked":["<span class=\"advgb-post-tax-term\">La fin des temps<\/span>","<span class=\"advgb-post-tax-term\">Textes Bibliques comment\u00e9s<\/span>"]},"tags":{"linked":["<a href=\"https:\/\/www.creusonslabible.fr\/?cat=24\" class=\"advgb-post-tax-term\">1 Thessaloniciens<\/a>","<a href=\"https:\/\/www.creusonslabible.fr\/?cat=24\" class=\"advgb-post-tax-term\">2 Pierre<\/a>","<a href=\"https:\/\/www.creusonslabible.fr\/?cat=24\" class=\"advgb-post-tax-term\">audio<\/a>","<a href=\"https:\/\/www.creusonslabible.fr\/?cat=24\" class=\"advgb-post-tax-term\">fin des temps<\/a>","<a href=\"https:\/\/www.creusonslabible.fr\/?cat=24\" class=\"advgb-post-tax-term\">retour de J\u00e9sus<\/a>"],"unlinked":["<span class=\"advgb-post-tax-term\">1 Thessaloniciens<\/span>","<span class=\"advgb-post-tax-term\">2 Pierre<\/span>","<span class=\"advgb-post-tax-term\">audio<\/span>","<span class=\"advgb-post-tax-term\">fin des temps<\/span>","<span class=\"advgb-post-tax-term\">retour de J\u00e9sus<\/span>"]}},"comment_count":"0","relative_dates":{"created":"Publi\u00e9 9 ans il y a","modified":"Mis \u00e0 jour 1 an il y a"},"absolute_dates":{"created":"Publi\u00e9 le 14 mars 2017","modified":"Mise \u00e0 jour le 24 janvier 2025"},"absolute_dates_time":{"created":"Publi\u00e9 le 14 mars 2017 14h44","modified":"Mise \u00e0 jour le 24 janvier 2025 12h58"},"featured_img_caption":"","series_order":"","meta_box":[],"_links":{"self":[{"href":"https:\/\/www.creusonslabible.fr\/index.php?rest_route=\/wp\/v2\/posts\/4941","targetHints":{"allow":["GET"]}}],"collection":[{"href":"https:\/\/www.creusonslabible.fr\/index.php?rest_route=\/wp\/v2\/posts"}],"about":[{"href":"https:\/\/www.creusonslabible.fr\/index.php?rest_route=\/wp\/v2\/types\/post"}],"author":[{"embeddable":true,"href":"https:\/\/www.creusonslabible.fr\/index.php?rest_route=\/wp\/v2\/users\/2"}],"replies":[{"embeddable":true,"href":"https:\/\/www.creusonslabible.fr\/index.php?rest_route=%2Fwp%2Fv2%2Fcomments&post=4941"}],"version-history":[{"count":2,"href":"https:\/\/www.creusonslabible.fr\/index.php?rest_route=\/wp\/v2\/posts\/4941\/revisions"}],"predecessor-version":[{"id":11218,"href":"https:\/\/www.creusonslabible.fr\/index.php?rest_route=\/wp\/v2\/posts\/4941\/revisions\/11218"}],"wp:featuredmedia":[{"embeddable":true,"href":"https:\/\/www.creusonslabible.fr\/index.php?rest_route=\/wp\/v2\/media\/4945"}],"wp:attachment":[{"href":"https:\/\/www.creusonslabible.fr\/index.php?rest_route=%2Fwp%2Fv2%2Fmedia&parent=4941"}],"wp:term":[{"taxonomy":"category","embeddable":true,"href":"https:\/\/www.creusonslabible.fr\/index.php?rest_route=%2Fwp%2Fv2%2Fcategories&post=4941"},{"taxonomy":"post_tag","embeddable":true,"href":"https:\/\/www.creusonslabible.fr\/index.php?rest_route=%2Fwp%2Fv2%2Ftags&post=4941"},{"taxonomy":"video","embeddable":true,"href":"https:\/\/www.creusonslabible.fr\/index.php?rest_route=%2Fwp%2Fv2%2Fvideo&post=4941"},{"taxonomy":"audio","embeddable":true,"href":"https:\/\/www.creusonslabible.fr\/index.php?rest_route=%2Fwp%2Fv2%2Faudio&post=4941"},{"taxonomy":"ecrit","embeddable":true,"href":"https:\/\/www.creusonslabible.fr\/index.php?rest_route=%2Fwp%2Fv2%2Fecrit&post=4941"},{"taxonomy":"mis-en-avant","embeddable":true,"href":"https:\/\/www.creusonslabible.fr\/index.php?rest_route=%2Fwp%2Fv2%2Fmis-en-avant&post=4941"},{"taxonomy":"redacteur","embeddable":true,"href":"https:\/\/www.creusonslabible.fr\/index.php?rest_route=%2Fwp%2Fv2%2Fredacteur&post=4941"},{"taxonomy":"type-darticle","embeddable":true,"href":"https:\/\/www.creusonslabible.fr\/index.php?rest_route=%2Fwp%2Fv2%2Ftype-darticle&post=4941"}],"curies":[{"name":"wp","href":"https:\/\/api.w.org\/{rel}","templated":true}]}}