{"id":497,"date":"2012-07-05T21:48:48","date_gmt":"2012-07-05T21:48:48","guid":{"rendered":"http:\/\/elearning.gbu.fr\/?p=497"},"modified":"2025-01-24T11:23:22","modified_gmt":"2025-01-24T09:23:22","slug":"romains-3-v-9-a-20","status":"publish","type":"post","link":"https:\/\/www.creusonslabible.fr\/?p=497","title":{"rendered":"Romains 3.9-20"},"content":{"rendered":"<p><em> Etude r\u00e9alis\u00e9e en janvier 2005 dans la s\u00e9rie de canevas sur l&rsquo;\u00e9pitre aux Romains.<\/em><\/p>\n<p><strong>Note pour l&rsquo;animateur :<\/strong> Il est recommand\u00e9 \u00e0 l&rsquo;animateur de lire l&rsquo;introduction \u00e0 l&rsquo;\u00e9p\u00eetre de Paul aux Romains <a href=\"http:\/\/www.creusonslabible.fr\/?p=264\" target=\"_blank\" rel=\"noopener\">ici<\/a>.<\/p>\n<h2><a name=\"intro\"><\/a>INTRODUCTION :<\/h2>\n<p>D&rsquo;apr\u00e8s le premier article de la D\u00e9claration des droits de l&rsquo;homme et du citoyen de 1789, <em>\u00ab les hommes naissent et demeurent libres et \u00e9gaux en droits \u00bb<\/em>.<br \/>\nDe quelle fa\u00e7on les hommes se consid\u00e8rent-ils libres et \u00e9gaux ?<br \/>\nSelon la Bible, de quelle mani\u00e8re cet article dit vrai d&rsquo;une part, mais se trompe d&rsquo;autre part ?<br \/>\nEt enfin, \u00e0 votre avis : sommes-nous vraiment \u00ab \u00e9gaux \u00bb et \u00ab libres \u00bb ?<\/p>\n<p><!--more--><\/p>\n<h2><a name=\"resum\"><\/a>UN PETIT R\u00c9SUM\u00c9 :<\/h2>\n<p><em>\u00ab Sommes-nous plus excellents ? \u00bb<\/em> (3.9). C&rsquo;est en parlant des Juifs qui croient cela, que Paul pose cette question \u00e0 laquelle il r\u00e9plique en rappelant qu&rsquo;il a d\u00e9j\u00e0 d\u00e9montr\u00e9 (chapitres 1 et 2) qu&rsquo;aussi bien les Juifs que les pa\u00efens sont p\u00e9cheurs devant Dieu. Puis, c&rsquo;est sur l&rsquo;\u00e9tat de l&rsquo;homme aux yeux de Dieu qu&rsquo;il tire ses conclusions avant d&rsquo;annoncer la Bonne Nouvelle.<\/p>\n<p><strong>Nous sommes tous \u00e9gaux mais pas libres ! <\/strong><\/p>\n<p>Paul cite plusieurs textes de l&rsquo;Ancien Testament (Eccl\u00e9siaste 7.20 ; Psaume 14.1-3 ; Psaume 5.9 ; Psaume 140.4 ; Psaume 10.7 ; \u00c9sa\u00efe 59.7-8) dont il en tire ses conclusions aux versets 19 et 20.<\/p>\n<ol>\n<ol>\n<li>Pourquoi Paul s&rsquo;appuie-t-il sur les \u00c9critures pour prouver la v\u00e9racit\u00e9 de son point de vue ? (voir aussi 2.14-21).<\/li>\n<\/ol>\n<\/ol>\n<p>&nbsp;<\/p>\n<ol>\n<ol>\n<li>D&rsquo;apr\u00e8s tous ces versets : 2.1 ; 2.17-23 ; 3.1 ; 3.3 ; 3.5, 3.7,8, pourquoi tout homme devrait-il se taire (3.19) ?<\/li>\n<\/ol>\n<\/ol>\n<p>&nbsp;<\/p>\n<ol>\n<ol>\n<li>Comment les textes de la loi d\u00e9montrent-ils l&rsquo;universalit\u00e9 du p\u00e9ch\u00e9 ?<br \/>\nEt donc, de quelle fa\u00e7on sommes-nous tous \u00ab \u00e9gaux \u00bb ?<\/li>\n<\/ol>\n<\/ol>\n<p>&nbsp;<\/p>\n<ol>\n<li>Paul dit que nous ne sommes pas \u00ab libres \u00bb, mais esclaves du p\u00e9ch\u00e9 (3.9).<br \/>\nQuelles sont les parties du corps de l&rsquo;homme infect\u00e9es par le p\u00e9ch\u00e9 selon les textes de l&rsquo;Ancien Testament ?<br \/>\nDe quelle fa\u00e7on \u00ab le p\u00e9ch\u00e9 \u00bb est-il d\u00e9fini selon ces textes ?<\/li>\n<\/ol>\n<h2><a name=\"appli\"><\/a>APPLICATION :<\/h2>\n<ul>\n<ul>\n<li>Est-ce que l&rsquo;homme est bon ? Mauvais ? Un peu des deux ?<\/li>\n<\/ul>\n<\/ul>\n<p>&nbsp;<\/p>\n<ul>\n<ul>\n<li>Sommes-nous tous \u00e9gaux au niveau de notre conduite morale ?<\/li>\n<\/ul>\n<\/ul>\n<p>&nbsp;<\/p>\n<ul>\n<ul>\n<li>Avons-nous tous la m\u00eame incapacit\u00e9 \u00e0 faire le bien ? La m\u00eame capacit\u00e9 \u00e0 faire le mal ?<\/li>\n<\/ul>\n<\/ul>\n<p>&nbsp;<\/p>\n<ul>\n<ul>\n<li>Que r\u00e9pondre \u00e0 un ami qui d\u00e9clare \u00eatre \u00ab libre \u00bb de faire ce qu&rsquo;il veut ?<\/li>\n<\/ul>\n<\/ul>\n<p>&nbsp;<\/p>\n<ul>\n<ul>\n<li>Quels sont les arguments que l&rsquo;on peut opposer \u00e0 la croyance qui affirme que l&rsquo;homme peut vraiment changer lui-m\u00eame la soci\u00e9t\u00e9 ou le monde ?<\/li>\n<\/ul>\n<\/ul>\n<p>&nbsp;<\/p>\n<ul>\n<ul>\n<li>Comment Paul voit-il les tentatives humaines pour \u00e9chapper au ch\u00e2timent divin ?<\/li>\n<\/ul>\n<\/ul>\n<p>&nbsp;<\/p>\n<ul>\n<ul>\n<li>Comment un homme peut-il prendre conscience de sa culpabilit\u00e9 devant Dieu ?<\/li>\n<\/ul>\n<\/ul>\n<p>&nbsp;<\/p>\n<ul>\n<ul>\n<li>Qu&rsquo;est-ce qui l&#8217;emp\u00eache de se remettre en question selon vous ?<\/li>\n<\/ul>\n<\/ul>\n<p>&nbsp;<\/p>\n<h2><a name=\"conclu\"><\/a>CONCLUSION :<\/h2>\n<p>Au d\u00e9but, nous avons \u00e9voqu\u00e9 le premier article de la D\u00e9claration des droits de l&rsquo;homme et du citoyen de 1789 : \u00ab les hommes naissent et demeurent libres et \u00e9gaux en droits \u00bb. Selon la Bible, l&rsquo;Ancien et le Nouveau Testament, nous avons compris une autre mani\u00e8re de voir l&rsquo;\u00e9tat de l&rsquo;homme. Chacun est invit\u00e9 maintenant \u00e0 r\u00e9diger un article pr\u00e9cisant, selon lui, les droits de l&rsquo;homme devant Dieu.<\/p>\n<p>M\u00eame si tous les hommes, Juifs et Grecs (non-Juifs), sont \u00ab \u00e9gaux \u00bb et \u00ab esclaves \u00bb du p\u00e9ch\u00e9, Dieu pourtant a une Bonne Nouvelle pour tous : \u00ab L&rsquo;\u00c9vangile est une puissance de Dieu pour le salut de quiconque croit, du Juif premi\u00e8rement, puis du Grec \u00bb (Romains 1.16).<\/p>\n<p>Donc n&rsquo;oubliez pas de revenir pour d\u00e9couvrir la suite !<\/p>\n","protected":false},"excerpt":{"rendered":"<p>Etude r\u00e9alis\u00e9e en janvier 2005 dans la s\u00e9rie de canevas sur l&rsquo;\u00e9pitre aux Romains. Note pour l&rsquo;animateur : Il est recommand\u00e9 \u00e0 l&rsquo;animateur de lire l&rsquo;introduction \u00e0 l&rsquo;\u00e9p\u00eetre de Paul aux Romains ici. INTRODUCTION : D&rsquo;apr\u00e8s le premier article de la D\u00e9claration des droits de l&rsquo;homme et du citoyen de 1789, \u00ab les hommes naissent [&hellip;]<\/p>\n","protected":false},"author":2,"featured_media":2250,"comment_status":"open","ping_status":"open","sticky":false,"template":"","format":"standard","meta":{"_acf_changed":false,"_eb_attr":"","advgb_blocks_editor_width":"","advgb_blocks_columns_visual_guide":"","footnotes":""},"categories":[10],"tags":[244,651,732,23,149,559],"video":[],"audio":[],"ecrit":[],"mis-en-avant":[],"redacteur":[],"type-darticle":[],"class_list":["post-497","post","type-post","status-publish","format-standard","has-post-thumbnail","hentry","category-discussions-autour-de-la-bible","tag-culpabilite","tag-ecrit","tag-egalite","tag-nouveau-testament","tag-peche","tag-romains"],"blocksy_meta":[],"acf":[],"featured_image_src":"https:\/\/www.creusonslabible.fr\/wp-content\/uploads\/2012\/07\/Romains-1.jpg","author_info":{"display_name":"caillou","author_link":"https:\/\/www.creusonslabible.fr\/?author=2"},"author_meta":{"display_name":"caillou","author_link":"https:\/\/www.creusonslabible.fr\/?author=2"},"featured_img":"https:\/\/www.creusonslabible.fr\/wp-content\/uploads\/2012\/07\/Romains-1.jpg","coauthors":[],"tax_additional":{"categories":{"linked":["<a href=\"https:\/\/www.creusonslabible.fr\/?cat=10\" class=\"advgb-post-tax-term\">Discussions autour de la Bible<\/a>"],"unlinked":["<span class=\"advgb-post-tax-term\">Discussions autour de la Bible<\/span>"]},"tags":{"linked":["<a href=\"https:\/\/www.creusonslabible.fr\/?cat=10\" class=\"advgb-post-tax-term\">culpabilit\u00e9<\/a>","<a href=\"https:\/\/www.creusonslabible.fr\/?cat=10\" class=\"advgb-post-tax-term\">\u00e9crit<\/a>","<a href=\"https:\/\/www.creusonslabible.fr\/?cat=10\" class=\"advgb-post-tax-term\">\u00e9galit\u00e9<\/a>","<a href=\"https:\/\/www.creusonslabible.fr\/?cat=10\" class=\"advgb-post-tax-term\">Nouveau-Testament<\/a>","<a href=\"https:\/\/www.creusonslabible.fr\/?cat=10\" class=\"advgb-post-tax-term\">p\u00e9ch\u00e9<\/a>","<a href=\"https:\/\/www.creusonslabible.fr\/?cat=10\" class=\"advgb-post-tax-term\">romains<\/a>"],"unlinked":["<span class=\"advgb-post-tax-term\">culpabilit\u00e9<\/span>","<span class=\"advgb-post-tax-term\">\u00e9crit<\/span>","<span class=\"advgb-post-tax-term\">\u00e9galit\u00e9<\/span>","<span class=\"advgb-post-tax-term\">Nouveau-Testament<\/span>","<span class=\"advgb-post-tax-term\">p\u00e9ch\u00e9<\/span>","<span class=\"advgb-post-tax-term\">romains<\/span>"]}},"comment_count":"0","relative_dates":{"created":"Publi\u00e9 14 ans il y a","modified":"Mis \u00e0 jour 1 an il y a"},"absolute_dates":{"created":"Publi\u00e9 le 5 juillet 2012","modified":"Mise \u00e0 jour le 24 janvier 2025"},"absolute_dates_time":{"created":"Publi\u00e9 le 5 juillet 2012 21h48","modified":"Mise \u00e0 jour le 24 janvier 2025 11h23"},"featured_img_caption":"","series_order":"","meta_box":[],"_links":{"self":[{"href":"https:\/\/www.creusonslabible.fr\/index.php?rest_route=\/wp\/v2\/posts\/497","targetHints":{"allow":["GET"]}}],"collection":[{"href":"https:\/\/www.creusonslabible.fr\/index.php?rest_route=\/wp\/v2\/posts"}],"about":[{"href":"https:\/\/www.creusonslabible.fr\/index.php?rest_route=\/wp\/v2\/types\/post"}],"author":[{"embeddable":true,"href":"https:\/\/www.creusonslabible.fr\/index.php?rest_route=\/wp\/v2\/users\/2"}],"replies":[{"embeddable":true,"href":"https:\/\/www.creusonslabible.fr\/index.php?rest_route=%2Fwp%2Fv2%2Fcomments&post=497"}],"version-history":[{"count":1,"href":"https:\/\/www.creusonslabible.fr\/index.php?rest_route=\/wp\/v2\/posts\/497\/revisions"}],"predecessor-version":[{"id":10840,"href":"https:\/\/www.creusonslabible.fr\/index.php?rest_route=\/wp\/v2\/posts\/497\/revisions\/10840"}],"wp:featuredmedia":[{"embeddable":true,"href":"https:\/\/www.creusonslabible.fr\/index.php?rest_route=\/wp\/v2\/media\/2250"}],"wp:attachment":[{"href":"https:\/\/www.creusonslabible.fr\/index.php?rest_route=%2Fwp%2Fv2%2Fmedia&parent=497"}],"wp:term":[{"taxonomy":"category","embeddable":true,"href":"https:\/\/www.creusonslabible.fr\/index.php?rest_route=%2Fwp%2Fv2%2Fcategories&post=497"},{"taxonomy":"post_tag","embeddable":true,"href":"https:\/\/www.creusonslabible.fr\/index.php?rest_route=%2Fwp%2Fv2%2Ftags&post=497"},{"taxonomy":"video","embeddable":true,"href":"https:\/\/www.creusonslabible.fr\/index.php?rest_route=%2Fwp%2Fv2%2Fvideo&post=497"},{"taxonomy":"audio","embeddable":true,"href":"https:\/\/www.creusonslabible.fr\/index.php?rest_route=%2Fwp%2Fv2%2Faudio&post=497"},{"taxonomy":"ecrit","embeddable":true,"href":"https:\/\/www.creusonslabible.fr\/index.php?rest_route=%2Fwp%2Fv2%2Fecrit&post=497"},{"taxonomy":"mis-en-avant","embeddable":true,"href":"https:\/\/www.creusonslabible.fr\/index.php?rest_route=%2Fwp%2Fv2%2Fmis-en-avant&post=497"},{"taxonomy":"redacteur","embeddable":true,"href":"https:\/\/www.creusonslabible.fr\/index.php?rest_route=%2Fwp%2Fv2%2Fredacteur&post=497"},{"taxonomy":"type-darticle","embeddable":true,"href":"https:\/\/www.creusonslabible.fr\/index.php?rest_route=%2Fwp%2Fv2%2Ftype-darticle&post=497"}],"curies":[{"name":"wp","href":"https:\/\/api.w.org\/{rel}","templated":true}]}}