{"id":501,"date":"2012-07-05T21:50:06","date_gmt":"2012-07-05T21:50:06","guid":{"rendered":"http:\/\/elearning.gbu.fr\/?p=501"},"modified":"2025-01-24T11:23:21","modified_gmt":"2025-01-24T09:23:21","slug":"romains-2-v17-29","status":"publish","type":"post","link":"https:\/\/www.creusonslabible.fr\/?p=501","title":{"rendered":"Romains 2.17-29"},"content":{"rendered":"<p><em> \u00c9tude r\u00e9alis\u00e9e en D\u00e9cembre 2005 dans la s\u00e9rie de canevas sur l&rsquo;\u00e9p\u00eetre aux Romains.<\/em><br \/>\n<strong>Note pour l&rsquo;animateur :<\/strong> Il est recommand\u00e9 \u00e0 l&rsquo;animateur de lire l&rsquo;introduction \u00e0 l&rsquo;\u00e9p\u00eetre de Paul aux Romains <a href=\"http:\/\/www.creusonslabible.fr\/?p=264\" target=\"_blank\" rel=\"noopener\">ici<\/a>.<\/p>\n<div><em> <strong>ID\u00c9E PRINCIPALE<\/strong> : la loi ne sauvera pas le juif religieux car il ne la suit pas. <\/em><\/div>\n<div><!--more--><\/div>\n<h2><a name=\"qr\"><\/a>QUESTION DE R\u00c9FLEXION :<\/h2>\n<p>Qu&rsquo;est-ce qui permet aux gens de penser qu&rsquo;ils \u00e9chapperont au jugement de Dieu ?<br \/>\nQue diraient vos amis, si vous leur posiez la question : comment \u00e9chapperez-vous au jugement de Dieu ? Les gens pensent qu&rsquo;ils \u00e9chapperont s&rsquo;ils essayent de faire le bien, ou alors s&rsquo;ils sont \u00ab de bonne foi \u00bb&#8230;<\/p>\n<h2><a name=\"et\"><\/a>\u00c9tude<\/h2>\n<p>Lire 2.17-29.<\/p>\n<ol>\n<ol>\n<li>Quelles sont vos premi\u00e8res impressions sur ce texte ? Pourquoi ?<\/li>\n<\/ol>\n<\/ol>\n<ol>\n<ol>\n<li>L&rsquo;ap\u00f4tre Paul \u00e9tait un juif form\u00e9 par Gamaliel, un des plus grands rabbins de l&rsquo;\u00e9poque. Selon Paul, comment les juifs religieux percevaient-ils leur relation avec Dieu ?\n<div><em> Ils se consid\u00e8rent \u00ab conducteurs des aveugles \u00bb : ceux qui connaissent Dieu et peuvent instruire les autres. Ils sont proches de Dieu. <\/em><\/div>\n<\/li>\n<\/ol>\n<\/ol>\n<ol>\n<ol>\n<li>\u00c0 quel point cette perception est-elle justifi\u00e9e ?\n<div><em> En aucun cas ! Ils n&rsquo;arrivent pas \u00e0 mettre en pratique la loi qu&rsquo;ils enseignent. <\/em><\/div>\n<\/li>\n<\/ol>\n<\/ol>\n<ol>\n<ol>\n<li>R\u00e9sumez l&rsquo;argument de Paul contre ces hommes \u00ab privil\u00e9gi\u00e9s \u00bb.\n<div><em> Vous avez la loi, mais vous la transgressez de nombreuses fa\u00e7ons. Donc il vous est impossible d&rsquo;obtenir votre justification devant Dieu. Au contraire, cette loi vous condamne. <\/em><\/div>\n<\/li>\n<\/ol>\n<\/ol>\n<ol>\n<ol>\n<li>Comment applique-t-il le principe d\u00e9j\u00e0 \u00e9nonc\u00e9 au v12-13 ?\n<div><em> Le jugement de Dieu prendra en compte ce que les gens savent. Donc les juifs qui connaissent la loi seront jug\u00e9s \u00e0 cause de leur d\u00e9sob\u00e9issance \u00e0 la loi. <\/em><\/div>\n<\/li>\n<\/ol>\n<\/ol>\n<ol>\n<ol>\n<li>Pour un juif de l&rsquo;\u00e9poque, la circoncision \u00e9tait le signe par excellence de l&rsquo;appartenance au peuple de Dieu. Selon l&rsquo;ap\u00f4tre, quelle est l&rsquo;implication de leur d\u00e9sob\u00e9issance \u00e0 la loi ?\n<div><em> Leur circoncision devient \u00ab incirconcision \u00bb, signe d&rsquo;appartenance aux peuples pa\u00efens, \u00e9loign\u00e9s de Dieu. <\/em><\/div>\n<\/li>\n<\/ol>\n<\/ol>\n<ol>\n<ol>\n<li>Comment d\u00e9finir un juif v\u00e9ritable, selon Paul ?\n<div><em> Selon son coeur : un vrai juif a le coeur circoncis, v29, par l&rsquo;Esprit de Dieu. \u00c7a implique une transformation profonde, effectu\u00e9e par Dieu. <\/em><\/div>\n<\/li>\n<\/ol>\n<\/ol>\n<ol>\n<ol>\n<li>Comment se fait-il que les juifs religieux, globalement, n&rsquo;arrivent pas \u00e0 la hauteur de la loi ?\n<div><em> Ils n&rsquo;arrivent pas \u00e0 ob\u00e9ir \u00e0 la loi que Dieu ordonne. Ils sont condamn\u00e9s pour hypocrisie. <\/em><\/div>\n<\/li>\n<\/ol>\n<\/ol>\n<ol>\n<ol>\n<li>\u00c0 votre avis, y a-t-il aujourd&rsquo;hui des personnes religieuses qui ressemblent aux juifs religieux dont parle Paul ? Si oui, qui sont-ils ?\n<div><em> Toute personne convaincue de sa propre \u00ab droiture \u00bb morale ou religieuse, qu&rsquo;elle soit juive, catholique, protestante, ou ath\u00e9e. <\/em><\/div>\n<\/li>\n<\/ol>\n<\/ol>\n<ol>\n<ol>\n<li>Avec un peu de recul, quel est l&rsquo;objectif de l&rsquo;ap\u00f4tre dans ce chapitre 2 ?\n<div><em> D\u00e9montrer que les personnes \u00ab justes \u00bb ou \u00ab religieuses \u00bb tombent aussi sous le jugement de Dieu. <\/em><\/div>\n<\/li>\n<\/ol>\n<\/ol>\n<p>&nbsp;<\/p>\n<ol>\n<li>Que dirait l&rsquo;ap\u00f4tre \u00e0 ceux qui pensent \u00e9chapper au jugement de Dieu, en se reposant sur des affirmations comme celles-ci ?\n<div>\n<p>&nbsp;<\/p>\n<ol>\n<ol>\n<li><em>\u00ab Je n&rsquo;aurais pas de souci avec Dieu ; je n&rsquo;ai jamais commis de meurtre&#8230;\u00bb<\/em><\/li>\n<\/ol>\n<\/ol>\n<ol>\n<ol>\n<li><em>\u00ab Je suis juif. J&rsquo;appartiens au peuple de Dieu. \u00bb<\/em><\/li>\n<\/ol>\n<\/ol>\n<ol>\n<ol>\n<li><em>\u00ab Je suis chr\u00e9tien baptis\u00e9. Je viens d&rsquo;une famille chr\u00e9tienne. Je vais \u00e0 l&rsquo;\u00e9glise. \u00bb<\/em><\/li>\n<\/ol>\n<\/ol>\n<p><em> C&rsquo;est l&rsquo;\u00e9tat de notre coeur que Dieu regarde. Et dans nos coeurs, nous avons tous d\u00e9sob\u00e9i \u00e0 Dieu. Tout ce qui est externe ne pourra pas nous sauver (voir en particulier le v28). <\/em><\/p>\n<\/div>\n<\/li>\n<\/ol>\n","protected":false},"excerpt":{"rendered":"<p>\u00c9tude r\u00e9alis\u00e9e en D\u00e9cembre 2005 dans la s\u00e9rie de canevas sur l&rsquo;\u00e9p\u00eetre aux Romains. Note pour l&rsquo;animateur : Il est recommand\u00e9 \u00e0 l&rsquo;animateur de lire l&rsquo;introduction \u00e0 l&rsquo;\u00e9p\u00eetre de Paul aux Romains ici. ID\u00c9E PRINCIPALE : la loi ne sauvera pas le juif religieux car il ne la suit pas.<\/p>\n","protected":false},"author":2,"featured_media":2250,"comment_status":"open","ping_status":"open","sticky":false,"template":"","format":"standard","meta":{"_acf_changed":false,"_eb_attr":"","advgb_blocks_editor_width":"","advgb_blocks_columns_visual_guide":"","footnotes":""},"categories":[10],"tags":[751,651,23,559],"video":[],"audio":[],"ecrit":[],"mis-en-avant":[],"redacteur":[],"type-darticle":[],"class_list":["post-501","post","type-post","status-publish","format-standard","has-post-thumbnail","hentry","category-discussions-autour-de-la-bible","tag-conscience","tag-ecrit","tag-nouveau-testament","tag-romains"],"blocksy_meta":[],"acf":[],"featured_image_src":"https:\/\/www.creusonslabible.fr\/wp-content\/uploads\/2012\/07\/Romains-1.jpg","author_info":{"display_name":"caillou","author_link":"https:\/\/www.creusonslabible.fr\/?author=2"},"author_meta":{"display_name":"caillou","author_link":"https:\/\/www.creusonslabible.fr\/?author=2"},"featured_img":"https:\/\/www.creusonslabible.fr\/wp-content\/uploads\/2012\/07\/Romains-1.jpg","coauthors":[],"tax_additional":{"categories":{"linked":["<a href=\"https:\/\/www.creusonslabible.fr\/?cat=10\" class=\"advgb-post-tax-term\">Discussions autour de la Bible<\/a>"],"unlinked":["<span class=\"advgb-post-tax-term\">Discussions autour de la Bible<\/span>"]},"tags":{"linked":["<a href=\"https:\/\/www.creusonslabible.fr\/?cat=10\" class=\"advgb-post-tax-term\">Conscience<\/a>","<a href=\"https:\/\/www.creusonslabible.fr\/?cat=10\" class=\"advgb-post-tax-term\">\u00e9crit<\/a>","<a href=\"https:\/\/www.creusonslabible.fr\/?cat=10\" class=\"advgb-post-tax-term\">Nouveau-Testament<\/a>","<a href=\"https:\/\/www.creusonslabible.fr\/?cat=10\" class=\"advgb-post-tax-term\">romains<\/a>"],"unlinked":["<span class=\"advgb-post-tax-term\">Conscience<\/span>","<span class=\"advgb-post-tax-term\">\u00e9crit<\/span>","<span class=\"advgb-post-tax-term\">Nouveau-Testament<\/span>","<span class=\"advgb-post-tax-term\">romains<\/span>"]}},"comment_count":"0","relative_dates":{"created":"Publi\u00e9 14 ans il y a","modified":"Mis \u00e0 jour 1 an il y a"},"absolute_dates":{"created":"Publi\u00e9 le 5 juillet 2012","modified":"Mise \u00e0 jour le 24 janvier 2025"},"absolute_dates_time":{"created":"Publi\u00e9 le 5 juillet 2012 21h50","modified":"Mise \u00e0 jour le 24 janvier 2025 11h23"},"featured_img_caption":"","series_order":"","meta_box":[],"_links":{"self":[{"href":"https:\/\/www.creusonslabible.fr\/index.php?rest_route=\/wp\/v2\/posts\/501","targetHints":{"allow":["GET"]}}],"collection":[{"href":"https:\/\/www.creusonslabible.fr\/index.php?rest_route=\/wp\/v2\/posts"}],"about":[{"href":"https:\/\/www.creusonslabible.fr\/index.php?rest_route=\/wp\/v2\/types\/post"}],"author":[{"embeddable":true,"href":"https:\/\/www.creusonslabible.fr\/index.php?rest_route=\/wp\/v2\/users\/2"}],"replies":[{"embeddable":true,"href":"https:\/\/www.creusonslabible.fr\/index.php?rest_route=%2Fwp%2Fv2%2Fcomments&post=501"}],"version-history":[{"count":1,"href":"https:\/\/www.creusonslabible.fr\/index.php?rest_route=\/wp\/v2\/posts\/501\/revisions"}],"predecessor-version":[{"id":10838,"href":"https:\/\/www.creusonslabible.fr\/index.php?rest_route=\/wp\/v2\/posts\/501\/revisions\/10838"}],"wp:featuredmedia":[{"embeddable":true,"href":"https:\/\/www.creusonslabible.fr\/index.php?rest_route=\/wp\/v2\/media\/2250"}],"wp:attachment":[{"href":"https:\/\/www.creusonslabible.fr\/index.php?rest_route=%2Fwp%2Fv2%2Fmedia&parent=501"}],"wp:term":[{"taxonomy":"category","embeddable":true,"href":"https:\/\/www.creusonslabible.fr\/index.php?rest_route=%2Fwp%2Fv2%2Fcategories&post=501"},{"taxonomy":"post_tag","embeddable":true,"href":"https:\/\/www.creusonslabible.fr\/index.php?rest_route=%2Fwp%2Fv2%2Ftags&post=501"},{"taxonomy":"video","embeddable":true,"href":"https:\/\/www.creusonslabible.fr\/index.php?rest_route=%2Fwp%2Fv2%2Fvideo&post=501"},{"taxonomy":"audio","embeddable":true,"href":"https:\/\/www.creusonslabible.fr\/index.php?rest_route=%2Fwp%2Fv2%2Faudio&post=501"},{"taxonomy":"ecrit","embeddable":true,"href":"https:\/\/www.creusonslabible.fr\/index.php?rest_route=%2Fwp%2Fv2%2Fecrit&post=501"},{"taxonomy":"mis-en-avant","embeddable":true,"href":"https:\/\/www.creusonslabible.fr\/index.php?rest_route=%2Fwp%2Fv2%2Fmis-en-avant&post=501"},{"taxonomy":"redacteur","embeddable":true,"href":"https:\/\/www.creusonslabible.fr\/index.php?rest_route=%2Fwp%2Fv2%2Fredacteur&post=501"},{"taxonomy":"type-darticle","embeddable":true,"href":"https:\/\/www.creusonslabible.fr\/index.php?rest_route=%2Fwp%2Fv2%2Ftype-darticle&post=501"}],"curies":[{"name":"wp","href":"https:\/\/api.w.org\/{rel}","templated":true}]}}