{"id":505,"date":"2012-07-05T21:51:18","date_gmt":"2012-07-05T21:51:18","guid":{"rendered":"http:\/\/elearning.gbu.fr\/?p=505"},"modified":"2025-01-24T11:23:21","modified_gmt":"2025-01-24T09:23:21","slug":"romains-118-32","status":"publish","type":"post","link":"https:\/\/www.creusonslabible.fr\/?p=505","title":{"rendered":"Romains 1.18-32"},"content":{"rendered":"<p><em> \u00c9tude r\u00e9alis\u00e9e en Novembre 2005 dans la s\u00e9rie de canevas sur l&rsquo;\u00e9p\u00eetre aux Romains.<\/em><\/p>\n<p><strong>Note pour l&rsquo;animateur :<\/strong> Il est recommand\u00e9 \u00e0 l&rsquo;animateur de lire l&rsquo;introduction \u00e0 l&rsquo;\u00e9p\u00eetre de Paul aux Romains <a href=\"http:\/\/www.creusonslabible.fr\/?p=264\" target=\"_blank\" rel=\"noopener\">ici<\/a>.<\/p>\n<h2><a name=\"intro\"><\/a> Id\u00e9e principale<\/h2>\n<p>L&rsquo;\u00e9tat de l&rsquo;humanit\u00e9 nous t\u00e9moigne de la col\u00e8re m\u00e9rit\u00e9e de Dieu contre notre p\u00e9ch\u00e9.<br \/>\nPour bien saisir l&rsquo;\u00c9vangile, il est n\u00e9cessaire de commencer par le probl\u00e8me du p\u00e9ch\u00e9 et <em>essentiel<\/em> de la col\u00e8re de Dieu.<\/p>\n<p><!--more--><\/p>\n<h2><a name=\"part1\"><\/a> QUESTIONS DE R\u00c9FLEXION<\/h2>\n<p>Quelles sont nos questions\/h\u00e9sitations \u00e0 propos de la <em>\u00ab\u00a0col\u00e8re de Dieu\u00a0\u00bb<\/em> aujourd&rsquo;hui ?<br \/>\nPourquoi ?<\/p>\n<p>Lire Romains 1.16-32 (commencez avec le v16 !)<\/p>\n<h2><a name=\"part2\"><\/a> QUESTIONS DE CONTEXTE<\/h2>\n<p>Selon les v16-17 (le r\u00e9sum\u00e9 de l&rsquo;\u00c9vangile) qu&rsquo;est-ce qui est <em>\u00ab\u00a0r\u00e9v\u00e9l\u00e9\u00a0\u00bb<\/em> dans l&rsquo;\u00c9vangile ? \u00c0 votre avis, qu&rsquo;est-ce que \u00e7a veut dire ? (essayez de l&rsquo;expliquer sans utiliser de termes th\u00e9ologiques)<\/p>\n<h2><a name=\"part3\"><\/a> VERSETS 18-21<\/h2>\n<ul>\n<li>Paul commence cette section en parlant d&rsquo;une autre <em>\u00ab\u00a0r\u00e9v\u00e9lation\u00a0\u00bb<\/em> : laquelle ?<\/li>\n<li>Qu&rsquo;est-ce qu&rsquo;il y a de surprenant dans cette affirmation ? Que nous apprend-t-elle sur la col\u00e8re de Dieu ? \u00c0 quel temps est le verbe ? Pourquoi est-ce inattendu ?<\/li>\n<li>Le probl\u00e8me du p\u00e9ch\u00e9 et de la col\u00e8re de Dieu, est-il un probl\u00e8me \u00e0 venir ou pr\u00e9sent ?<br \/>\nDans quel sens ?<\/li>\n<li>Quelle est la v\u00e9rit\u00e9 qui est <em>\u00ab\u00a0retenue captive\u00a0\u00bb<\/em>? Comment aper\u00e7oit-on cette v\u00e9rit\u00e9 ?\n<div><em>[NB : nous ne pouvons pas savoir tout sur Dieu \u00e0 partir de sa cr\u00e9ation, mais quelques \u00e9l\u00e9ments cl\u00e9s suffisent \u00e0 nous rendre coupables devant Dieu.]<\/em><\/div>\n<\/li>\n<li>Quelles cons\u00e9quences pour les hommes ?\n<div><em>[v20 : inexcusables ; v21 : \u00e9gar\u00e9s et le coeur plong\u00e9 dans les t\u00e9n\u00e8bres.]<\/em><\/div>\n<\/li>\n<li>Quelles sont vos r\u00e9actions par rapport \u00e0 ces versets ? Pourquoi ?<\/li>\n<\/ul>\n<h2><a name=\"part4\"><\/a> VERSETS 22-32<\/h2>\n<p>relire chacun pour soi, et rep\u00e9rez les phrases r\u00e9p\u00e9t\u00e9es<\/p>\n<ul>\n<ul>\n<li>Quelles phrases sont r\u00e9p\u00e9t\u00e9es ?<\/li>\n<li>Remplir le tableau ci-dessous (vous pouvez le faire sur une feuille A3 par ex&#8230;)<br \/>\n<table border=\"0\" cellspacing=\"1\" cellpadding=\"3\" bgcolor=\"black\">\n<tbody>\n<tr bgcolor=\"white\">\n<td><\/td>\n<td>\u00c9CHANGE<\/td>\n<td>VERSETS<\/td>\n<td>R\u00c9PONSE DE DIEU<\/td>\n<td>VERSETS<\/td>\n<\/tr>\n<tr bgcolor=\"white\">\n<td>1.<\/td>\n<td><\/td>\n<td><\/td>\n<td><\/td>\n<td><\/td>\n<\/tr>\n<tr bgcolor=\"white\">\n<td>2.<\/td>\n<td><\/td>\n<td><\/td>\n<td><\/td>\n<td><\/td>\n<\/tr>\n<tr bgcolor=\"white\">\n<td>3.<\/td>\n<td><\/td>\n<td><\/td>\n<td><\/td>\n<td><\/td>\n<\/tr>\n<\/tbody>\n<\/table>\n<\/li>\n<li>Pourquoi ces \u00e9changes sont-ils <em>\u00ab\u00a0insens\u00e9s\u00a0\u00bb<\/em> ?<\/li>\n<li>Essayez de trouver des exemples concrets de ces \u00e9changes.<\/li>\n<li>\u00c0 votre avis, la r\u00e9ponse de Dieu est-elle appropri\u00e9e ? Pourquoi ou pourquoi pas ?<\/li>\n<\/ul>\n<\/ul>\n<div><em> [NB : l&rsquo;accent sur une sexualit\u00e9 corrompue est parfaitement appropri\u00e9 \u00e0 l&rsquo;argument ici car le p\u00e9ch\u00e9 d\u00e9crit est celui de l&rsquo;idol\u00e2trie de la cr\u00e9ation, une idol\u00e2trie contrast\u00e9e avec la gloire de Dieu r\u00e9v\u00e9l\u00e9e \u00e0 travers sa cr\u00e9ation. Le p\u00e9ch\u00e9 repr\u00e9sentatif c&rsquo;est d&rsquo;adorer la cr\u00e9ature, et surtout la cr\u00e9ature qui vous ressemble, au lieu d&rsquo;adorer Celui qui est v\u00e9ritablement Autre, le Cr\u00e9ateur.] <\/em><\/div>\n<h2><a name=\"conclu\"><\/a> Pour conclure<\/h2>\n<ul>\n<li>\u00c0 votre avis, pourquoi Paul commence-t-il son expos\u00e9 de l&rsquo;\u00c9vangile ainsi ?<\/li>\n<li>Comment son argument r\u00e9pond-il \u00e0 nos questions et nos h\u00e9sitations soulev\u00e9es au d\u00e9but de l&rsquo;\u00e9tude ?<\/li>\n<li>Comment, dans nos coeurs, dans nos vies, rempla\u00e7ons-nous la v\u00e9rit\u00e9 de Dieu par des mensonges ?<\/li>\n<\/ul>\n","protected":false},"excerpt":{"rendered":"<p>\u00c9tude r\u00e9alis\u00e9e en Novembre 2005 dans la s\u00e9rie de canevas sur l&rsquo;\u00e9p\u00eetre aux Romains. Note pour l&rsquo;animateur : Il est recommand\u00e9 \u00e0 l&rsquo;animateur de lire l&rsquo;introduction \u00e0 l&rsquo;\u00e9p\u00eetre de Paul aux Romains ici. Id\u00e9e principale L&rsquo;\u00e9tat de l&rsquo;humanit\u00e9 nous t\u00e9moigne de la col\u00e8re m\u00e9rit\u00e9e de Dieu contre notre p\u00e9ch\u00e9. Pour bien saisir l&rsquo;\u00c9vangile, il est [&hellip;]<\/p>\n","protected":false},"author":2,"featured_media":2250,"comment_status":"open","ping_status":"open","sticky":false,"template":"","format":"standard","meta":{"_acf_changed":false,"_eb_attr":"","advgb_blocks_editor_width":"","advgb_blocks_columns_visual_guide":"","footnotes":""},"categories":[10],"tags":[651,416,23,149,559],"video":[],"audio":[],"ecrit":[],"mis-en-avant":[],"redacteur":[],"type-darticle":[],"class_list":["post-505","post","type-post","status-publish","format-standard","has-post-thumbnail","hentry","category-discussions-autour-de-la-bible","tag-ecrit","tag-jugement","tag-nouveau-testament","tag-peche","tag-romains"],"blocksy_meta":[],"acf":[],"featured_image_src":"https:\/\/www.creusonslabible.fr\/wp-content\/uploads\/2012\/07\/Romains-1.jpg","author_info":{"display_name":"caillou","author_link":"https:\/\/www.creusonslabible.fr\/?author=2"},"author_meta":{"display_name":"caillou","author_link":"https:\/\/www.creusonslabible.fr\/?author=2"},"featured_img":"https:\/\/www.creusonslabible.fr\/wp-content\/uploads\/2012\/07\/Romains-1.jpg","coauthors":[],"tax_additional":{"categories":{"linked":["<a href=\"https:\/\/www.creusonslabible.fr\/?cat=10\" class=\"advgb-post-tax-term\">Discussions autour de la Bible<\/a>"],"unlinked":["<span class=\"advgb-post-tax-term\">Discussions autour de la Bible<\/span>"]},"tags":{"linked":["<a href=\"https:\/\/www.creusonslabible.fr\/?cat=10\" class=\"advgb-post-tax-term\">\u00e9crit<\/a>","<a href=\"https:\/\/www.creusonslabible.fr\/?cat=10\" class=\"advgb-post-tax-term\">jugement<\/a>","<a href=\"https:\/\/www.creusonslabible.fr\/?cat=10\" class=\"advgb-post-tax-term\">Nouveau-Testament<\/a>","<a href=\"https:\/\/www.creusonslabible.fr\/?cat=10\" class=\"advgb-post-tax-term\">p\u00e9ch\u00e9<\/a>","<a href=\"https:\/\/www.creusonslabible.fr\/?cat=10\" class=\"advgb-post-tax-term\">romains<\/a>"],"unlinked":["<span class=\"advgb-post-tax-term\">\u00e9crit<\/span>","<span class=\"advgb-post-tax-term\">jugement<\/span>","<span class=\"advgb-post-tax-term\">Nouveau-Testament<\/span>","<span class=\"advgb-post-tax-term\">p\u00e9ch\u00e9<\/span>","<span class=\"advgb-post-tax-term\">romains<\/span>"]}},"comment_count":"0","relative_dates":{"created":"Publi\u00e9 14 ans il y a","modified":"Mis \u00e0 jour 1 an il y a"},"absolute_dates":{"created":"Publi\u00e9 le 5 juillet 2012","modified":"Mise \u00e0 jour le 24 janvier 2025"},"absolute_dates_time":{"created":"Publi\u00e9 le 5 juillet 2012 21h51","modified":"Mise \u00e0 jour le 24 janvier 2025 11h23"},"featured_img_caption":"","series_order":"","meta_box":[],"_links":{"self":[{"href":"https:\/\/www.creusonslabible.fr\/index.php?rest_route=\/wp\/v2\/posts\/505","targetHints":{"allow":["GET"]}}],"collection":[{"href":"https:\/\/www.creusonslabible.fr\/index.php?rest_route=\/wp\/v2\/posts"}],"about":[{"href":"https:\/\/www.creusonslabible.fr\/index.php?rest_route=\/wp\/v2\/types\/post"}],"author":[{"embeddable":true,"href":"https:\/\/www.creusonslabible.fr\/index.php?rest_route=\/wp\/v2\/users\/2"}],"replies":[{"embeddable":true,"href":"https:\/\/www.creusonslabible.fr\/index.php?rest_route=%2Fwp%2Fv2%2Fcomments&post=505"}],"version-history":[{"count":1,"href":"https:\/\/www.creusonslabible.fr\/index.php?rest_route=\/wp\/v2\/posts\/505\/revisions"}],"predecessor-version":[{"id":10836,"href":"https:\/\/www.creusonslabible.fr\/index.php?rest_route=\/wp\/v2\/posts\/505\/revisions\/10836"}],"wp:featuredmedia":[{"embeddable":true,"href":"https:\/\/www.creusonslabible.fr\/index.php?rest_route=\/wp\/v2\/media\/2250"}],"wp:attachment":[{"href":"https:\/\/www.creusonslabible.fr\/index.php?rest_route=%2Fwp%2Fv2%2Fmedia&parent=505"}],"wp:term":[{"taxonomy":"category","embeddable":true,"href":"https:\/\/www.creusonslabible.fr\/index.php?rest_route=%2Fwp%2Fv2%2Fcategories&post=505"},{"taxonomy":"post_tag","embeddable":true,"href":"https:\/\/www.creusonslabible.fr\/index.php?rest_route=%2Fwp%2Fv2%2Ftags&post=505"},{"taxonomy":"video","embeddable":true,"href":"https:\/\/www.creusonslabible.fr\/index.php?rest_route=%2Fwp%2Fv2%2Fvideo&post=505"},{"taxonomy":"audio","embeddable":true,"href":"https:\/\/www.creusonslabible.fr\/index.php?rest_route=%2Fwp%2Fv2%2Faudio&post=505"},{"taxonomy":"ecrit","embeddable":true,"href":"https:\/\/www.creusonslabible.fr\/index.php?rest_route=%2Fwp%2Fv2%2Fecrit&post=505"},{"taxonomy":"mis-en-avant","embeddable":true,"href":"https:\/\/www.creusonslabible.fr\/index.php?rest_route=%2Fwp%2Fv2%2Fmis-en-avant&post=505"},{"taxonomy":"redacteur","embeddable":true,"href":"https:\/\/www.creusonslabible.fr\/index.php?rest_route=%2Fwp%2Fv2%2Fredacteur&post=505"},{"taxonomy":"type-darticle","embeddable":true,"href":"https:\/\/www.creusonslabible.fr\/index.php?rest_route=%2Fwp%2Fv2%2Ftype-darticle&post=505"}],"curies":[{"name":"wp","href":"https:\/\/api.w.org\/{rel}","templated":true}]}}