{"id":5089,"date":"2017-05-24T10:03:34","date_gmt":"2017-05-24T08:03:34","guid":{"rendered":"http:\/\/www.creusonslabible.fr\/?p=5089"},"modified":"2025-01-23T17:03:46","modified_gmt":"2025-01-23T15:03:46","slug":"genese-10-11-babel-ou-le-triomphe-de-luniformite","status":"publish","type":"post","link":"https:\/\/www.creusonslabible.fr\/?p=5089","title":{"rendered":"Gen\u00e8se 10-11 : Babel ou la mondialisation du P\u00e9ch\u00e9"},"content":{"rendered":"<h3>Apr\u00e8s l&rsquo;\u00e9pisode du d\u00e9luge, Dieu se \u00ab\u00a0recr\u00e9e\u00a0\u00bb un peuple \u00e0 partir de la famille de No\u00e9. L&rsquo;humanit\u00e9\u00a0sera-t-elle plus fid\u00e8le qu&rsquo;avant ?<\/h3>\n<h3>Gen\u00e8se 10 : La table des nations<\/h3>\n<ul>\n<li>Quelle impression g\u00e9n\u00e9rale donne le chapitre 10\u00a0?<\/li>\n<li>Quel est le but de cette g\u00e9n\u00e9alogie ?<\/li>\n<li>Quels sont les noms que vous connaissez ?<\/li>\n<li>Quel personnage sort du lot\u00a0? <em>Nimrod (8) = rebelle en h\u00e9breux<\/em><\/li>\n<li>Quels sont ses traits de caract\u00e8re ? Comparez\u00a0avec les h\u00e9ros du chapitre 6.<\/li>\n<li>En quoi est-il particulier\u00a0?<\/li>\n<\/ul>\n<h3>Gen\u00e8se 11.1-4 : Empire state building<\/h3>\n<ul>\n<li>Quel \u00e9tait l&rsquo;ordre de Dieu en 9.1, 7 ?<\/li>\n<li>Quel est le projet des hommes ? Est-il conforme \u00e0 la volont\u00e9 de Dieu ?<\/li>\n<li>Pourquoi une tour\u00a0?<\/li>\n<li>Que sous-entend ce d\u00e9sir d\u2019avoir \u00ab\u00a0la t\u00eate dans le ciel\u00a0?\u00a0\u00bb et \u00ab\u00a0de se faire un nom\u00a0\u00bb ?<\/li>\n<li>Quelle est la place de Dieu dans leur projet\u00a0? Quel point commun avec l&rsquo;\u00e9pisode d&rsquo;Eden ?<\/li>\n<li>Nimrod est-il le chef de ce projet ? Comparez les 10.10 et 11.2.<\/li>\n<\/ul>\n<h3>Gen\u00e8se 11.5-6 : Vision du Ciel<\/h3>\n<ul>\n<li>Dieu est-il indiff\u00e9rent \u00e0 ce qui se trame\u00a0?<\/li>\n<li>Les hommes ont-ils l&rsquo;air de lui faire concurrence ?<em> Il descend pour les voir donc ils ont encore de la marge !<\/em><\/li>\n<li>Quel est le danger d&rsquo;apr\u00e8s Dieu ? Le comprenez-vous ? <em>R\u00e9f\u00e9rez-vous aux\u00a0chapitres\u00a03 \u00e0 7.<\/em><\/li>\n<\/ul>\n<h3>Gen\u00e8se 11.7-9 : \u00c9chec<\/h3>\n<ul>\n<li>Quel moyen original Dieu utilise-t-il pour contrecarrer le projet des hommes\u00a0?<\/li>\n<li>Est-ce un ch\u00e2timent ou une forme de p\u00e9dagogie pour que l&rsquo;humanit\u00e9 accomplisse sa mission ?<\/li>\n<li>Quel est le r\u00e9sultat\u00a0?<\/li>\n<\/ul>\n<h3>Lien avec la Nouvelle Alliance (questions inadapt\u00e9es aux novices)<\/h3>\n<ul>\n<li>En quoi la Pentec\u00f4te (Actes 2.1-12 puis 42-47) est-elle un anti-Babel ?<\/li>\n<li>Quel est le point commun entre les cons\u00e9quences du \u00ab\u00a0brouillage\u00a0\u00bb (Gn 11.9) et du meurtre d&rsquo;Etienne (Actes 8.1) ?<em> Le brouillage a oblig\u00e9 l&rsquo;homme \u00e0 se r\u00e9pandre sur toute la terre, le meurtre d&rsquo;\u00c9tienne a oblig\u00e9 les chr\u00e9tiens \u00e0 diffuser l&rsquo;\u00c9vangile sur toute la terre.<\/em><\/li>\n<\/ul>\n<h3>Pour conclure\u2026<\/h3>\n<ul>\n<li>La tentation de Babel a-t-elle disparu\u00a0?<\/li>\n<li>\u00c0 la lumi\u00e8re de ce r\u00e9cit, que penser de la mondialisation ?<\/li>\n<li>Que penser de la c\u00e9l\u00e9brit\u00e9, de la gloire, du buzz ?<\/li>\n<li>J\u00e9sus veut que ses disciples soient unis. Est-ce en contradiction avec ce r\u00e9cit ?<\/li>\n<\/ul>\n","protected":false},"excerpt":{"rendered":"<p>Apr\u00e8s l&rsquo;\u00e9pisode du d\u00e9luge, Dieu se \u00ab\u00a0recr\u00e9e\u00a0\u00bb un peuple \u00e0 partir de la famille de No\u00e9. L&rsquo;humanit\u00e9\u00a0sera-t-elle plus fid\u00e8le qu&rsquo;avant ? Gen\u00e8se 10 : La table des nations Quelle impression g\u00e9n\u00e9rale donne le chapitre 10\u00a0? Quel est le but de cette g\u00e9n\u00e9alogie ? Quels sont les noms que vous connaissez ? Quel personnage sort du [&hellip;]<\/p>\n","protected":false},"author":3,"featured_media":5094,"comment_status":"open","ping_status":"closed","sticky":false,"template":"","format":"standard","meta":{"_acf_changed":false,"_eb_attr":"","advgb_blocks_editor_width":"","advgb_blocks_columns_visual_guide":"","footnotes":""},"categories":[10,30],"tags":[187,651,188],"video":[],"audio":[],"ecrit":[],"mis-en-avant":[],"redacteur":[],"type-darticle":[],"class_list":["post-5089","post","type-post","status-publish","format-standard","has-post-thumbnail","hentry","category-discussions-autour-de-la-bible","category-le-peche-le-mal","tag-babel","tag-ecrit","tag-genealogie"],"blocksy_meta":[],"acf":[],"featured_image_src":"https:\/\/www.creusonslabible.fr\/wp-content\/uploads\/2017\/05\/Lucas_van_Valkenborch_-_The_Tower_of_Babel_-_WGA24260-1.jpg","author_info":{"display_name":"Yoh","author_link":"https:\/\/www.creusonslabible.fr\/?author=3"},"author_meta":{"display_name":"Yoh","author_link":"https:\/\/www.creusonslabible.fr\/?author=3"},"featured_img":"https:\/\/www.creusonslabible.fr\/wp-content\/uploads\/2017\/05\/Lucas_van_Valkenborch_-_The_Tower_of_Babel_-_WGA24260-1-300x213.jpg","coauthors":[],"tax_additional":{"categories":{"linked":["<a href=\"https:\/\/www.creusonslabible.fr\/?cat=10\" class=\"advgb-post-tax-term\">Discussions autour de la Bible<\/a>","<a href=\"https:\/\/www.creusonslabible.fr\/?cat=30\" class=\"advgb-post-tax-term\">Le P\u00e9ch\u00e9 \/ Le mal<\/a>"],"unlinked":["<span class=\"advgb-post-tax-term\">Discussions autour de la Bible<\/span>","<span class=\"advgb-post-tax-term\">Le P\u00e9ch\u00e9 \/ Le mal<\/span>"]},"tags":{"linked":["<a href=\"https:\/\/www.creusonslabible.fr\/?cat=30\" class=\"advgb-post-tax-term\">Babel<\/a>","<a href=\"https:\/\/www.creusonslabible.fr\/?cat=30\" class=\"advgb-post-tax-term\">\u00e9crit<\/a>","<a href=\"https:\/\/www.creusonslabible.fr\/?cat=30\" class=\"advgb-post-tax-term\">g\u00e9n\u00e9alogie<\/a>"],"unlinked":["<span class=\"advgb-post-tax-term\">Babel<\/span>","<span class=\"advgb-post-tax-term\">\u00e9crit<\/span>","<span class=\"advgb-post-tax-term\">g\u00e9n\u00e9alogie<\/span>"]}},"comment_count":"0","relative_dates":{"created":"Publi\u00e9 9 ans il y a","modified":"Mis \u00e0 jour 1 an il y a"},"absolute_dates":{"created":"Publi\u00e9 le 24 mai 2017","modified":"Mise \u00e0 jour le 23 janvier 2025"},"absolute_dates_time":{"created":"Publi\u00e9 le 24 mai 2017 10h03","modified":"Mise \u00e0 jour le 23 janvier 2025 17h03"},"featured_img_caption":"","series_order":"","meta_box":[],"_links":{"self":[{"href":"https:\/\/www.creusonslabible.fr\/index.php?rest_route=\/wp\/v2\/posts\/5089","targetHints":{"allow":["GET"]}}],"collection":[{"href":"https:\/\/www.creusonslabible.fr\/index.php?rest_route=\/wp\/v2\/posts"}],"about":[{"href":"https:\/\/www.creusonslabible.fr\/index.php?rest_route=\/wp\/v2\/types\/post"}],"author":[{"embeddable":true,"href":"https:\/\/www.creusonslabible.fr\/index.php?rest_route=\/wp\/v2\/users\/3"}],"replies":[{"embeddable":true,"href":"https:\/\/www.creusonslabible.fr\/index.php?rest_route=%2Fwp%2Fv2%2Fcomments&post=5089"}],"version-history":[{"count":1,"href":"https:\/\/www.creusonslabible.fr\/index.php?rest_route=\/wp\/v2\/posts\/5089\/revisions"}],"predecessor-version":[{"id":10638,"href":"https:\/\/www.creusonslabible.fr\/index.php?rest_route=\/wp\/v2\/posts\/5089\/revisions\/10638"}],"wp:featuredmedia":[{"embeddable":true,"href":"https:\/\/www.creusonslabible.fr\/index.php?rest_route=\/wp\/v2\/media\/5094"}],"wp:attachment":[{"href":"https:\/\/www.creusonslabible.fr\/index.php?rest_route=%2Fwp%2Fv2%2Fmedia&parent=5089"}],"wp:term":[{"taxonomy":"category","embeddable":true,"href":"https:\/\/www.creusonslabible.fr\/index.php?rest_route=%2Fwp%2Fv2%2Fcategories&post=5089"},{"taxonomy":"post_tag","embeddable":true,"href":"https:\/\/www.creusonslabible.fr\/index.php?rest_route=%2Fwp%2Fv2%2Ftags&post=5089"},{"taxonomy":"video","embeddable":true,"href":"https:\/\/www.creusonslabible.fr\/index.php?rest_route=%2Fwp%2Fv2%2Fvideo&post=5089"},{"taxonomy":"audio","embeddable":true,"href":"https:\/\/www.creusonslabible.fr\/index.php?rest_route=%2Fwp%2Fv2%2Faudio&post=5089"},{"taxonomy":"ecrit","embeddable":true,"href":"https:\/\/www.creusonslabible.fr\/index.php?rest_route=%2Fwp%2Fv2%2Fecrit&post=5089"},{"taxonomy":"mis-en-avant","embeddable":true,"href":"https:\/\/www.creusonslabible.fr\/index.php?rest_route=%2Fwp%2Fv2%2Fmis-en-avant&post=5089"},{"taxonomy":"redacteur","embeddable":true,"href":"https:\/\/www.creusonslabible.fr\/index.php?rest_route=%2Fwp%2Fv2%2Fredacteur&post=5089"},{"taxonomy":"type-darticle","embeddable":true,"href":"https:\/\/www.creusonslabible.fr\/index.php?rest_route=%2Fwp%2Fv2%2Ftype-darticle&post=5089"}],"curies":[{"name":"wp","href":"https:\/\/api.w.org\/{rel}","templated":true}]}}