{"id":511,"date":"2012-07-05T21:54:19","date_gmt":"2012-07-05T21:54:19","guid":{"rendered":"http:\/\/elearning.gbu.fr\/?p=511"},"modified":"2025-01-24T11:23:19","modified_gmt":"2025-01-24T09:23:19","slug":"jean-11-17-44-la-resurrection-et-la-vie","status":"publish","type":"post","link":"https:\/\/www.creusonslabible.fr\/?p=511","title":{"rendered":"Jean 11.17-44 &#8211; La r\u00e9surrection et la vie"},"content":{"rendered":"\n<h2 class=\"wp-block-heading\"><a><\/a><a><\/a>Question d&rsquo;introduction<\/h2>\n\n\n\n<ul class=\"wp-block-list\">\n<li>Est-ce qu&rsquo;il vous est d\u00e9j\u00e0 arriv\u00e9 de pleurer lors de la mort d&rsquo;un proche&nbsp;? Pourquoi&nbsp;?<\/li>\n\n\n\n<li>Est-ce qu&rsquo;il vous est arriv\u00e9, dans une situation similaire, de voir pleurer quelqu&rsquo;un que vous consid\u00e9riez comme un rocher in\u00e9branlable&nbsp;? Est-ce que vous saviez pourquoi, et est-ce que \u00e7a a chang\u00e9 votre vision de cette personne&nbsp;?<\/li>\n\n\n\n<li>Que pensent nos contemporains de ce qui se passe apr\u00e8s la mort&nbsp;? Sur quoi basent-ils leurs id\u00e9es&nbsp;?<\/li>\n<\/ul>\n\n\n\n<h2 class=\"wp-block-heading\"><a><\/a>Le texte (premier essai)<\/h2>\n\n\n\n<p>Alors lisons d&rsquo;abord le texte de Jean 11 verset 35 tous ensemble \u00e0 haute voix&#8230;<\/p>\n\n\n\n<p>Jean 11:35<a href=\"http:\/\/www.biblegateway.com\/passage\/?search=jean+11:35&amp;version=2\" target=\"_blank\" rel=\"noreferrer noopener\">[LSG]<\/a><a href=\"http:\/\/www.biblegateway.com\/passage\/?search=jean+11:35&amp;version=32\" target=\"_blank\" rel=\"noreferrer noopener\">[Semeur]<\/a>: \u00ab\u00a0J\u00e9sus pleura!\u00a0\u00bb<\/p>\n\n\n\n<p>Vous pouvez relire le texte chacun pour soi, pour vous familiariser avec son contenu. Tout le monde a fini&nbsp;? Pas de probl\u00e8mes de vocabulaire&nbsp;?<\/p>\n\n\n\n<h2 class=\"wp-block-heading\"><a><\/a>Observons le texte<\/h2>\n\n\n\n<ul class=\"wp-block-list\">\n<li>Qui sont les personnages&nbsp;?<\/li>\n<\/ul>\n\n\n\n<p>J\u00e9sus, bravo<\/p>\n\n\n\n<ul class=\"wp-block-list\">\n<li>Quelle est l&rsquo;action&nbsp;?<\/li>\n<\/ul>\n\n\n\n<p>il pleure, bon \u00e7a c&rsquo;est facile encore<\/p>\n\n\n\n<ul class=\"wp-block-list\">\n<li>Pouvez-vous r\u00e9sumer le texte en une phrase&nbsp;?<\/li>\n<\/ul>\n\n\n\n<p>J\u00e9sus pleura&nbsp;? quel taleeeent!<\/p>\n\n\n\n<ul class=\"wp-block-list\">\n<li>Quels sont les mots-cl\u00e9s de ce texte&nbsp;?<\/li>\n<\/ul>\n\n\n\n<p>\u00c7a parle de J\u00e9sus&#8230; et qu&rsquo;il pleurait&#8230; ok ok..<\/p>\n\n\n\n<p>Bon&#8230; vu qu&rsquo;on ne veut pas pi\u00e9tiner sur place ni faire du hors-contexte, on va lire un passage un peu plus important<\/p>\n\n\n\n<h2 class=\"wp-block-heading\"><a><\/a>Le texte (seconde lecture)<\/h2>\n\n\n\n<p>Lisons les versets 11 \u00e0 44 du chapitre 11 de Jean<\/p>\n\n\n\n<h2 class=\"wp-block-heading\"><a><\/a>Observons une seconde fois le texte<\/h2>\n\n\n\n<ul class=\"wp-block-list\">\n<li>D&rsquo;abord, est-ce que le contexte (p.ex. v. 25-27<a href=\"http:\/\/www.biblegateway.com\/passage\/?search=jean+11:25-27&amp;version=2\" target=\"_blank\" rel=\"noreferrer noopener\">[LSG]<\/a><a href=\"http:\/\/www.biblegateway.com\/passage\/?search=jean+11:25-27&amp;version=32\" target=\"_blank\" rel=\"noreferrer noopener\">[Semeur]<\/a> ) peut nous \u00e9clairer sur le personnage principal du verset 35, \u00e0 savoir J\u00e9sus&nbsp;? Que pr\u00e9tend-il \u00eatre&nbsp;? Que dit Marthe sur lui&nbsp;?<\/li>\n<\/ul>\n\n\n\n<p>J\u00e9sus dit qu&rsquo;il est la r\u00e9surrection et la vie. Marthe affirme qu&rsquo;il est le Christ, le Fils de Dieu, qui devait venir dans le monde<\/p>\n\n\n\n<ul class=\"wp-block-list\">\n<li>Que veut montrer l&rsquo;auteur sur la personne de J\u00e9sus&nbsp;?<\/li>\n<\/ul>\n\n\n\n<p>voir Jean 20:31<a href=\"http:\/\/www.biblegateway.com\/passage\/?search=jean+20:31&amp;version=2\" target=\"_blank\" rel=\"noreferrer noopener\">[LSG]<\/a><a href=\"http:\/\/www.biblegateway.com\/passage\/?search=jean+20:31&amp;version=32\" target=\"_blank\" rel=\"noreferrer noopener\">[Semeur]<\/a> Jean veut montrer par son \u00e9vangile que J\u00e9sus est le Christ, le Fils de Dieu pour que ses lecteurs aient la vie en mettant leur confiance en son nom<\/p>\n\n\n\n<ul class=\"wp-block-list\">\n<li>Quelles attentes ont Marthe, Marie et les autres de ce que J\u00e9sus peut faire&nbsp;? (v.21, 22, 32, 37)<\/li>\n\n\n\n<li>Que croit Marthe au sujet du dernier jour&nbsp;?<\/li>\n<\/ul>\n\n\n\n<h3 class=\"wp-block-heading\">Essayons de comprendre POURQUOI J\u00e9sus pleurait&#8230;<\/h3>\n\n\n\n<ul class=\"wp-block-list\">\n<li>Est-ce que le contexte peut nous donner des indications sur le cadre dans lequel J\u00e9sus pleure&nbsp;?<\/li>\n<\/ul>\n\n\n\n<p>Un ami \u00e0 lui, Lazare, vient de mourir. J\u00e9sus va voir le tombeau 4 jours apr\u00e8s l&rsquo;enterrement<\/p>\n\n\n\n<ul class=\"wp-block-list\">\n<li>Comment les gens autour interpr\u00e8tent-ils les pleurs de J\u00e9sus&nbsp;?<\/li>\n<\/ul>\n\n\n\n<p>v.36 et 37<a href=\"http:\/\/www.biblegateway.com\/passage\/?search=jean+11:36-37&amp;version=2\" target=\"_blank\" rel=\"noreferrer noopener\">[LSG]<\/a><a href=\"http:\/\/www.biblegateway.com\/passage\/?search=jean+11:36-37&amp;version=32\" target=\"_blank\" rel=\"noreferrer noopener\">[Semeur]<\/a> Ils disent que c&rsquo;est une preuve de l&rsquo;amour de J\u00e9sus pour Lazare, et certains se demandent pourquoi J\u00e9sus n&rsquo;a pas emp\u00each\u00e9 Lazare de mourir, puisqu&rsquo;il pouvait gu\u00e9rir des aveugles. Ils pensent peut-\u00eatre que J\u00e9sus regrette d&rsquo;\u00eatre venu trop tard&nbsp;!<\/p>\n\n\n\n<h2 class=\"wp-block-heading\"><a><\/a>Interpr\u00e9tation, compr\u00e9hension<\/h2>\n\n\n\n<ul class=\"wp-block-list\">\n<li>Qu&rsquo;est-ce que la r\u00e9action des gens v.37 montre sur ce qu&rsquo;ils pensent sur le pouvoir de J\u00e9sus&nbsp;?<\/li>\n<\/ul>\n\n\n\n<p>Ils avaient vu que J\u00e9sus pouvait gu\u00e9rir des maladies, et croyaient donc qu&rsquo;il pouvait le faire, mais ils n&rsquo;envisageaient pas que J\u00e9sus pourrait redonner la vie \u00e0 quelqu&rsquo;un qui est mort<\/p>\n\n\n\n<ul class=\"wp-block-list\">\n<li>Les r\u00e9actions v.36 et 37 sont-elles justifi\u00e9es&nbsp;?<\/li>\n<\/ul>\n\n\n\n<p>En tout cas J\u00e9sus aimait vraiment Lazare, cf v. 3 et 5. Mais il ne pleurait pas parce qu&rsquo;il regrettait de ne pas \u00eatre venu plus t\u00f4t, puisque, contrairement \u00e0 ce que semblaient penser les gens, il montrera par la suite que Dieu lui donne le pouvoir aussi bien sur la mort que sur la maladie. (cf v. 41-44). En plus, J\u00e9sus savait d\u00e9j\u00e0 que Lazare allait mourir, et qu&rsquo;il le ressusciterait (cf v.14 et 11 et 42). Donc, m\u00eame si J\u00e9sus aimait son ami Lazare, ce n&rsquo;\u00e9tait pas une raison d&rsquo;\u00eatre d\u00e9sesp\u00e9r\u00e9 et de pleurer&#8230;<\/p>\n\n\n\n<ul class=\"wp-block-list\">\n<li>Dans ce passage, l&rsquo;auteur pr\u00e9cise deux autres fois que J\u00e9sus \u00e9tait \u00e9mu (v.33 et 38). Est-ce que cette consid\u00e9ration peut nous \u00e9clairer&nbsp;?<\/li>\n<\/ul>\n\n\n\n<p>v.33: J\u00e9sus est \u00e9mu en voyant Marie et les autres pleurer. v.38: Il est boulevers\u00e9 en entendant les gens se demander s&rsquo;il n&rsquo;aurait pas pu emp\u00eacher que Lazare meure. D\u00e9duction: J\u00e9sus est \u00e9mu, et m\u00eame indign\u00e9 (v.33) par l&rsquo;effet de la mort sur les \u00eatres humains<\/p>\n\n\n\n<ul class=\"wp-block-list\">\n<li>Qu&rsquo;est-ce que cette \u00e9motion de J\u00e9sus montre sur lui-m\u00eame et sur sa relation avec les autres \u00eatres humains&nbsp;?<\/li>\n<\/ul>\n\n\n\n<p>Par le fait qu&rsquo;il ait des \u00e9motions, et qu&rsquo;il a une sympathie avec eux&#8230; Il comprend la frayeur humaine devant la mort, et \u00e7a le touche profond\u00e9ment<\/p>\n\n\n\n<p>Le centre du verset 35 est le personnage de J\u00e9sus. Or, \u00e9tymologiquement, J\u00e9sus signifie: DIEU SAUVE!<\/p>\n\n\n\n<ul class=\"wp-block-list\">\n<li>Quelles auraient \u00e9t\u00e9 les cons\u00e9quences si J\u00e9sus s&rsquo;\u00e9tait arr\u00eat\u00e9 \u00e0 ses pleurs, et n&rsquo;avait pas ressuscit\u00e9 Lazare&nbsp;?<\/li>\n<\/ul>\n\n\n\n<p>J\u00e9sus aurait, certes, montr\u00e9 son amour pour les humains, mais aussi son impuissance face \u00e0 la mort&nbsp;!<\/p>\n\n\n\n<ul class=\"wp-block-list\">\n<li>Comment J\u00e9sus montre-t-il son autorit\u00e9 sur la mort&nbsp;? Comment ce miracle est-il li\u00e9 avec ce qu&rsquo;il a pr\u00e9tendu aux versets 25-26&nbsp;? Que montre le fait que Dieu exauce sa pri\u00e8re de ressusciter Lazare&nbsp;?<\/li>\n<\/ul>\n\n\n\n<p>Dieu seul, lui qui a cr\u00e9\u00e9 la vie, a le pouvoir sur la vie et la mort. Si donc il exauce la pri\u00e8re de J\u00e9sus, cela implique qu&rsquo;il approuve ce que J\u00e9sus dit et fait&#8230; y compris que J\u00e9sus se d\u00e9clare Fils de Dieu et Vie<\/p>\n\n\n\n<ul class=\"wp-block-list\">\n<li>Est-ce que l&rsquo;\u00e9tymologie du mot J\u00e9sus peut expliquer quelque chose&nbsp;?<\/li>\n<\/ul>\n\n\n\n<p>J\u00e9sus signifie: Dieu sauve! \u00c7a colle parfaitement dans ce passage, o\u00f9 Dieu sauve la vie d&rsquo;un homme au travers de J\u00e9sus. Et J\u00e9sus veut sauver les hommes parce qu&rsquo;il a compassion de la mort dont le poids \u00e9crase l&rsquo;humanit\u00e9<\/p>\n\n\n\n<h2 class=\"wp-block-heading\"><a><\/a>Application<\/h2>\n\n\n\n<p>Pour finir, voyons CE QUE \u00c7A PEUT CHANGER POUR NOUS d&rsquo;avoir r\u00e9fl\u00e9chi sur ce verset (dans son contexte)&#8230;<\/p>\n\n\n\n<ul class=\"wp-block-list\">\n<li>Pouvons-nous nous reconna\u00eetre dans le d\u00e9sespoir que Marie et Marthe ont pu ressentir lors de la mort de leur fr\u00e8re&nbsp;? Est-ce que \u00e7a nous arrive de nous sentir compl\u00e8tement paralys\u00e9s par notre faiblesse absolue face \u00e0 la mort&nbsp;? Quelle peut \u00eatre notre approche de la mort et de la vie d&rsquo;apr\u00e8s ce texte&nbsp;? Si les affirmations de J\u00e9sus sont justes, comment devrait-on r\u00e9pondre&nbsp;? Quelles sont les implications si on l&rsquo;accepte&nbsp;? Si on le rejette&nbsp;?<\/li>\n<\/ul>\n\n\n\n<p>J\u00e9sus nous propose de mettre notre confiance en lui, parce qu&rsquo;il est \u00ab\u00a0la r\u00e9surrection et la vie&#8230; et que celui qui croit en lui vivra, m\u00eame s&rsquo;il meurt.\u00a0\u00bb (v.25) L&rsquo;auteur Jean d\u00e9veloppe plus ces aspects tout au long de son \u00e9vangile&nbsp;!<\/p>\n\n\n\n<ul class=\"wp-block-list\">\n<li>Est-ce que vous avez des proches d\u00e9sesp\u00e9r\u00e9s par la mort d&rsquo;un bien-aim\u00e9&nbsp;? J\u00e9sus nous donne-t-il une id\u00e9e sur comment se comporter, en tant que chr\u00e9tien, face \u00e0 des gens qui sont en deuil&nbsp;?<\/li>\n<\/ul>\n\n\n\n<p>J\u00e9sus nous donne un bon exemple&nbsp;! Il ne s&rsquo;interdit pas de pleurer, et a une compassion sinc\u00e8re avec les personnes en deuil&#8230; Mais il leur montre clairement que c&rsquo;est lui qui a le dernier mot face \u00e0 la mort. C&rsquo;est justement parce que J\u00e9sus conna\u00eet la gravit\u00e9 de la mort qu&rsquo;il a \u00e0 coeur de vaincre la mort! Et il a vaincu la mort, condamnation de Dieu pour notre p\u00e9ch\u00e9, en mourant lui-m\u00eame \u00e0 notre place&#8230; et en ressuscitant \u00e0 P\u00e2ques&nbsp;! C&rsquo;est ce ferme espoir en J\u00e9sus, qui est notre Sauveur et Seigneur, que nous pouvons essayer communiquer \u00e0 nos proches&#8230;<\/p>\n\n\n\n<ul class=\"wp-block-list\">\n<li>Dans cette situation, J\u00e9sus (Fils de Dieu) pleura. Qu&rsquo;est-ce que \u00e7a montre sur l&rsquo;attitude de Dieu quand nous d\u00e9sesp\u00e9rons dans une situation dans laquelle nous jugeons Dieu impuissant&nbsp;?<\/li>\n<\/ul>\n\n\n\n<p>Cela attriste Dieu profond\u00e9ment, parce qu&rsquo;il nous aime et veut que nous remettions notre faiblesse et imperfection \u00e0 sa gr\u00e2ce toute-puissante. Si on peut lui faire confiance qu&rsquo;il a vaincu la mort, on peut aussi remettre entre ses mains d&rsquo;autres situations de notre quotidien. Dieu peut choisir de ne pas faire comme nous le souhaiterions, mais il est souverain sur toutes choses&#8230; et c&rsquo;est g\u00e9nial et lib\u00e9rateur de le savoir et de le vivre au quotidien&nbsp;! J\u00e9sus, c&rsquo;est Dieu qui pleure et qui sauve&#8230;<\/p>\n","protected":false},"excerpt":{"rendered":"<p>Question d&rsquo;introduction Le texte (premier essai) Alors lisons d&rsquo;abord le texte de Jean 11 verset 35 tous ensemble \u00e0 haute voix&#8230; Jean 11:35[LSG][Semeur]: \u00ab\u00a0J\u00e9sus pleura!\u00a0\u00bb Vous pouvez relire le texte chacun pour soi, pour vous familiariser avec son contenu. Tout le monde a fini&nbsp;? Pas de probl\u00e8mes de vocabulaire&nbsp;? Observons le texte J\u00e9sus, bravo il [&hellip;]<\/p>\n","protected":false},"author":2,"featured_media":2013,"comment_status":"open","ping_status":"open","sticky":false,"template":"","format":"standard","meta":{"_acf_changed":false,"_eb_attr":"","advgb_blocks_editor_width":"","advgb_blocks_columns_visual_guide":"","footnotes":""},"categories":[10],"tags":[651,131,23],"video":[],"audio":[],"ecrit":[],"mis-en-avant":[],"redacteur":[],"type-darticle":[],"class_list":["post-511","post","type-post","status-publish","format-standard","has-post-thumbnail","hentry","category-discussions-autour-de-la-bible","tag-ecrit","tag-jean","tag-nouveau-testament"],"blocksy_meta":[],"acf":[],"featured_image_src":"https:\/\/www.creusonslabible.fr\/wp-content\/uploads\/2012\/07\/reslazare-1.jpg","author_info":{"display_name":"caillou","author_link":"https:\/\/www.creusonslabible.fr\/?author=2"},"author_meta":{"display_name":"caillou","author_link":"https:\/\/www.creusonslabible.fr\/?author=2"},"featured_img":"https:\/\/www.creusonslabible.fr\/wp-content\/uploads\/2012\/07\/reslazare-1.jpg","coauthors":[],"tax_additional":{"categories":{"linked":["<a href=\"https:\/\/www.creusonslabible.fr\/?cat=10\" class=\"advgb-post-tax-term\">Discussions autour de la Bible<\/a>"],"unlinked":["<span class=\"advgb-post-tax-term\">Discussions autour de la Bible<\/span>"]},"tags":{"linked":["<a href=\"https:\/\/www.creusonslabible.fr\/?cat=10\" class=\"advgb-post-tax-term\">\u00e9crit<\/a>","<a href=\"https:\/\/www.creusonslabible.fr\/?cat=10\" class=\"advgb-post-tax-term\">Jean<\/a>","<a href=\"https:\/\/www.creusonslabible.fr\/?cat=10\" class=\"advgb-post-tax-term\">Nouveau-Testament<\/a>"],"unlinked":["<span class=\"advgb-post-tax-term\">\u00e9crit<\/span>","<span class=\"advgb-post-tax-term\">Jean<\/span>","<span class=\"advgb-post-tax-term\">Nouveau-Testament<\/span>"]}},"comment_count":"0","relative_dates":{"created":"Publi\u00e9 14 ans il y a","modified":"Mis \u00e0 jour 1 an il y a"},"absolute_dates":{"created":"Publi\u00e9 le 5 juillet 2012","modified":"Mise \u00e0 jour le 24 janvier 2025"},"absolute_dates_time":{"created":"Publi\u00e9 le 5 juillet 2012 21h54","modified":"Mise \u00e0 jour le 24 janvier 2025 11h23"},"featured_img_caption":"","series_order":"","meta_box":[],"_links":{"self":[{"href":"https:\/\/www.creusonslabible.fr\/index.php?rest_route=\/wp\/v2\/posts\/511","targetHints":{"allow":["GET"]}}],"collection":[{"href":"https:\/\/www.creusonslabible.fr\/index.php?rest_route=\/wp\/v2\/posts"}],"about":[{"href":"https:\/\/www.creusonslabible.fr\/index.php?rest_route=\/wp\/v2\/types\/post"}],"author":[{"embeddable":true,"href":"https:\/\/www.creusonslabible.fr\/index.php?rest_route=\/wp\/v2\/users\/2"}],"replies":[{"embeddable":true,"href":"https:\/\/www.creusonslabible.fr\/index.php?rest_route=%2Fwp%2Fv2%2Fcomments&post=511"}],"version-history":[{"count":1,"href":"https:\/\/www.creusonslabible.fr\/index.php?rest_route=\/wp\/v2\/posts\/511\/revisions"}],"predecessor-version":[{"id":10833,"href":"https:\/\/www.creusonslabible.fr\/index.php?rest_route=\/wp\/v2\/posts\/511\/revisions\/10833"}],"wp:featuredmedia":[{"embeddable":true,"href":"https:\/\/www.creusonslabible.fr\/index.php?rest_route=\/wp\/v2\/media\/2013"}],"wp:attachment":[{"href":"https:\/\/www.creusonslabible.fr\/index.php?rest_route=%2Fwp%2Fv2%2Fmedia&parent=511"}],"wp:term":[{"taxonomy":"category","embeddable":true,"href":"https:\/\/www.creusonslabible.fr\/index.php?rest_route=%2Fwp%2Fv2%2Fcategories&post=511"},{"taxonomy":"post_tag","embeddable":true,"href":"https:\/\/www.creusonslabible.fr\/index.php?rest_route=%2Fwp%2Fv2%2Ftags&post=511"},{"taxonomy":"video","embeddable":true,"href":"https:\/\/www.creusonslabible.fr\/index.php?rest_route=%2Fwp%2Fv2%2Fvideo&post=511"},{"taxonomy":"audio","embeddable":true,"href":"https:\/\/www.creusonslabible.fr\/index.php?rest_route=%2Fwp%2Fv2%2Faudio&post=511"},{"taxonomy":"ecrit","embeddable":true,"href":"https:\/\/www.creusonslabible.fr\/index.php?rest_route=%2Fwp%2Fv2%2Fecrit&post=511"},{"taxonomy":"mis-en-avant","embeddable":true,"href":"https:\/\/www.creusonslabible.fr\/index.php?rest_route=%2Fwp%2Fv2%2Fmis-en-avant&post=511"},{"taxonomy":"redacteur","embeddable":true,"href":"https:\/\/www.creusonslabible.fr\/index.php?rest_route=%2Fwp%2Fv2%2Fredacteur&post=511"},{"taxonomy":"type-darticle","embeddable":true,"href":"https:\/\/www.creusonslabible.fr\/index.php?rest_route=%2Fwp%2Fv2%2Ftype-darticle&post=511"}],"curies":[{"name":"wp","href":"https:\/\/api.w.org\/{rel}","templated":true}]}}