{"id":5159,"date":"2017-06-03T00:55:49","date_gmt":"2017-06-02T22:55:49","guid":{"rendered":"http:\/\/www.creusonslabible.fr\/?p=5159"},"modified":"2025-01-23T17:14:57","modified_gmt":"2025-01-23T15:14:57","slug":"actes-2-que-sest-il-passe-a-la-pentecote","status":"publish","type":"post","link":"https:\/\/www.creusonslabible.fr\/?p=5159","title":{"rendered":"Actes 2 : Que s&rsquo;est-il pass\u00e9 \u00e0 la Pentec\u00f4te ?"},"content":{"rendered":"\n<h2 class=\"wp-block-heading\">Des&nbsp;choses extraordinaires se sont produites \u00e0 J\u00e9rusalem, 50 jours apr\u00e8s la crucifixion de J\u00e9sus ! Mais quel sens donner \u00e0&nbsp;ces \u00e9v\u00e9nements ? Analyse du tr\u00e8s riche r\u00e9cit de l&rsquo;effusion du Saint Esprit sur les premiers chr\u00e9tiens.<\/h2>\n\n\n\n<h2 class=\"wp-block-heading\">&nbsp;<\/h2>\n\n\n\n<p>Cet expos\u00e9 biblique a \u00e9t\u00e9 donn\u00e9 lors d&rsquo;une soir\u00e9e Interfac \u00e0 Paris dans le cadre d&rsquo;une s\u00e9rie sur les Actes des Ap\u00f4tres. Il a \u00e9t\u00e9 suivi de discussions en petits groupes.<\/p>\n\n\n\n<h2 class=\"wp-block-heading\"><a href=\"http:\/\/elearning.gbu.fr\/audio\/Exposes%20divers\/Actes_2_Karim_Arezki.mp3\">Actes 2<\/a><\/h2>\n\n\n\n<figure class=\"wp-block-audio\"><audio controls src=\"http:\/\/elearning.gbu.fr\/audio\/Exposes%20divers\/Actes_2_Karim_Arezki.mp3\"><\/audio><\/figure>\n\n\n\n<p><a href=\"http:\/\/elearning.gbu.fr\/audio\/Exposes%20divers\/Actes_2_Karim_Arezki.mp3\">t\u00e9l\u00e9charger (clic droit \u2013 enregistrer la cible du lien sous)<\/a><\/p>\n","protected":false},"excerpt":{"rendered":"<p>Des&nbsp;choses extraordinaires se sont produites \u00e0 J\u00e9rusalem, 50 jours apr\u00e8s la crucifixion de J\u00e9sus ! Mais quel sens donner \u00e0&nbsp;ces \u00e9v\u00e9nements ? Analyse du tr\u00e8s riche r\u00e9cit de l&rsquo;effusion du Saint Esprit sur les premiers chr\u00e9tiens. &nbsp; Cet expos\u00e9 biblique a \u00e9t\u00e9 donn\u00e9 lors d&rsquo;une soir\u00e9e Interfac \u00e0 Paris dans le cadre d&rsquo;une s\u00e9rie sur [&hellip;]<\/p>\n","protected":false},"author":3,"featured_media":5161,"comment_status":"open","ping_status":"closed","sticky":false,"template":"","format":"standard","meta":{"_acf_changed":false,"_eb_attr":"","advgb_blocks_editor_width":"","advgb_blocks_columns_visual_guide":"","footnotes":""},"categories":[200,197,24],"tags":[694,199,657,201,23,202,203],"video":[],"audio":[],"ecrit":[],"mis-en-avant":[],"redacteur":[],"type-darticle":[],"class_list":["post-5159","post","type-post","status-publish","format-standard","has-post-thumbnail","hentry","category-dieu-le-saint-esprit","category-l-eglise","category-textes-bibliques-commentes","tag-actes","tag-actes-2","tag-audio","tag-discours-de-pierre","tag-nouveau-testament","tag-pentecote","tag-saint-esprit"],"blocksy_meta":[],"acf":[],"featured_image_src":"https:\/\/www.creusonslabible.fr\/wp-content\/uploads\/2017\/06\/fire-33009_640-1.png","author_info":{"display_name":"Yoh","author_link":"https:\/\/www.creusonslabible.fr\/?author=3"},"author_meta":{"display_name":"Yoh","author_link":"https:\/\/www.creusonslabible.fr\/?author=3"},"featured_img":"https:\/\/www.creusonslabible.fr\/wp-content\/uploads\/2017\/06\/fire-33009_640-1-239x300.png","coauthors":[],"tax_additional":{"categories":{"linked":["<a href=\"https:\/\/www.creusonslabible.fr\/?cat=200\" class=\"advgb-post-tax-term\">Dieu le Saint-Esprit<\/a>","<a href=\"https:\/\/www.creusonslabible.fr\/?cat=197\" class=\"advgb-post-tax-term\">L&#039;\u00c9glise<\/a>","<a href=\"https:\/\/www.creusonslabible.fr\/?cat=24\" class=\"advgb-post-tax-term\">Textes Bibliques comment\u00e9s<\/a>"],"unlinked":["<span class=\"advgb-post-tax-term\">Dieu le Saint-Esprit<\/span>","<span class=\"advgb-post-tax-term\">L&#039;\u00c9glise<\/span>","<span class=\"advgb-post-tax-term\">Textes Bibliques comment\u00e9s<\/span>"]},"tags":{"linked":["<a href=\"https:\/\/www.creusonslabible.fr\/?cat=24\" class=\"advgb-post-tax-term\">Actes<\/a>","<a href=\"https:\/\/www.creusonslabible.fr\/?cat=24\" class=\"advgb-post-tax-term\">Actes 2<\/a>","<a href=\"https:\/\/www.creusonslabible.fr\/?cat=24\" class=\"advgb-post-tax-term\">audio<\/a>","<a href=\"https:\/\/www.creusonslabible.fr\/?cat=24\" class=\"advgb-post-tax-term\">discours de Pierre<\/a>","<a href=\"https:\/\/www.creusonslabible.fr\/?cat=24\" class=\"advgb-post-tax-term\">Nouveau-Testament<\/a>","<a href=\"https:\/\/www.creusonslabible.fr\/?cat=24\" class=\"advgb-post-tax-term\">Pentec\u00f4te<\/a>","<a href=\"https:\/\/www.creusonslabible.fr\/?cat=24\" class=\"advgb-post-tax-term\">Saint-Esprit<\/a>"],"unlinked":["<span class=\"advgb-post-tax-term\">Actes<\/span>","<span class=\"advgb-post-tax-term\">Actes 2<\/span>","<span class=\"advgb-post-tax-term\">audio<\/span>","<span class=\"advgb-post-tax-term\">discours de Pierre<\/span>","<span class=\"advgb-post-tax-term\">Nouveau-Testament<\/span>","<span class=\"advgb-post-tax-term\">Pentec\u00f4te<\/span>","<span class=\"advgb-post-tax-term\">Saint-Esprit<\/span>"]}},"comment_count":"0","relative_dates":{"created":"Publi\u00e9 9 ans il y a","modified":"Mis \u00e0 jour 1 an il y a"},"absolute_dates":{"created":"Publi\u00e9 le 3 juin 2017","modified":"Mise \u00e0 jour le 23 janvier 2025"},"absolute_dates_time":{"created":"Publi\u00e9 le 3 juin 2017 0h55","modified":"Mise \u00e0 jour le 23 janvier 2025 17h14"},"featured_img_caption":"","series_order":"","meta_box":[],"_links":{"self":[{"href":"https:\/\/www.creusonslabible.fr\/index.php?rest_route=\/wp\/v2\/posts\/5159","targetHints":{"allow":["GET"]}}],"collection":[{"href":"https:\/\/www.creusonslabible.fr\/index.php?rest_route=\/wp\/v2\/posts"}],"about":[{"href":"https:\/\/www.creusonslabible.fr\/index.php?rest_route=\/wp\/v2\/types\/post"}],"author":[{"embeddable":true,"href":"https:\/\/www.creusonslabible.fr\/index.php?rest_route=\/wp\/v2\/users\/3"}],"replies":[{"embeddable":true,"href":"https:\/\/www.creusonslabible.fr\/index.php?rest_route=%2Fwp%2Fv2%2Fcomments&post=5159"}],"version-history":[{"count":1,"href":"https:\/\/www.creusonslabible.fr\/index.php?rest_route=\/wp\/v2\/posts\/5159\/revisions"}],"predecessor-version":[{"id":10694,"href":"https:\/\/www.creusonslabible.fr\/index.php?rest_route=\/wp\/v2\/posts\/5159\/revisions\/10694"}],"wp:featuredmedia":[{"embeddable":true,"href":"https:\/\/www.creusonslabible.fr\/index.php?rest_route=\/wp\/v2\/media\/5161"}],"wp:attachment":[{"href":"https:\/\/www.creusonslabible.fr\/index.php?rest_route=%2Fwp%2Fv2%2Fmedia&parent=5159"}],"wp:term":[{"taxonomy":"category","embeddable":true,"href":"https:\/\/www.creusonslabible.fr\/index.php?rest_route=%2Fwp%2Fv2%2Fcategories&post=5159"},{"taxonomy":"post_tag","embeddable":true,"href":"https:\/\/www.creusonslabible.fr\/index.php?rest_route=%2Fwp%2Fv2%2Ftags&post=5159"},{"taxonomy":"video","embeddable":true,"href":"https:\/\/www.creusonslabible.fr\/index.php?rest_route=%2Fwp%2Fv2%2Fvideo&post=5159"},{"taxonomy":"audio","embeddable":true,"href":"https:\/\/www.creusonslabible.fr\/index.php?rest_route=%2Fwp%2Fv2%2Faudio&post=5159"},{"taxonomy":"ecrit","embeddable":true,"href":"https:\/\/www.creusonslabible.fr\/index.php?rest_route=%2Fwp%2Fv2%2Fecrit&post=5159"},{"taxonomy":"mis-en-avant","embeddable":true,"href":"https:\/\/www.creusonslabible.fr\/index.php?rest_route=%2Fwp%2Fv2%2Fmis-en-avant&post=5159"},{"taxonomy":"redacteur","embeddable":true,"href":"https:\/\/www.creusonslabible.fr\/index.php?rest_route=%2Fwp%2Fv2%2Fredacteur&post=5159"},{"taxonomy":"type-darticle","embeddable":true,"href":"https:\/\/www.creusonslabible.fr\/index.php?rest_route=%2Fwp%2Fv2%2Ftype-darticle&post=5159"}],"curies":[{"name":"wp","href":"https:\/\/api.w.org\/{rel}","templated":true}]}}