{"id":517,"date":"2012-07-05T21:57:02","date_gmt":"2012-07-05T21:57:02","guid":{"rendered":"http:\/\/elearning.gbu.fr\/?p=517"},"modified":"2025-01-24T11:23:18","modified_gmt":"2025-01-24T09:23:18","slug":"jean-1-v35-51-quand-jesus-recrute","status":"publish","type":"post","link":"https:\/\/www.creusonslabible.fr\/?p=517","title":{"rendered":"Jean 1.35-51 &#8211; Quand J\u00e9sus recrute"},"content":{"rendered":"<p><em> \u00c9tude r\u00e9alis\u00e9e par Yohann Tourne, Secr\u00e9taire Itin\u00e9rant de la r\u00e9gion centre, dans le cadre du projet canevas. date : octobre 2002.<\/em><\/p>\n<p><!--more--><\/p>\n<h3><span style=\"font-family: Lucida Grande,sans-serif;\"><span style=\"font-size: large;\">OBSERVATION<\/span><\/span><\/h3>\n<ul>\n<li><span style=\"font-family: Lucida Grande,sans-serif;\"><span style=\"font-size: medium;\">\u00c0 quel moment de la vie de J\u00e9sus sommes-nous\u00a0?<\/span><\/span><\/li>\n<li><span style=\"font-family: Lucida Grande,sans-serif;\"><span style=\"font-size: medium;\">Qui sont les premiers disciples\u00a0?<\/span><\/span><\/li>\n<li><span style=\"font-family: Lucida Grande,sans-serif;\"><span style=\"font-size: medium;\">Comment J\u00e9sus les recrute-t-il\u00a0?<\/span><\/span><\/li>\n<li><span style=\"font-family: Lucida Grande,sans-serif;\"><span style=\"font-size: medium;\">Quelle est la phrase que les deux parties de notre passage ont en commun\u00a0? En quoi est-elle la phrase cl\u00e9 de ce passage\u00a0?<\/span><\/span><\/li>\n<li><span style=\"font-family: Lucida Grande,sans-serif;\"><span style=\"font-size: medium;\">Dans ce passage, quel est le disciple que J\u00e9sus \u00e0 l\u2019air de vraiment choisir\u00a0?<\/span><\/span><\/li>\n<li><span style=\"font-family: Lucida Grande,sans-serif;\"><span style=\"font-size: medium;\">Quel argument Andr\u00e9 et Philippe utilisent-ils pour amener Pierre et Nathana\u00ebl \u00e0 J\u00e9sus\u00a0?<\/span><\/span><\/li>\n<\/ul>\n<p>&nbsp;<\/p>\n<h3><span style=\"font-family: Lucida Grande,sans-serif;\"><span style=\"font-size: large;\">INTERPR\u00c9TATION<\/span><\/span><\/h3>\n<ul>\n<li><span style=\"font-family: Lucida Grande,sans-serif;\"><span style=\"font-size: medium;\">La premi\u00e8re r\u00e9action de Nathana\u00ebl est plut\u00f4t n\u00e9gative\u2026 Qu\u2019est ce qui est la base de sa r\u00e9sistance \u00e0 l\u2019\u00e9gard de J\u00e9sus\u00a0?<\/span><\/span><\/li>\n<li><span style=\"font-family: Lucida Grande,sans-serif;\"><span style=\"font-size: medium;\">Pourquoi Philippe ne s\u2019est-il pas d\u00e9courag\u00e9 face \u00e0 la question du v. 46\u00a0?<\/span><\/span><\/li>\n<li><span style=\"font-family: Lucida Grande,sans-serif;\"><span style=\"font-size: medium;\">Que signifie, pour un juif de l\u2019\u00e9poque, les paroles de Nathana\u00ebl au v.49\u00a0?<\/span><\/span><\/li>\n<li><span style=\"font-family: Lucida Grande,sans-serif;\"><span style=\"font-size: medium;\">Comment a pu s\u2019op\u00e9rer un tel changement chez lui\u00a0?<\/span><\/span><\/li>\n<li><span style=\"font-family: Lucida Grande,sans-serif;\"><span style=\"font-size: medium;\">Comment J\u00e9sus \u00e9value-t-il la foi de Nathana\u00ebl \u00e0 ce stade-ci\u00a0?<\/span><\/span><\/li>\n<li><span style=\"font-family: Lucida Grande,sans-serif;\"><span style=\"font-size: medium;\">En tant que sp\u00e9cialiste des \u00c9critures, Nathana\u00ebl conna\u00eet bien l\u2019histoire de Jacob. Quel peut \u00eatre pour lui le sens de cette promesse de J\u00e9sus au v.51\u00a0?<\/span><\/span><\/li>\n<\/ul>\n<p>&nbsp;<\/p>\n<h3><span style=\"font-family: Lucida Grande,sans-serif;\"><span style=\"font-size: large;\">APPLICATION<\/span><\/span><\/h3>\n<ul>\n<li><span style=\"font-family: Lucida Grande,sans-serif;\"><span style=\"font-size: medium;\">Qu\u2019est-ce que le \u00ab\u00a0viens et voit\u00a0\u00bb nous apprend sur notre fa\u00e7on de pr\u00e9senter l\u2019\u00c9vangile \u00e0 nos amis\u00a0?<\/span><\/span><\/li>\n<li><span style=\"font-family: Lucida Grande,sans-serif;\"><span style=\"font-size: medium;\">Dans quels travers cela nous \u00e9vite-t-il de tomber\u00a0?<\/span><\/span><\/li>\n<li><span style=\"font-family: Lucida Grande,sans-serif;\"><span style=\"font-size: medium;\">Qu\u2019est-ce qui peut nous emp\u00eacher de r\u00e9agir avec autant d\u2019enthousiasme qu\u2019Andr\u00e9 et Philippe pour annoncer la Bonne Nouvelle \u00e0 notre entourage\u00a0?<\/span><\/span><\/li>\n<li><span style=\"font-family: Lucida Grande,sans-serif;\"><span style=\"font-size: medium;\">Qu\u2019est-ce qui peut nous encourager\u00a0?<\/span><\/span><\/li>\n<li><span style=\"font-family: Lucida Grande,sans-serif;\"><span style=\"font-size: medium;\">Comment un incident mineur comme celui du figuier (v.48) peut-il susciter une telle conviction et un tel enthousiasme\u00a0?<\/span><\/span><\/li>\n<li><span style=\"font-family: Lucida Grande,sans-serif;\"><span style=\"font-size: medium;\">La Bible peut-elle avoir le m\u00eame effet\u00a0?<\/span><\/span><\/li>\n<li><span style=\"font-family: Lucida Grande,sans-serif;\"><span style=\"font-size: medium;\">Quel est (a \u00e9t\u00e9) la mani\u00e8re dont vous accueillez (avez accueilli) le message de J\u00e9sus\u00a0? <\/span><\/span><\/li>\n<\/ul>\n","protected":false},"excerpt":{"rendered":"<p>\u00c9tude r\u00e9alis\u00e9e par Yohann Tourne, Secr\u00e9taire Itin\u00e9rant de la r\u00e9gion centre, dans le cadre du projet canevas. date : octobre 2002.<\/p>\n","protected":false},"author":2,"featured_media":2130,"comment_status":"open","ping_status":"open","sticky":false,"template":"","format":"standard","meta":{"_acf_changed":false,"_eb_attr":"","advgb_blocks_editor_width":"","advgb_blocks_columns_visual_guide":"","footnotes":""},"categories":[10],"tags":[651,131,23],"video":[],"audio":[],"ecrit":[],"mis-en-avant":[],"redacteur":[],"type-darticle":[],"class_list":["post-517","post","type-post","status-publish","format-standard","has-post-thumbnail","hentry","category-discussions-autour-de-la-bible","tag-ecrit","tag-jean","tag-nouveau-testament"],"blocksy_meta":[],"acf":[],"featured_image_src":"https:\/\/www.creusonslabible.fr\/wp-content\/uploads\/2012\/07\/jesus-recrute-1.jpg","author_info":{"display_name":"caillou","author_link":"https:\/\/www.creusonslabible.fr\/?author=2"},"author_meta":{"display_name":"caillou","author_link":"https:\/\/www.creusonslabible.fr\/?author=2"},"featured_img":"https:\/\/www.creusonslabible.fr\/wp-content\/uploads\/2012\/07\/jesus-recrute-1.jpg","coauthors":[],"tax_additional":{"categories":{"linked":["<a href=\"https:\/\/www.creusonslabible.fr\/?cat=10\" class=\"advgb-post-tax-term\">Discussions autour de la Bible<\/a>"],"unlinked":["<span class=\"advgb-post-tax-term\">Discussions autour de la Bible<\/span>"]},"tags":{"linked":["<a href=\"https:\/\/www.creusonslabible.fr\/?cat=10\" class=\"advgb-post-tax-term\">\u00e9crit<\/a>","<a href=\"https:\/\/www.creusonslabible.fr\/?cat=10\" class=\"advgb-post-tax-term\">Jean<\/a>","<a href=\"https:\/\/www.creusonslabible.fr\/?cat=10\" class=\"advgb-post-tax-term\">Nouveau-Testament<\/a>"],"unlinked":["<span class=\"advgb-post-tax-term\">\u00e9crit<\/span>","<span class=\"advgb-post-tax-term\">Jean<\/span>","<span class=\"advgb-post-tax-term\">Nouveau-Testament<\/span>"]}},"comment_count":"0","relative_dates":{"created":"Publi\u00e9 14 ans il y a","modified":"Mis \u00e0 jour 1 an il y a"},"absolute_dates":{"created":"Publi\u00e9 le 5 juillet 2012","modified":"Mise \u00e0 jour le 24 janvier 2025"},"absolute_dates_time":{"created":"Publi\u00e9 le 5 juillet 2012 21h57","modified":"Mise \u00e0 jour le 24 janvier 2025 11h23"},"featured_img_caption":"","series_order":"","meta_box":[],"_links":{"self":[{"href":"https:\/\/www.creusonslabible.fr\/index.php?rest_route=\/wp\/v2\/posts\/517","targetHints":{"allow":["GET"]}}],"collection":[{"href":"https:\/\/www.creusonslabible.fr\/index.php?rest_route=\/wp\/v2\/posts"}],"about":[{"href":"https:\/\/www.creusonslabible.fr\/index.php?rest_route=\/wp\/v2\/types\/post"}],"author":[{"embeddable":true,"href":"https:\/\/www.creusonslabible.fr\/index.php?rest_route=\/wp\/v2\/users\/2"}],"replies":[{"embeddable":true,"href":"https:\/\/www.creusonslabible.fr\/index.php?rest_route=%2Fwp%2Fv2%2Fcomments&post=517"}],"version-history":[{"count":1,"href":"https:\/\/www.creusonslabible.fr\/index.php?rest_route=\/wp\/v2\/posts\/517\/revisions"}],"predecessor-version":[{"id":10830,"href":"https:\/\/www.creusonslabible.fr\/index.php?rest_route=\/wp\/v2\/posts\/517\/revisions\/10830"}],"wp:featuredmedia":[{"embeddable":true,"href":"https:\/\/www.creusonslabible.fr\/index.php?rest_route=\/wp\/v2\/media\/2130"}],"wp:attachment":[{"href":"https:\/\/www.creusonslabible.fr\/index.php?rest_route=%2Fwp%2Fv2%2Fmedia&parent=517"}],"wp:term":[{"taxonomy":"category","embeddable":true,"href":"https:\/\/www.creusonslabible.fr\/index.php?rest_route=%2Fwp%2Fv2%2Fcategories&post=517"},{"taxonomy":"post_tag","embeddable":true,"href":"https:\/\/www.creusonslabible.fr\/index.php?rest_route=%2Fwp%2Fv2%2Ftags&post=517"},{"taxonomy":"video","embeddable":true,"href":"https:\/\/www.creusonslabible.fr\/index.php?rest_route=%2Fwp%2Fv2%2Fvideo&post=517"},{"taxonomy":"audio","embeddable":true,"href":"https:\/\/www.creusonslabible.fr\/index.php?rest_route=%2Fwp%2Fv2%2Faudio&post=517"},{"taxonomy":"ecrit","embeddable":true,"href":"https:\/\/www.creusonslabible.fr\/index.php?rest_route=%2Fwp%2Fv2%2Fecrit&post=517"},{"taxonomy":"mis-en-avant","embeddable":true,"href":"https:\/\/www.creusonslabible.fr\/index.php?rest_route=%2Fwp%2Fv2%2Fmis-en-avant&post=517"},{"taxonomy":"redacteur","embeddable":true,"href":"https:\/\/www.creusonslabible.fr\/index.php?rest_route=%2Fwp%2Fv2%2Fredacteur&post=517"},{"taxonomy":"type-darticle","embeddable":true,"href":"https:\/\/www.creusonslabible.fr\/index.php?rest_route=%2Fwp%2Fv2%2Ftype-darticle&post=517"}],"curies":[{"name":"wp","href":"https:\/\/api.w.org\/{rel}","templated":true}]}}