{"id":5207,"date":"2017-06-30T01:45:56","date_gmt":"2017-06-29T23:45:56","guid":{"rendered":"http:\/\/www.creusonslabible.fr\/?p=5207"},"modified":"2025-01-23T17:33:19","modified_gmt":"2025-01-23T15:33:19","slug":"1-pierre-3-8-4-6-une-esperance-qui-change-le-monde","status":"publish","type":"post","link":"https:\/\/www.creusonslabible.fr\/?p=5207","title":{"rendered":"1 Pierre 3.8-4.6 : Une esp\u00e9rance qui change le monde"},"content":{"rendered":"\n<h2 class=\"wp-block-heading\">Qu&rsquo;est-ce qui marque la fronti\u00e8re entre les pers\u00e9cut\u00e9s et les pers\u00e9cuteurs, entre les sauv\u00e9s et les perdus ? La bapt\u00eame.<\/h2>\n\n\n\n<p>Ceci est le quatri\u00e8me expos\u00e9 biblique du camp \u00c0 Fond La Form&rsquo; de juin 2017<\/p>\n\n\n\n<h2 class=\"wp-block-heading\"><a href=\"http:\/\/elearning.gbu.fr\/audio\/AFLF2017%201%20Pierre\/4.%201%20Pierre%203.8-4.6.mp3\"> 1 Pierre 3.8-4.6 : Une esp\u00e9rance qui change le monde<\/a><\/h2>\n\n\n\n<figure class=\"wp-block-audio\"><audio controls src=\"http:\/\/elearning.gbu.fr\/audio\/AFLF2017%201%20Pierre\/4.%201%20Pierre%203.8-4.6.mp3\"><\/audio><\/figure>\n\n\n\n<p><br><a href=\"http:\/\/elearning.gbu.fr\/audio\/AFLF2017%201%20Pierre\/4.%201%20Pierre%203.8-4.6.mp3\">t\u00e9l\u00e9charger (clic droit \u2013 enregistrer la cible du lien sous)<\/a><\/p>\n\n\n\n<p>&nbsp;<\/p>\n","protected":false},"excerpt":{"rendered":"<p>Qu&rsquo;est-ce qui marque la fronti\u00e8re entre les pers\u00e9cut\u00e9s et les pers\u00e9cuteurs, entre les sauv\u00e9s et les perdus ? La bapt\u00eame. Ceci est le quatri\u00e8me expos\u00e9 biblique du camp \u00c0 Fond La Form&rsquo; de juin 2017 1 Pierre 3.8-4.6 : Une esp\u00e9rance qui change le monde t\u00e9l\u00e9charger (clic droit \u2013 enregistrer la cible du lien sous) [&hellip;]<\/p>\n","protected":false},"author":3,"featured_media":5208,"comment_status":"open","ping_status":"closed","sticky":false,"template":"","format":"standard","meta":{"_acf_changed":false,"_eb_attr":"","advgb_blocks_editor_width":"","advgb_blocks_columns_visual_guide":"","footnotes":""},"categories":[39,24],"tags":[160,657,209],"video":[],"audio":[],"ecrit":[],"mis-en-avant":[],"redacteur":[],"type-darticle":[],"class_list":["post-5207","post","type-post","status-publish","format-standard","has-post-thumbnail","hentry","category-la-vie-chretienne","category-textes-bibliques-commentes","tag-1-pierre","tag-audio","tag-bapteme"],"blocksy_meta":[],"acf":[],"featured_image_src":"https:\/\/www.creusonslabible.fr\/wp-content\/uploads\/2017\/06\/fish-2063712_640-1.png","author_info":{"display_name":"Yoh","author_link":"https:\/\/www.creusonslabible.fr\/?author=3"},"author_meta":{"display_name":"Yoh","author_link":"https:\/\/www.creusonslabible.fr\/?author=3"},"featured_img":"https:\/\/www.creusonslabible.fr\/wp-content\/uploads\/2017\/06\/fish-2063712_640-1-300x241.png","coauthors":[],"tax_additional":{"categories":{"linked":["<a href=\"https:\/\/www.creusonslabible.fr\/?cat=39\" class=\"advgb-post-tax-term\">La vie chr\u00e9tienne<\/a>","<a href=\"https:\/\/www.creusonslabible.fr\/?cat=24\" class=\"advgb-post-tax-term\">Textes Bibliques comment\u00e9s<\/a>"],"unlinked":["<span class=\"advgb-post-tax-term\">La vie chr\u00e9tienne<\/span>","<span class=\"advgb-post-tax-term\">Textes Bibliques comment\u00e9s<\/span>"]},"tags":{"linked":["<a href=\"https:\/\/www.creusonslabible.fr\/?cat=24\" class=\"advgb-post-tax-term\">1 Pierre<\/a>","<a href=\"https:\/\/www.creusonslabible.fr\/?cat=24\" class=\"advgb-post-tax-term\">audio<\/a>","<a href=\"https:\/\/www.creusonslabible.fr\/?cat=24\" class=\"advgb-post-tax-term\">bapt\u00eame<\/a>"],"unlinked":["<span class=\"advgb-post-tax-term\">1 Pierre<\/span>","<span class=\"advgb-post-tax-term\">audio<\/span>","<span class=\"advgb-post-tax-term\">bapt\u00eame<\/span>"]}},"comment_count":"1","relative_dates":{"created":"Publi\u00e9 9 ans il y a","modified":"Mis \u00e0 jour 1 an il y a"},"absolute_dates":{"created":"Publi\u00e9 le 30 juin 2017","modified":"Mise \u00e0 jour le 23 janvier 2025"},"absolute_dates_time":{"created":"Publi\u00e9 le 30 juin 2017 1h45","modified":"Mise \u00e0 jour le 23 janvier 2025 17h33"},"featured_img_caption":"","series_order":"","meta_box":[],"_links":{"self":[{"href":"https:\/\/www.creusonslabible.fr\/index.php?rest_route=\/wp\/v2\/posts\/5207","targetHints":{"allow":["GET"]}}],"collection":[{"href":"https:\/\/www.creusonslabible.fr\/index.php?rest_route=\/wp\/v2\/posts"}],"about":[{"href":"https:\/\/www.creusonslabible.fr\/index.php?rest_route=\/wp\/v2\/types\/post"}],"author":[{"embeddable":true,"href":"https:\/\/www.creusonslabible.fr\/index.php?rest_route=\/wp\/v2\/users\/3"}],"replies":[{"embeddable":true,"href":"https:\/\/www.creusonslabible.fr\/index.php?rest_route=%2Fwp%2Fv2%2Fcomments&post=5207"}],"version-history":[{"count":1,"href":"https:\/\/www.creusonslabible.fr\/index.php?rest_route=\/wp\/v2\/posts\/5207\/revisions"}],"predecessor-version":[{"id":10689,"href":"https:\/\/www.creusonslabible.fr\/index.php?rest_route=\/wp\/v2\/posts\/5207\/revisions\/10689"}],"wp:featuredmedia":[{"embeddable":true,"href":"https:\/\/www.creusonslabible.fr\/index.php?rest_route=\/wp\/v2\/media\/5208"}],"wp:attachment":[{"href":"https:\/\/www.creusonslabible.fr\/index.php?rest_route=%2Fwp%2Fv2%2Fmedia&parent=5207"}],"wp:term":[{"taxonomy":"category","embeddable":true,"href":"https:\/\/www.creusonslabible.fr\/index.php?rest_route=%2Fwp%2Fv2%2Fcategories&post=5207"},{"taxonomy":"post_tag","embeddable":true,"href":"https:\/\/www.creusonslabible.fr\/index.php?rest_route=%2Fwp%2Fv2%2Ftags&post=5207"},{"taxonomy":"video","embeddable":true,"href":"https:\/\/www.creusonslabible.fr\/index.php?rest_route=%2Fwp%2Fv2%2Fvideo&post=5207"},{"taxonomy":"audio","embeddable":true,"href":"https:\/\/www.creusonslabible.fr\/index.php?rest_route=%2Fwp%2Fv2%2Faudio&post=5207"},{"taxonomy":"ecrit","embeddable":true,"href":"https:\/\/www.creusonslabible.fr\/index.php?rest_route=%2Fwp%2Fv2%2Fecrit&post=5207"},{"taxonomy":"mis-en-avant","embeddable":true,"href":"https:\/\/www.creusonslabible.fr\/index.php?rest_route=%2Fwp%2Fv2%2Fmis-en-avant&post=5207"},{"taxonomy":"redacteur","embeddable":true,"href":"https:\/\/www.creusonslabible.fr\/index.php?rest_route=%2Fwp%2Fv2%2Fredacteur&post=5207"},{"taxonomy":"type-darticle","embeddable":true,"href":"https:\/\/www.creusonslabible.fr\/index.php?rest_route=%2Fwp%2Fv2%2Ftype-darticle&post=5207"}],"curies":[{"name":"wp","href":"https:\/\/api.w.org\/{rel}","templated":true}]}}