{"id":524,"date":"2012-07-05T22:02:07","date_gmt":"2012-07-05T22:02:07","guid":{"rendered":"http:\/\/elearning.gbu.fr\/?p=524"},"modified":"2025-01-24T11:23:15","modified_gmt":"2025-01-24T09:23:15","slug":"jean-1-1-18-prologue-de-jean","status":"publish","type":"post","link":"https:\/\/www.creusonslabible.fr\/?p=524","title":{"rendered":"Jean 1.1-18 &#8211; Prologue de Jean"},"content":{"rendered":"<p><!--more--><\/p>\n<h2><a title=\"intro\" name=\"intro\"><\/a><\/h2>\n<h2>Question de mise en bouche<\/h2>\n<p>Que se passerait-il si notre plan\u00e8te \u00e9tait priv\u00e9e de la lumi\u00e8re du soleil pendant quelques ann\u00e9es ?<\/p>\n<h2>Introduction<\/h2>\n<p>Voici le d\u00e9but de l&rsquo;\u00c9vangile de Jean, un des 12 disciples de J\u00e9sus. Le but de Jean est de donner sa vision des choses \u00e0 propos de J\u00e9sus et ce prologue est l\u00e0 pour introduire la suite.<\/p>\n<h2>1. J\u00e9sus = Dieu<span class=\"Apple-converted-space\">\u00a0 <\/span>(1-5)<\/h2>\n<ol>\n<li style=\"list-style-type: none;\">\n<ul>\n<li>Quel est le CV de la personne que Jean nous pr\u00e9sente ? (Nom, Date de naissance, titre, adresse, exp\u00e9rience pro, qualit\u00e9s)<\/li>\n<li>Comparez ce passage avec le premier chapitre de la Gen\u00e8se. De qui parle-t-on d&rsquo;apr\u00e8s vous ?<\/li>\n<li>Quels sont les deux mots qui d\u00e9finissent J\u00e9sus\u00a0? Qu\u2019est-ce qu\u2019ils \u00e9voquent pour vous\u00a0?<\/li>\n<li>Quelles sont ces \u00ab\u00a0t\u00e9n\u00e8bres\u00a0\u00bb\u00a0?<\/li>\n<li>En quoi ce passage est-il un r\u00e9sum\u00e9 de la Bible\u00a0?<\/li>\n<\/ul>\n<\/li>\n<\/ol>\n<h2>2. Minist\u00e8re de Jean-Baptiste (6-8)<\/h2>\n<ol>\n<li style=\"list-style-type: none;\">\n<ul>\n<li>Qui est ce Jean\u00a0?<\/li>\n<li>Pourquoi la lumi\u00e8re aurait-elle besoin d\u2019un t\u00e9moin alors qu\u2019elle brille naturellement dans les t\u00e9n\u00e8bres\u00a0?<\/li>\n<li>En quoi le t\u00e9moignage de Jean-Baptiste a-t-il servi \u00e0 J\u00e9sus\u00a0?<span class=\"Apple-converted-space\">\u00a0<\/span><\/li>\n<\/ul>\n<\/li>\n<\/ol>\n<h2>3. La lumi\u00e8re du monde (9-14)<\/h2>\n<ol>\n<li style=\"list-style-type: none;\">\n<ul>\n<li>Quelle est la cons\u00e9quence du fait que Dieu, incarn\u00e9, soit rejet\u00e9 par ses cr\u00e9atures\u00a0? (v10)<\/li>\n<li>En quoi le v.11 va encore plus loin que le v.10\u00a0? Qui sont \u00ab\u00a0les siens\u00a0\u00bb\u00a0?<\/li>\n<li>D&rsquo;apr\u00e8s les vv12-13 qu&rsquo;est-ce que la Gr\u00e2ce\u00a0?<\/li>\n<li>Pour les juifs, \u00ab\u00a0enfants d\u2019Abraham\u00a0\u00bb, que signifiait \u00ab\u00a0avoir le pouvoir de devenir enfants de Dieu\u00a0\u00bb, \u00ab\u00a0n\u00e9 de Dieu\u00a0\u00bb\u00a0?<\/li>\n<li>Diff\u00e9rences et points communs entre vv.9 et 14\u00a0?<\/li>\n<li>Montrez la gradation des attributs que Jean donne \u00e0 J\u00e9sus \u00a0de v.9 \u00e0 v.14\u00a0?<\/li>\n<li>D&rsquo;apr\u00e8s vous, sur quoi veut-il le plus appuyer ? La divinit\u00e9 de J\u00e9sus ou le rejet des juifs ?<\/li>\n<\/ul>\n<\/li>\n<\/ol>\n<h2>4. T\u00e9moignage (15-18)<\/h2>\n<ol>\n<li style=\"list-style-type: none;\">\n<ul>\n<li>Imaginez la r\u00e9action des auditeurs de Jean avec la phrase du v.15. Ont-ils compris ?<\/li>\n<li>En quoi les vv14 et 16 montrent une plus grande implication du narrateur ?<\/li>\n<li>Que veut dire Jean en comparant J\u00e9sus et Mo\u00efse\u00a0? Qu\u2019est-ce que cela signifie pour un juif\u00a0?<\/li>\n<li>Comparez le v.18 avec le Jn 14.9. En quoi ce verset r\u00e9sume-t-il tout le passage\u00a0?<\/li>\n<\/ul>\n<\/li>\n<\/ol>\n<h2>MISE EN PRATIQUE<\/h2>\n<ol>\n<li style=\"list-style-type: none;\">\n<ul>\n<li>Quelles preuves autour de vous confirment que notre monde est plong\u00e9 dans les t\u00e9n\u00e8bres ?<\/li>\n<li>J\u00e9sus brille-t-il dans vos t\u00e9n\u00e8bres\u00a0?<span class=\"Apple-converted-space\">\u00a0Pourquoi ?<\/span><\/li>\n<li>Quelle r\u00e9action avez-vous quand on vous parle de devenir enfants de Dieu, de pr\u00e9f\u00e9rer la lumi\u00e8re \u00e0 vos t\u00e9n\u00e8bres\u00a0?<\/li>\n<li>Les chr\u00e9tiens font-ils bien de prendre le relais de Jean-Baptiste comme t\u00e9moin de la lumi\u00e8re\u00a0?<span class=\"Apple-converted-space\">\u00a0\u00c0 quelle r\u00e9action doivent-ils s&rsquo;attendre ?<\/span><\/li>\n<\/ul>\n<\/li>\n<\/ol>\n","protected":false},"excerpt":{"rendered":"","protected":false},"author":2,"featured_media":0,"comment_status":"open","ping_status":"open","sticky":false,"template":"","format":"standard","meta":{"_acf_changed":false,"_eb_attr":"","advgb_blocks_editor_width":"","advgb_blocks_columns_visual_guide":"","footnotes":""},"categories":[10],"tags":[651,131,23],"video":[],"audio":[],"ecrit":[],"mis-en-avant":[],"redacteur":[],"type-darticle":[],"class_list":["post-524","post","type-post","status-publish","format-standard","hentry","category-discussions-autour-de-la-bible","tag-ecrit","tag-jean","tag-nouveau-testament"],"blocksy_meta":[],"acf":[],"featured_image_src":null,"author_info":{"display_name":"caillou","author_link":"https:\/\/www.creusonslabible.fr\/?author=2"},"author_meta":{"display_name":"caillou","author_link":"https:\/\/www.creusonslabible.fr\/?author=2"},"featured_img":null,"coauthors":[],"tax_additional":{"categories":{"linked":["<a href=\"https:\/\/www.creusonslabible.fr\/?cat=10\" class=\"advgb-post-tax-term\">Discussions autour de la Bible<\/a>"],"unlinked":["<span class=\"advgb-post-tax-term\">Discussions autour de la Bible<\/span>"]},"tags":{"linked":["<a href=\"https:\/\/www.creusonslabible.fr\/?cat=10\" class=\"advgb-post-tax-term\">\u00e9crit<\/a>","<a href=\"https:\/\/www.creusonslabible.fr\/?cat=10\" class=\"advgb-post-tax-term\">Jean<\/a>","<a href=\"https:\/\/www.creusonslabible.fr\/?cat=10\" class=\"advgb-post-tax-term\">Nouveau-Testament<\/a>"],"unlinked":["<span class=\"advgb-post-tax-term\">\u00e9crit<\/span>","<span class=\"advgb-post-tax-term\">Jean<\/span>","<span class=\"advgb-post-tax-term\">Nouveau-Testament<\/span>"]}},"comment_count":"0","relative_dates":{"created":"Publi\u00e9 14 ans il y a","modified":"Mis \u00e0 jour 1 an il y a"},"absolute_dates":{"created":"Publi\u00e9 le 5 juillet 2012","modified":"Mise \u00e0 jour le 24 janvier 2025"},"absolute_dates_time":{"created":"Publi\u00e9 le 5 juillet 2012 22h02","modified":"Mise \u00e0 jour le 24 janvier 2025 11h23"},"featured_img_caption":"","series_order":"","meta_box":[],"_links":{"self":[{"href":"https:\/\/www.creusonslabible.fr\/index.php?rest_route=\/wp\/v2\/posts\/524","targetHints":{"allow":["GET"]}}],"collection":[{"href":"https:\/\/www.creusonslabible.fr\/index.php?rest_route=\/wp\/v2\/posts"}],"about":[{"href":"https:\/\/www.creusonslabible.fr\/index.php?rest_route=\/wp\/v2\/types\/post"}],"author":[{"embeddable":true,"href":"https:\/\/www.creusonslabible.fr\/index.php?rest_route=\/wp\/v2\/users\/2"}],"replies":[{"embeddable":true,"href":"https:\/\/www.creusonslabible.fr\/index.php?rest_route=%2Fwp%2Fv2%2Fcomments&post=524"}],"version-history":[{"count":1,"href":"https:\/\/www.creusonslabible.fr\/index.php?rest_route=\/wp\/v2\/posts\/524\/revisions"}],"predecessor-version":[{"id":10827,"href":"https:\/\/www.creusonslabible.fr\/index.php?rest_route=\/wp\/v2\/posts\/524\/revisions\/10827"}],"wp:attachment":[{"href":"https:\/\/www.creusonslabible.fr\/index.php?rest_route=%2Fwp%2Fv2%2Fmedia&parent=524"}],"wp:term":[{"taxonomy":"category","embeddable":true,"href":"https:\/\/www.creusonslabible.fr\/index.php?rest_route=%2Fwp%2Fv2%2Fcategories&post=524"},{"taxonomy":"post_tag","embeddable":true,"href":"https:\/\/www.creusonslabible.fr\/index.php?rest_route=%2Fwp%2Fv2%2Ftags&post=524"},{"taxonomy":"video","embeddable":true,"href":"https:\/\/www.creusonslabible.fr\/index.php?rest_route=%2Fwp%2Fv2%2Fvideo&post=524"},{"taxonomy":"audio","embeddable":true,"href":"https:\/\/www.creusonslabible.fr\/index.php?rest_route=%2Fwp%2Fv2%2Faudio&post=524"},{"taxonomy":"ecrit","embeddable":true,"href":"https:\/\/www.creusonslabible.fr\/index.php?rest_route=%2Fwp%2Fv2%2Fecrit&post=524"},{"taxonomy":"mis-en-avant","embeddable":true,"href":"https:\/\/www.creusonslabible.fr\/index.php?rest_route=%2Fwp%2Fv2%2Fmis-en-avant&post=524"},{"taxonomy":"redacteur","embeddable":true,"href":"https:\/\/www.creusonslabible.fr\/index.php?rest_route=%2Fwp%2Fv2%2Fredacteur&post=524"},{"taxonomy":"type-darticle","embeddable":true,"href":"https:\/\/www.creusonslabible.fr\/index.php?rest_route=%2Fwp%2Fv2%2Ftype-darticle&post=524"}],"curies":[{"name":"wp","href":"https:\/\/api.w.org\/{rel}","templated":true}]}}