{"id":5377,"date":"2017-10-10T12:19:09","date_gmt":"2017-10-10T10:19:09","guid":{"rendered":"http:\/\/www.creusonslabible.fr\/?p=5377"},"modified":"2025-01-23T17:03:42","modified_gmt":"2025-01-23T15:03:42","slug":"matthieu-23-1-12-pharisiens","status":"publish","type":"post","link":"https:\/\/www.creusonslabible.fr\/?p=5377","title":{"rendered":"Matthieu 23.1-12 : PHARISIENS"},"content":{"rendered":"<blockquote><p>Mt 23.1 Alors J\u00e9sus dit aux foules et \u00e0 ses disciples\u00a0:\u00a02\u00a0Les scribes et les pharisiens se sont assis dans la chaire de Mo\u00efse.\u00a03\u00a0Faites et observez donc tout ce qu&rsquo;ils vous diront, mais n&rsquo;agissez pas selon leurs oeuvres, car ils disent et ne font pas.\u00a04\u00a0Ils lient des charges lourdes, difficiles \u00e0 porter, pour les mettre sur les \u00e9paules des gens, mais eux-m\u00eames ne veulent pas les remuer du doigt.\u00a05\u00a0Toutes leurs oeuvres, ils les font pour \u00eatre vus des gens. Ainsi, ils \u00e9largissent leurs phylact\u00e8res et ils agrandissent les houppes de leurs v\u00eatements\u00a0;\u00a06\u00a0ils aiment avoir la premi\u00e8re place dans les d\u00eeners et les premiers si\u00e8ges dans les synagogues,\u00a07\u00a0\u00eatre salu\u00e9s sur les places publiques et \u00eatre appel\u00e9s\u00a0Rabbi\u00a0par les gens.<\/p>\n<p>8\u00a0Mais vous, ne vous faites pas appeler\u00a0Rabbi\u00a0;\u00a0car un seul est votre ma\u00eetre, et vous, vous \u00eates tous fr\u00e8res.\u00a09\u00a0Et n&rsquo;appelez personne sur la terre \u00ab\u00a0p\u00e8re\u00a0\u00bb, car un seul est votre p\u00e8re, le P\u00e8re c\u00e9leste.\u00a010\u00a0Ne vous faites pas appeler docteurs, car un seul est votre docteur, le Christ.\u00a011\u00a0Le plus grand parmi vous sera votre serviteur.\u00a012\u00a0Qui s&rsquo;\u00e9l\u00e8vera sera abaiss\u00e9, et qui s&rsquo;abaissera sera \u00e9lev\u00e9.<\/p><\/blockquote>\n<p>&nbsp;<\/p>\n<p>Les pharisiens sont des religieux tr\u00e8s respect\u00e9s car tr\u00e8s pointilleux quant au respect de la loi de Mo\u00efse. Ce sont des \u00ab\u00a0purs\u00a0\u00bb mais ce qui \u00e9tonne les foules c&rsquo;est qu&rsquo;ils soient les plus farouches adversaires de J\u00e9sus, celui qui dit \u00eatre le Messie !<\/p>\n<p><strong>Faites de qu&rsquo;ils disent !<\/strong><\/p>\n<p>Dans le v.2 J\u00e9sus confirme que la foi des pharisiens est tr\u00e8s biblique, ils sont un peu les \u00e9vang\u00e9liques de l&rsquo;\u00e9poque ! Il faut donc les \u00e9couter.<\/p>\n<p><strong>Ne faites pas ce qu&rsquo;ils font !<\/strong><\/p>\n<p>Selon la loi, un juif devait avoir un extrait de la Tora dans un minuscule coffret \u00e0 verset sur le front et sur le bras (Deut\u00e9ronome 6.6-9) ainsi que des franges d\u00e9passant du manteau (<span lang=\"fr-FR\">Nombres 15.38). Les pharisiens, eux, avaient d&rsquo;\u00e9normes coffrets et de grosses franges pour se la jouer ! Dans la m\u00eame veine, ils aimaient les titres ronflants, histoire d&rsquo;avoir un certain prestige. \u00catre vus, avoir du pouvoir, voil\u00e0 le but qui se cache derri\u00e8re leur jolie pi\u00e9t\u00e9.<\/span><\/p>\n<p><strong>APPLICATIONS<\/strong><\/p>\n<ul>\n<li>Es-tu un disciple cr\u00e9dible ? Y a-t-il un d\u00e9calage entre ce que tu dis et ce que tu vis ? Te sers-tu de tes bonnes r\u00e9ponses bibliques pour \u00eatre respect\u00e9 et ainsi compenser un \u00ab\u00a0jardin secret\u00a0\u00bb beaucoup moins avouable ?<\/li>\n<li>Qu&rsquo;est-ce qui se cache derri\u00e8re ta pi\u00e9t\u00e9\u00a0? De l&rsquo;orgueil\u00a0? Une tr\u00e8s mauvaise image de soi\u00a0? Du bling-bling\u00a0? La compensation d&rsquo;une vie qui glorifie rarement Dieu\u00a0? Ou tout simplement la volont\u00e9 de plaire \u00e0 ton P\u00e8re qui est dans les Cieux\u00a0?<\/li>\n<li>\u00ab\u00a0Il en est ainsi de la foi\u00a0: si elle n&rsquo;a pas d&rsquo;oeuvres, elle est morte en elle-m\u00eame.\u00a0\u00bb Jacques 2.17<\/li>\n<\/ul>\n<p>&nbsp;<\/p>\n","protected":false},"excerpt":{"rendered":"<p>Mt 23.1 Alors J\u00e9sus dit aux foules et \u00e0 ses disciples\u00a0:\u00a02\u00a0Les scribes et les pharisiens se sont assis dans la chaire de Mo\u00efse.\u00a03\u00a0Faites et observez donc tout ce qu&rsquo;ils vous diront, mais n&rsquo;agissez pas selon leurs oeuvres, car ils disent et ne font pas.\u00a04\u00a0Ils lient des charges lourdes, difficiles \u00e0 porter, pour les mettre sur [&hellip;]<\/p>\n","protected":false},"author":3,"featured_media":5521,"comment_status":"open","ping_status":"closed","sticky":false,"template":"","format":"standard","meta":{"_acf_changed":false,"_eb_attr":"","advgb_blocks_editor_width":"","advgb_blocks_columns_visual_guide":"","footnotes":""},"categories":[16,1],"tags":[651,222],"video":[],"audio":[],"ecrit":[],"mis-en-avant":[],"redacteur":[],"type-darticle":[],"class_list":["post-5377","post","type-post","status-publish","format-standard","has-post-thumbnail","hentry","category-meditations-bibliques","category-non-classe","tag-ecrit","tag-matthieu-23"],"blocksy_meta":[],"acf":[],"featured_image_src":"https:\/\/www.creusonslabible.fr\/wp-content\/uploads\/2017\/10\/singer-1825685_640-1.jpg","author_info":{"display_name":"Yoh","author_link":"https:\/\/www.creusonslabible.fr\/?author=3"},"author_meta":{"display_name":"Yoh","author_link":"https:\/\/www.creusonslabible.fr\/?author=3"},"featured_img":"https:\/\/www.creusonslabible.fr\/wp-content\/uploads\/2017\/10\/singer-1825685_640-1-300x300.jpg","coauthors":[],"tax_additional":{"categories":{"linked":["<a href=\"https:\/\/www.creusonslabible.fr\/?cat=16\" class=\"advgb-post-tax-term\">M\u00e9ditations bibliques<\/a>","<a href=\"https:\/\/www.creusonslabible.fr\/?cat=1\" class=\"advgb-post-tax-term\">Non class\u00e9<\/a>"],"unlinked":["<span class=\"advgb-post-tax-term\">M\u00e9ditations bibliques<\/span>","<span class=\"advgb-post-tax-term\">Non class\u00e9<\/span>"]},"tags":{"linked":["<a href=\"https:\/\/www.creusonslabible.fr\/?cat=1\" class=\"advgb-post-tax-term\">\u00e9crit<\/a>","<a href=\"https:\/\/www.creusonslabible.fr\/?cat=1\" class=\"advgb-post-tax-term\">Matthieu 23<\/a>"],"unlinked":["<span class=\"advgb-post-tax-term\">\u00e9crit<\/span>","<span class=\"advgb-post-tax-term\">Matthieu 23<\/span>"]}},"comment_count":"0","relative_dates":{"created":"Publi\u00e9 9 ans il y a","modified":"Mis \u00e0 jour 1 an il y a"},"absolute_dates":{"created":"Publi\u00e9 le 10 octobre 2017","modified":"Mise \u00e0 jour le 23 janvier 2025"},"absolute_dates_time":{"created":"Publi\u00e9 le 10 octobre 2017 12h19","modified":"Mise \u00e0 jour le 23 janvier 2025 17h03"},"featured_img_caption":"","series_order":"","meta_box":[],"_links":{"self":[{"href":"https:\/\/www.creusonslabible.fr\/index.php?rest_route=\/wp\/v2\/posts\/5377","targetHints":{"allow":["GET"]}}],"collection":[{"href":"https:\/\/www.creusonslabible.fr\/index.php?rest_route=\/wp\/v2\/posts"}],"about":[{"href":"https:\/\/www.creusonslabible.fr\/index.php?rest_route=\/wp\/v2\/types\/post"}],"author":[{"embeddable":true,"href":"https:\/\/www.creusonslabible.fr\/index.php?rest_route=\/wp\/v2\/users\/3"}],"replies":[{"embeddable":true,"href":"https:\/\/www.creusonslabible.fr\/index.php?rest_route=%2Fwp%2Fv2%2Fcomments&post=5377"}],"version-history":[{"count":1,"href":"https:\/\/www.creusonslabible.fr\/index.php?rest_route=\/wp\/v2\/posts\/5377\/revisions"}],"predecessor-version":[{"id":10614,"href":"https:\/\/www.creusonslabible.fr\/index.php?rest_route=\/wp\/v2\/posts\/5377\/revisions\/10614"}],"wp:featuredmedia":[{"embeddable":true,"href":"https:\/\/www.creusonslabible.fr\/index.php?rest_route=\/wp\/v2\/media\/5521"}],"wp:attachment":[{"href":"https:\/\/www.creusonslabible.fr\/index.php?rest_route=%2Fwp%2Fv2%2Fmedia&parent=5377"}],"wp:term":[{"taxonomy":"category","embeddable":true,"href":"https:\/\/www.creusonslabible.fr\/index.php?rest_route=%2Fwp%2Fv2%2Fcategories&post=5377"},{"taxonomy":"post_tag","embeddable":true,"href":"https:\/\/www.creusonslabible.fr\/index.php?rest_route=%2Fwp%2Fv2%2Ftags&post=5377"},{"taxonomy":"video","embeddable":true,"href":"https:\/\/www.creusonslabible.fr\/index.php?rest_route=%2Fwp%2Fv2%2Fvideo&post=5377"},{"taxonomy":"audio","embeddable":true,"href":"https:\/\/www.creusonslabible.fr\/index.php?rest_route=%2Fwp%2Fv2%2Faudio&post=5377"},{"taxonomy":"ecrit","embeddable":true,"href":"https:\/\/www.creusonslabible.fr\/index.php?rest_route=%2Fwp%2Fv2%2Fecrit&post=5377"},{"taxonomy":"mis-en-avant","embeddable":true,"href":"https:\/\/www.creusonslabible.fr\/index.php?rest_route=%2Fwp%2Fv2%2Fmis-en-avant&post=5377"},{"taxonomy":"redacteur","embeddable":true,"href":"https:\/\/www.creusonslabible.fr\/index.php?rest_route=%2Fwp%2Fv2%2Fredacteur&post=5377"},{"taxonomy":"type-darticle","embeddable":true,"href":"https:\/\/www.creusonslabible.fr\/index.php?rest_route=%2Fwp%2Fv2%2Ftype-darticle&post=5377"}],"curies":[{"name":"wp","href":"https:\/\/api.w.org\/{rel}","templated":true}]}}