{"id":539,"date":"2012-07-05T22:09:14","date_gmt":"2012-07-05T22:09:14","guid":{"rendered":"http:\/\/elearning.gbu.fr\/?p=539"},"modified":"2025-01-24T11:23:56","modified_gmt":"2025-01-24T09:23:56","slug":"luc-21-20-la-naissance-de-jesus","status":"publish","type":"post","link":"https:\/\/www.creusonslabible.fr\/?p=539","title":{"rendered":"Luc 1.57-2.20 &#8211; Naissances pas ordinaires"},"content":{"rendered":"<p><span style=\"text-decoration: underline;\"><b>Un nom qui fait parler ! (57-80)<\/b><\/span><\/p>\n<ul>\n<li>Comment \u00c9lisabeth sait-elle que son fils doit s&rsquo;appeler Jean ?<i> Soit Zacharie lui a d\u00e9j\u00e0 dit (et expliqu\u00e9 son entrevue avec l&rsquo;ange), soit elle a eu elle aussi droit \u00e0 une r\u00e9v\u00e9lation sp\u00e9ciale.<\/i><\/li>\n<\/ul>\n<ul>\n<li>Pourquoi Zacharie et \u00c9lisabeth d\u00e9sob\u00e9issent-ils \u00e0 la tradition concernant le pr\u00e9nom <i>? <\/i><i>Parce qu&rsquo;ils pr\u00e9f\u00e8rent ob\u00e9ir \u00e0 dieu !<\/i><\/li>\n<\/ul>\n<ul>\n<li>Que veut dire \u00ab\u00a0Jean\u00a0\u00bb ? <i>\u00ab\u00a0L&rsquo;\u00c9ternel a fait gr\u00e2ce\u00a0\u00bb<\/i><\/li>\n<li>Qu&rsquo;est-ce qui d\u00e9clenche la fin du mutisme de Zacharie ? Pourquoi est-ce logique ? <i>L&rsquo;ob\u00e9issance \u00e0 Dieu, parce que c&rsquo;est l&rsquo;inverse de 1.20.<\/i><\/li>\n<\/ul>\n<ul>\n<li>Que diriez-vous comme premi\u00e8res paroles \u00e0 la place de Zacharie ? Que dit-il ?<i> Zacharie parle&#8230; pour dire qq ch d&rsquo;intelligent gr\u00e2ce au St Esprit !<\/i><\/li>\n<\/ul>\n<ul>\n<li>Comment voyez-vous le r\u00f4le des spectateurs dans ce r\u00e9cit ?<\/li>\n<\/ul>\n<ul>\n<li>Sur 12 versets de la proph\u00e9tie de Zacharie, combien concerne son fils ? De qui parle-t-il surtout ?<\/li>\n<\/ul>\n<ul>\n<li>Quel va \u00eatre le r\u00f4le de JB ? De J\u00e9sus ?<\/li>\n<\/ul>\n<p><em>Int\u00e9ressant : J\u00e9sus est d\u00e9j\u00e0 n\u00e9 (69) et Dieu pardonne les P\u00e9ch\u00e9s par l&rsquo;interm\u00e9diaire de JB (77).<\/em><\/p>\n<ul>\n<li>Pourquoi JB va-t-il vivre dans les lieux d\u00e9serts ? <i>S\u00fbrement parce qu&rsquo;il travaillera comme berger, ses parents \u00e9tant morts.<\/i><\/li>\n<\/ul>\n<p>&nbsp;<\/p>\n<p><span style=\"text-decoration: underline;\"><b>En direct de B\u00e9tl\u00e9hem (2.1-20)<\/b><\/span><\/p>\n<ul>\n<li>Regardez le trajet de Joseph et Marie. Enceinte, comment l&rsquo;a-t-elle v\u00e9cu d&rsquo;apr\u00e8s vous ?<\/li>\n<li>Apr\u00e8s l&rsquo;\u00e9pisode de la section pr\u00e9c\u00e9dente (1.26-56), Marie pouvait-elle imaginer ce genre d&rsquo;accouchement ?<\/li>\n<li>Dans la soci\u00e9t\u00e9 de l&rsquo;\u00e9poque, les bergers \u00e9taient des paysans situ\u00e9s en bas de l&rsquo;\u00e9chelle sociale (voir 1.52). On les jugeait malhonn\u00eates et leur t\u00e9moignage n&rsquo;\u00e9tait pas recevable lors des proc\u00e8s. Pourquoi l&rsquo;ange va-t-il vers eux ? <i>Dieu se sert de gens insignifiant pour annoncer son message. <\/i><\/li>\n<li>Qu&rsquo;ont-ils compris de cette apparition\/r\u00e9v\u00e9lation d&rsquo;apr\u00e8s vous ?<\/li>\n<li>Les versets 11 et 12 sont-ils contradictoires ? Pourquoi ?<\/li>\n<li>Pourquoi les bergers parlent-ils ?<\/li>\n<li>D&rsquo;apr\u00e8s vous que racontent les bergers au v.17 ?<\/li>\n<li>Pourquoi cette r\u00e9action de la foule au v.18 ?<\/li>\n<li>Comment comprenez-vous le v.19 concernant Marie ?<\/li>\n<li>Pourquoi Luc ne fait-il pas r\u00e9f\u00e9rence aux mages ? <i>Parce que Matthieu l&rsquo;a d\u00e9j\u00e0 fait mais aussi parce qu&rsquo;il veut appuyer sur les gens simples.<\/i><\/li>\n<\/ul>\n<p>&nbsp;<\/p>\n<p><b>APPLICATION<\/b><\/p>\n<ul>\n<li>Comment parler sous l&rsquo;influence du St Esprit ?<\/li>\n<li>Comment arrivez-vous \u00e0 ob\u00e9ir \u00e0 Dieu plut\u00f4t qu&rsquo;\u00e0 la tradition\/culture ? Comment distinguer les 2 ?<\/li>\n<li>Dans ce r\u00e9cit nous assistons \u00e0 des \u00e9v\u00e9nements extraordinaires&#8230; qui ont une apparence tr\u00e8s ordinaires ! Quelle importance donnez-vous \u00e0 vos actes quotidiens ? Comment votre attitude peut-elle s&rsquo;inscrire dans le plan de Dieu pour l&rsquo;humanit\u00e9 ? Vous consid\u00e9rez-vous aussi mal vus que les berger ?<\/li>\n<li>Comment avoir des convictions (comme les 2 couples) et non uniquement des questions\/\u00e9tonnements (comme la foule) ?<\/li>\n<\/ul>\n<style class=\"advgb-styles-renderer\"><!--\nP { margin-bottom: 0.21cm; }\n--><\/style>\n","protected":false},"excerpt":{"rendered":"<p>Un nom qui fait parler ! (57-80) Comment \u00c9lisabeth sait-elle que son fils doit s&rsquo;appeler Jean ? Soit Zacharie lui a d\u00e9j\u00e0 dit (et expliqu\u00e9 son entrevue avec l&rsquo;ange), soit elle a eu elle aussi droit \u00e0 une r\u00e9v\u00e9lation sp\u00e9ciale. Pourquoi Zacharie et \u00c9lisabeth d\u00e9sob\u00e9issent-ils \u00e0 la tradition concernant le pr\u00e9nom ? Parce qu&rsquo;ils pr\u00e9f\u00e8rent [&hellip;]<\/p>\n","protected":false},"author":2,"featured_media":1669,"comment_status":"open","ping_status":"open","sticky":false,"template":"","format":"standard","meta":{"_acf_changed":false,"_eb_attr":"","advgb_blocks_editor_width":"","advgb_blocks_columns_visual_guide":"","footnotes":""},"categories":[10],"tags":[651,22,23],"video":[],"audio":[],"ecrit":[],"mis-en-avant":[],"redacteur":[],"type-darticle":[],"class_list":["post-539","post","type-post","status-publish","format-standard","has-post-thumbnail","hentry","category-discussions-autour-de-la-bible","tag-ecrit","tag-luc","tag-nouveau-testament"],"blocksy_meta":[],"acf":[],"featured_image_src":"https:\/\/www.creusonslabible.fr\/wp-content\/uploads\/2012\/07\/creche-1.jpg","author_info":{"display_name":"caillou","author_link":"https:\/\/www.creusonslabible.fr\/?author=2"},"author_meta":{"display_name":"caillou","author_link":"https:\/\/www.creusonslabible.fr\/?author=2"},"featured_img":"https:\/\/www.creusonslabible.fr\/wp-content\/uploads\/2012\/07\/creche-1.jpg","coauthors":[],"tax_additional":{"categories":{"linked":["<a href=\"https:\/\/www.creusonslabible.fr\/?cat=10\" class=\"advgb-post-tax-term\">Discussions autour de la Bible<\/a>"],"unlinked":["<span class=\"advgb-post-tax-term\">Discussions autour de la Bible<\/span>"]},"tags":{"linked":["<a href=\"https:\/\/www.creusonslabible.fr\/?cat=10\" class=\"advgb-post-tax-term\">\u00e9crit<\/a>","<a href=\"https:\/\/www.creusonslabible.fr\/?cat=10\" class=\"advgb-post-tax-term\">Luc<\/a>","<a href=\"https:\/\/www.creusonslabible.fr\/?cat=10\" class=\"advgb-post-tax-term\">Nouveau-Testament<\/a>"],"unlinked":["<span class=\"advgb-post-tax-term\">\u00e9crit<\/span>","<span class=\"advgb-post-tax-term\">Luc<\/span>","<span class=\"advgb-post-tax-term\">Nouveau-Testament<\/span>"]}},"comment_count":"0","relative_dates":{"created":"Publi\u00e9 14 ans il y a","modified":"Mis \u00e0 jour 1 an il y a"},"absolute_dates":{"created":"Publi\u00e9 le 5 juillet 2012","modified":"Mise \u00e0 jour le 24 janvier 2025"},"absolute_dates_time":{"created":"Publi\u00e9 le 5 juillet 2012 22h09","modified":"Mise \u00e0 jour le 24 janvier 2025 11h23"},"featured_img_caption":"","series_order":"","meta_box":[],"_links":{"self":[{"href":"https:\/\/www.creusonslabible.fr\/index.php?rest_route=\/wp\/v2\/posts\/539","targetHints":{"allow":["GET"]}}],"collection":[{"href":"https:\/\/www.creusonslabible.fr\/index.php?rest_route=\/wp\/v2\/posts"}],"about":[{"href":"https:\/\/www.creusonslabible.fr\/index.php?rest_route=\/wp\/v2\/types\/post"}],"author":[{"embeddable":true,"href":"https:\/\/www.creusonslabible.fr\/index.php?rest_route=\/wp\/v2\/users\/2"}],"replies":[{"embeddable":true,"href":"https:\/\/www.creusonslabible.fr\/index.php?rest_route=%2Fwp%2Fv2%2Fcomments&post=539"}],"version-history":[{"count":1,"href":"https:\/\/www.creusonslabible.fr\/index.php?rest_route=\/wp\/v2\/posts\/539\/revisions"}],"predecessor-version":[{"id":10862,"href":"https:\/\/www.creusonslabible.fr\/index.php?rest_route=\/wp\/v2\/posts\/539\/revisions\/10862"}],"wp:featuredmedia":[{"embeddable":true,"href":"https:\/\/www.creusonslabible.fr\/index.php?rest_route=\/wp\/v2\/media\/1669"}],"wp:attachment":[{"href":"https:\/\/www.creusonslabible.fr\/index.php?rest_route=%2Fwp%2Fv2%2Fmedia&parent=539"}],"wp:term":[{"taxonomy":"category","embeddable":true,"href":"https:\/\/www.creusonslabible.fr\/index.php?rest_route=%2Fwp%2Fv2%2Fcategories&post=539"},{"taxonomy":"post_tag","embeddable":true,"href":"https:\/\/www.creusonslabible.fr\/index.php?rest_route=%2Fwp%2Fv2%2Ftags&post=539"},{"taxonomy":"video","embeddable":true,"href":"https:\/\/www.creusonslabible.fr\/index.php?rest_route=%2Fwp%2Fv2%2Fvideo&post=539"},{"taxonomy":"audio","embeddable":true,"href":"https:\/\/www.creusonslabible.fr\/index.php?rest_route=%2Fwp%2Fv2%2Faudio&post=539"},{"taxonomy":"ecrit","embeddable":true,"href":"https:\/\/www.creusonslabible.fr\/index.php?rest_route=%2Fwp%2Fv2%2Fecrit&post=539"},{"taxonomy":"mis-en-avant","embeddable":true,"href":"https:\/\/www.creusonslabible.fr\/index.php?rest_route=%2Fwp%2Fv2%2Fmis-en-avant&post=539"},{"taxonomy":"redacteur","embeddable":true,"href":"https:\/\/www.creusonslabible.fr\/index.php?rest_route=%2Fwp%2Fv2%2Fredacteur&post=539"},{"taxonomy":"type-darticle","embeddable":true,"href":"https:\/\/www.creusonslabible.fr\/index.php?rest_route=%2Fwp%2Fv2%2Ftype-darticle&post=539"}],"curies":[{"name":"wp","href":"https:\/\/api.w.org\/{rel}","templated":true}]}}