{"id":541,"date":"2012-07-05T22:10:20","date_gmt":"2012-07-05T22:10:20","guid":{"rendered":"http:\/\/elearning.gbu.fr\/?p=541"},"modified":"2025-01-24T11:23:56","modified_gmt":"2025-01-24T09:23:56","slug":"marc-15-33-39-la-croix-de-jesus","status":"publish","type":"post","link":"https:\/\/www.creusonslabible.fr\/?p=541","title":{"rendered":"Marc 15.33-39 &#8211; La croix de J\u00e9sus"},"content":{"rendered":"<p>Cette \u00e9tude a \u00e9t\u00e9 adapt\u00e9es pour pouvoir r\u00e9pondre aux questions de ceux qui sont en recherche de la v\u00e9rit\u00e9. L&rsquo;objectif principal de ces \u00e9tudes est de permettre \u00e0 ceux qui ne connaissent pas J\u00e9sus-Christ, d&rsquo;apprendre \u00e0 mieux conna\u00eetre sa personne et le salut \u00e0 travers lui. Des questions cibl\u00e9es permettront aux participants de d\u00e9couvrir l&rsquo;essentiel du message de ces textes, et ainsi d&rsquo;\u00eatre encourag\u00e9s \u00e0 poursuivre la lecture de la Bible. Cette <em>&lsquo;formule&rsquo;<\/em> a d\u00e9j\u00e0 \u00e9t\u00e9 test\u00e9e et si elle est bien pr\u00e9sent\u00e9e, \u00e7a marche super bien !<\/p>\n<p><!--more--><\/p>\n<h2><a title=\"intro\" name=\"intro\"><\/a>Question d&rsquo;introduction<\/h2>\n<ol>Si je vous disais que Dieu \u00e9tait dans la salle \u00e0 c\u00f4t\u00e9, et que vous pouviez lui parler directement, que ressentiriez-vous ?<\/ol>\n<h2><a title=\"ctxt\" name=\"ctxt\"><\/a>Un peu de contexte<\/h2>\n<ol>\n<li style=\"list-style-type: none;\">\n<ol>J\u00e9sus a \u00e9t\u00e9 arr\u00eat\u00e9 apr\u00e8s avoir pass\u00e9 la nuit \u00e0 prier \u00e0 Geths\u00e9man\u00e9. Il a vu les siens l&rsquo;abandonner et a \u00e9t\u00e9 condamn\u00e9 au terme d&rsquo;un proc\u00e8s peu \u00e9quitable. Divers supplices lui ont \u00e9t\u00e9 appliqu\u00e9s avant qu&rsquo;il ne soit forc\u00e9 \u00e0 porter la croix qui sera l&rsquo;instrument de sa mort.<\/ol>\n<\/li>\n<\/ol>\n<div>\u00bb\u00a0<em> Il peut \u00eatre int\u00e9ressant de demander si les participants ont vu le film \u00a0\u00bb La Passion \u00a0\u00bb de Mel Gibson, voire m\u00eame de visionner cette partie sur le DVD. <\/em><\/div>\n<h2><a title=\"vocab\" name=\"vocab\"><\/a>Vocabulaire inconu<\/h2>\n<p><strong>La myrrhe<\/strong><\/p>\n<ol>est une plante qui sert \u00e0 la fabrication de parfums. Elle a un go\u00fbt amer et un effet, para\u00eet-il, soporifique. Les autres \u00e9vangiles parlent de vinaigre (Matthieu 27,48; Luc 23,36; Jean 19,29) ou mentionnent seulement l&rsquo;amertume (Matthieu 27,34) et pas d&rsquo;effet anesth\u00e9siant. Vu le sadisme des soldats, leur \u00ab\u00a0mis\u00e9ricorde\u00a0\u00bb est assez douteuse.<\/ol>\n<h2><a title=\"corps\" name=\"corps\"><\/a>l&rsquo;\u00e9tude<\/h2>\n<ul>\n<li>Fa\u00eetes une liste\/un tableau d&rsquo;\u00e9v\u00e9nements: que se passe-t-il, o\u00f9 et quand ?<\/li>\n<li>Que se passe-t-il entre midi et trois heures ? Comment les gens comprennent-ils cela, \u00e0 votre avis ?<\/li>\n<li>Pourquoi y avait-il des t\u00e9n\u00e8bres sur toute la terre pendant que J\u00e9sus \u00e9tait sur la croix ? Que signifie l&rsquo;obscurit\u00e9 dans la Bible ?\n<div>\u00bb\u00a0<em> Voir Exode 10.21-22 : jugement de Dieu contre l&rsquo;Egypte, avant-dernier fl\u00e9au, le dernier \u00e9tant la mort du premier-n\u00e9, un lien avec la mort de J\u00e9sus, le premier-n\u00e9 de Dieu. <\/em><\/div>\n<\/li>\n<li>Pourquoi J\u00e9sus ne descend-il pas de la croix ?<\/li>\n<li>Avec qui Dieu est-il en col\u00e8re ? Pourquoi ?\n<div>\u00bb\u00a0<em> La plupart de gens diront que Dieu \u00e9tait en col\u00e8re contre les gens qui ont tu\u00e9 J\u00e9sus. La vraie r\u00e9ponse est que Dieu est en col\u00e8re contre J\u00e9sus qui porte les p\u00e9ch\u00e9s du monde; mais si les gens le ne voient pas, revenez \u00e0 cette question apr\u00e8s la suivante. <\/em><\/div>\n<\/li>\n<li>J\u00e9sus crie, \u00ab\u00a0Mon Dieu, mon Dieu, pourquoi m&rsquo;as-tu abandonn\u00e9 ?\u00a0\u00bb. Que devient la relation avec son P\u00e8re ?\n<div>\u00bb\u00a0<em> J\u00e9sus crie, non pas parce qu&rsquo;il doute, mais parce qu&rsquo;il a \u00e9t\u00e9 r\u00e9ellement abandonn\u00e9 par son P\u00e8re \u00e0 cause du p\u00e9ch\u00e9 qu&rsquo;il porte. <\/em><\/div>\n<\/li>\n<li>Cela vous aide-t-il \u00e0 comprendre avec Dieu est vraiment en col\u00e8re ?\n<div>\u00bb\u00a0<em> C&rsquo;est surprenant car Dans Marc 14:56-59, il est clair que J\u00e9sus est tout \u00e0 fait innocent. <\/em><\/div>\n<\/li>\n<li>Que se passe-t-il au moment o\u00f9 J\u00e9sus meurt ?<\/li>\n<li>Pourquoi est-ce surprenant, que Marc le raconte ici ?\n<div>\u00bb\u00a0<em> Vous pouvez utiliser le tableau ! On se focalise sur la croix, puis sur le temple, puis sur la croix de nouveau. <\/em><\/div>\n<\/li>\n<li>Quel est le sens du rideau dans le temple ?\n<div>\u00bb\u00a0<em> Le rideau du temple est situ\u00e9 entre le lieu saint et le lieu tr\u00e8s saint, o\u00f9 se trouve symboliquement Dieu. Il s\u00e9pare donc les hommes p\u00e9cheurs de Dieu, qui est saint. <\/em><\/div>\n<\/li>\n<li>Qu&rsquo;auraient ressenti les gens dans le temple, voyant le rideau d\u00e9chir\u00e9 ?<\/li>\n<li>Que pensez-vous du fait que le rideau se soit d\u00e9chir\u00e9 du haut en bas ?\n<div>\u00bb\u00a0<em> Le rideau \u00e9tait tr\u00e8s grand; un homme n&rsquo;aurait pas pu atteindre le haut pour le d\u00e9chirer. Il s&rsquo;agit bien de Dieu lui-m\u00eame qui enl\u00e8ve cette s\u00e9paration pour permettre aux hommes de s&rsquo;approcher de Lui. <\/em><\/div>\n<\/li>\n<li>Pourquoi Dieu l&rsquo;a-t-il fait \u00e0 ce moment-l\u00e0 pr\u00e9cis\u00e9ment ?\n<div>\u00bb\u00a0<em> La mort de J\u00e9sus r\u00e8gle le probl\u00e8me du p\u00e9ch\u00e9, qui fait que les gens puissent s&rsquo;approcher du Dieu Saint. <\/em><\/div>\n<\/li>\n<li>Essayez de r\u00e9sumer, ce qu&rsquo;il s&rsquo;est pass\u00e9 lorsque J\u00e9sus \u00e9tait sur la croix, dans la relation entre Dieu et J\u00e9sus ? entre Dieu et les \u00eatres humains ?\n<div>\u00bb\u00a0<em>Vous pouvez peut-\u00eatre faire un sch\u00e9ma comme celui-ci :<\/em><\/div>\n<table border=\"0\" cellspacing=\"1\" cellpadding=\"3\" bgcolor=\"black\">\n<tbody>\n<tr>\n<td bgcolor=\"white\">Avant que J\u00e9sus soit sur la croix<\/td>\n<td bgcolor=\"white\">Pendant que J\u00e9sus est sur la croix<\/td>\n<\/tr>\n<tr>\n<td bgcolor=\"white\">Dieu &#8212;&#8212;&#8212;&#8212;&#8212;&#8212; J\u00e9sus<\/td>\n<td bgcolor=\"white\">Dieu &#8212;&#8212;&#8212;&#8212;&#8212;&#8212; J\u00e9sus<\/td>\n<\/tr>\n<tr>\n<td bgcolor=\"white\">Dieu &#8212;&#8212;&#8212;&#8212;&#8212;&#8212; nous<\/td>\n<td bgcolor=\"white\">Dieu &#8212;&#8212;&#8212;&#8212;&#8212;&#8212; nous<\/td>\n<\/tr>\n<\/tbody>\n<\/table>\n<\/li>\n<li>Quelle constatation fait l&rsquo;officier romain ?<br \/>\nPourquoi ?<br \/>\nEn quoi est-il important que ce soit juste apr\u00e8s cette d\u00e9chirure du rideau, et qu&rsquo;il soit romain ?<\/p>\n<div>\u00bb\u00a0<em> L&rsquo;officier admet qu&rsquo;il n&rsquo;est pas seulement le roi des juifs comme sur l&rsquo;inscription (voir Marc 15 :26), mais il est le fils de Dieu, et par cons\u00e9quent le Sauveur de tous les peuples. <\/em><\/div>\n<\/li>\n<li>Selon vous, pourquoi J\u00e9sus est-il mort ?<\/li>\n<li>Si J\u00e9sus a \u00e9chang\u00e9 de place avec nous quand il est mort, est-ce que cela change vos sentiments sur l&rsquo;id\u00e9e de parler \u00e0 Dieu directement ?\n<div>\u00bb\u00a0<em> L&rsquo;acc\u00e8s \u00e0 Dieu nous est ouvert \u00e0 tous, quel que soit notre statut ou notre pass\u00e9; mais le chemin passe par J\u00e9sus; voulez-vous \u00eatre comme l&rsquo;officier romain, rester indiff\u00e9rent ou vous joindre \u00e0 ceux qui ont insult\u00e9 J\u00e9sus ? <\/em><\/div>\n<\/li>\n<\/ul>\n","protected":false},"excerpt":{"rendered":"<p>Cette \u00e9tude a \u00e9t\u00e9 adapt\u00e9es pour pouvoir r\u00e9pondre aux questions de ceux qui sont en recherche de la v\u00e9rit\u00e9. L&rsquo;objectif principal de ces \u00e9tudes est de permettre \u00e0 ceux qui ne connaissent pas J\u00e9sus-Christ, d&rsquo;apprendre \u00e0 mieux conna\u00eetre sa personne et le salut \u00e0 travers lui. Des questions cibl\u00e9es permettront aux participants de d\u00e9couvrir l&rsquo;essentiel [&hellip;]<\/p>\n","protected":false},"author":2,"featured_media":2024,"comment_status":"open","ping_status":"open","sticky":false,"template":"","format":"standard","meta":{"_acf_changed":false,"_eb_attr":"","advgb_blocks_editor_width":"","advgb_blocks_columns_visual_guide":"","footnotes":""},"categories":[10],"tags":[651,695,23],"video":[],"audio":[],"ecrit":[],"mis-en-avant":[],"redacteur":[],"type-darticle":[],"class_list":["post-541","post","type-post","status-publish","format-standard","has-post-thumbnail","hentry","category-discussions-autour-de-la-bible","tag-ecrit","tag-marc","tag-nouveau-testament"],"blocksy_meta":[],"acf":[],"featured_image_src":"https:\/\/www.creusonslabible.fr\/wp-content\/uploads\/2012\/07\/croixJesus-1.jpg","author_info":{"display_name":"caillou","author_link":"https:\/\/www.creusonslabible.fr\/?author=2"},"author_meta":{"display_name":"caillou","author_link":"https:\/\/www.creusonslabible.fr\/?author=2"},"featured_img":"https:\/\/www.creusonslabible.fr\/wp-content\/uploads\/2012\/07\/croixJesus-1.jpg","coauthors":[],"tax_additional":{"categories":{"linked":["<a href=\"https:\/\/www.creusonslabible.fr\/?cat=10\" class=\"advgb-post-tax-term\">Discussions autour de la Bible<\/a>"],"unlinked":["<span class=\"advgb-post-tax-term\">Discussions autour de la Bible<\/span>"]},"tags":{"linked":["<a href=\"https:\/\/www.creusonslabible.fr\/?cat=10\" class=\"advgb-post-tax-term\">\u00e9crit<\/a>","<a href=\"https:\/\/www.creusonslabible.fr\/?cat=10\" class=\"advgb-post-tax-term\">Marc<\/a>","<a href=\"https:\/\/www.creusonslabible.fr\/?cat=10\" class=\"advgb-post-tax-term\">Nouveau-Testament<\/a>"],"unlinked":["<span class=\"advgb-post-tax-term\">\u00e9crit<\/span>","<span class=\"advgb-post-tax-term\">Marc<\/span>","<span class=\"advgb-post-tax-term\">Nouveau-Testament<\/span>"]}},"comment_count":"0","relative_dates":{"created":"Publi\u00e9 14 ans il y a","modified":"Mis \u00e0 jour 1 an il y a"},"absolute_dates":{"created":"Publi\u00e9 le 5 juillet 2012","modified":"Mise \u00e0 jour le 24 janvier 2025"},"absolute_dates_time":{"created":"Publi\u00e9 le 5 juillet 2012 22h10","modified":"Mise \u00e0 jour le 24 janvier 2025 11h23"},"featured_img_caption":"","series_order":"","meta_box":[],"_links":{"self":[{"href":"https:\/\/www.creusonslabible.fr\/index.php?rest_route=\/wp\/v2\/posts\/541","targetHints":{"allow":["GET"]}}],"collection":[{"href":"https:\/\/www.creusonslabible.fr\/index.php?rest_route=\/wp\/v2\/posts"}],"about":[{"href":"https:\/\/www.creusonslabible.fr\/index.php?rest_route=\/wp\/v2\/types\/post"}],"author":[{"embeddable":true,"href":"https:\/\/www.creusonslabible.fr\/index.php?rest_route=\/wp\/v2\/users\/2"}],"replies":[{"embeddable":true,"href":"https:\/\/www.creusonslabible.fr\/index.php?rest_route=%2Fwp%2Fv2%2Fcomments&post=541"}],"version-history":[{"count":1,"href":"https:\/\/www.creusonslabible.fr\/index.php?rest_route=\/wp\/v2\/posts\/541\/revisions"}],"predecessor-version":[{"id":10861,"href":"https:\/\/www.creusonslabible.fr\/index.php?rest_route=\/wp\/v2\/posts\/541\/revisions\/10861"}],"wp:featuredmedia":[{"embeddable":true,"href":"https:\/\/www.creusonslabible.fr\/index.php?rest_route=\/wp\/v2\/media\/2024"}],"wp:attachment":[{"href":"https:\/\/www.creusonslabible.fr\/index.php?rest_route=%2Fwp%2Fv2%2Fmedia&parent=541"}],"wp:term":[{"taxonomy":"category","embeddable":true,"href":"https:\/\/www.creusonslabible.fr\/index.php?rest_route=%2Fwp%2Fv2%2Fcategories&post=541"},{"taxonomy":"post_tag","embeddable":true,"href":"https:\/\/www.creusonslabible.fr\/index.php?rest_route=%2Fwp%2Fv2%2Ftags&post=541"},{"taxonomy":"video","embeddable":true,"href":"https:\/\/www.creusonslabible.fr\/index.php?rest_route=%2Fwp%2Fv2%2Fvideo&post=541"},{"taxonomy":"audio","embeddable":true,"href":"https:\/\/www.creusonslabible.fr\/index.php?rest_route=%2Fwp%2Fv2%2Faudio&post=541"},{"taxonomy":"ecrit","embeddable":true,"href":"https:\/\/www.creusonslabible.fr\/index.php?rest_route=%2Fwp%2Fv2%2Fecrit&post=541"},{"taxonomy":"mis-en-avant","embeddable":true,"href":"https:\/\/www.creusonslabible.fr\/index.php?rest_route=%2Fwp%2Fv2%2Fmis-en-avant&post=541"},{"taxonomy":"redacteur","embeddable":true,"href":"https:\/\/www.creusonslabible.fr\/index.php?rest_route=%2Fwp%2Fv2%2Fredacteur&post=541"},{"taxonomy":"type-darticle","embeddable":true,"href":"https:\/\/www.creusonslabible.fr\/index.php?rest_route=%2Fwp%2Fv2%2Ftype-darticle&post=541"}],"curies":[{"name":"wp","href":"https:\/\/api.w.org\/{rel}","templated":true}]}}