{"id":553,"date":"2012-07-05T22:16:13","date_gmt":"2012-07-05T22:16:13","guid":{"rendered":"http:\/\/elearning.gbu.fr\/?p=553"},"modified":"2025-01-24T11:23:55","modified_gmt":"2025-01-24T09:23:55","slug":"matthieu-625-34-ne-vous-inquietez-de-rien","status":"publish","type":"post","link":"https:\/\/www.creusonslabible.fr\/?p=553","title":{"rendered":"Matthieu 6.25-34 &#8211; Ne vous inqui\u00e9tez de rien"},"content":{"rendered":"<p><em> Canevas r\u00e9alis\u00e9 par Nora Shafir, Secr\u00e9taire itin\u00e9rante dans la r\u00e9gion Sud-Est, Octobre 2003.<\/em><\/p>\n<blockquote><p>25 C&rsquo;est pourquoi je vous dis : Ne vous inqui\u00e9tez pas, pour votre vie, de ce que vous mangerez ou de ce que vous boirez, ni, pour votre corps, de ce dont vous serez v\u00eatus. La vie n&rsquo;est-elle pas plus que la nourriture, et le corps plus que le v\u00eatement ? 26 Regardez les oiseaux du ciel : ils ne s\u00e8ment pas, ils ne moissonnent pas, ils ne recueillent rien dans des granges, et votre P\u00e8re c\u00e9leste les nourrit. Ne valez-vous pas beaucoup plus qu&rsquo;eux ? 27 Qui de vous peut, par ses inqui\u00e9tudes, rallonger tant soit peu la dur\u00e9e de sa vie ?<\/p>\n<p>28 Et pourquoi vous inqui\u00e9ter au sujet du v\u00eatement ? Observez comment poussent les lis des champs : ils ne travaillent pas, ils ne filent pas ; 29 et pourtant je vous dis que pas m\u00eame Salomon, dans toute sa gloire, n&rsquo;a \u00e9t\u00e9 v\u00eatu comme l&rsquo;un d&rsquo;eux. 30 Si Dieu habille ainsi l&rsquo;herbe des champs qui est l\u00e0 aujourd&rsquo;hui et demain sera jet\u00e9e au four, ne le fera-t-il pas \u00e0 bien plus forte raison pour vous, gens de peu de foi ?<\/p>\n<p>31 Ne vous inqui\u00e9tez donc pas, en disant : \u00ab Qu&rsquo;allons-nous manger ? \u00bb Ou bien : \u00ab Qu&rsquo;allons-nous boire ? \u00bb Ou bien : \u00ab De quoi allons-nous nous v\u00eatir ? \u00bb 32 \u2013 tout cela, c&rsquo;est ce que les gens de toutes les nations recherchent sans rel\u00e2che \u2013 car votre P\u00e8re c\u00e9leste sait que vous en avez besoin. 33 Cherchez d&rsquo;abord le r\u00e8gne de Dieu et sa justice, et tout cela vous sera donn\u00e9 par surcro\u00eet.<\/p>\n<p>34 Ne vous inqui\u00e9tez donc pas du lendemain, car le lendemain s&rsquo;inqui\u00e9tera de lui-m\u00eame. A chaque jour suffit sa peine.<\/p><\/blockquote>\n<h2><a title=\"ctx\" name=\"ctx\"><\/a> Contexte :<\/h2>\n<p>Nous sommes au tout d\u00e9but du minist\u00e8re de J\u00e9sus : il s&rsquo;ouvre par le sermon sur la montagne, qui place symboliquement le Christ comme interm\u00e9diaire entre Dieu et les hommes&#8230;<\/p>\n<p><!--more--><\/p>\n<h2><a title=\"obs\" name=\"obs\"><\/a> Observation :<\/h2>\n<p>Lire le texte en relevant l&rsquo;opposition sur laquelle il est construit :<\/p>\n<ul>\n<li>Quels sont les deux comportements qui s&rsquo;opposent ?<\/li>\n<li>A quels types de personnes renvoie chaque comportement ? (\u00e9l\u00e9ment de r\u00e9ponse <em>v. 24 et 32<\/em>)<\/li>\n<li>Relevez les verbes \u00e0 l&rsquo;imp\u00e9ratif, puis classez-les pour faire ressortir la progression dans le choix des verbes. Quel est celui qui revient comme un leitmotiv ? Quel est le cheminement \u00e0 faire du <em>v. 25 au v.33<\/em> ?<\/li>\n<\/ul>\n<h2><a title=\"interpret\" name=\"interpret\"><\/a> Interpr\u00e9tation :<\/h2>\n<ul>\n<li>Que pensez-vous des deux comparaisons (<em>v. 26 et 28<\/em>) que J\u00e9sus emploie, pour nous exhorter \u00e0 nous confier en Dieu ? Pourquoi attire-t-il notre regard sur des choses aussi \u00e9videntes ?<\/li>\n<li>Le verset 25 est reli\u00e9 \u00e0 ce qui pr\u00e9c\u00e8de (<em>v. 24<\/em>) par \u00ab\u00a0c&rsquo;est pourquoi\u00a0\u00bb. Essayez d&rsquo;\u00e9tablir clairement, en une phrase, le lien entre le <em>v. 24<\/em> et les <em>v. 25 \u00e0 34<\/em>.<\/li>\n<li>A votre avis, J\u00e9sus fait-il ici l&rsquo;apologie d&rsquo;une d\u00e9nu\u00e9e de biens mat\u00e9riels ? Son but est-il de d\u00e9nigrer les richesses et le confort ?<\/li>\n<li>Quel est le but de J\u00e9sus dans cette caricature de deux comportements oppos\u00e9s ? (\u00e9l\u00e9ment de r\u00e9ponse : recentrer notre vie sur <strong>l&rsquo;essentiel<\/strong> <em>v. 19,20 et 33<\/em>.)<\/li>\n<\/ul>\n<h2><a title=\"appli\" name=\"appli\"><\/a> Application :<\/h2>\n<ul>\n<li>R\u00e9f\u00e9lchissons un moment : quelle importance ont pour moi les biens mat\u00e9riels ?<\/li>\n<li>Concernant mon avenir : qu&rsquo;est-ce qui s&rsquo;oppose \u00e0 ce que je fasse confiance \u00e0 Dieu ?<\/li>\n<li>Qu&rsquo;est-ce qui est fondamentalement rassurant dans ce texte ? Quelles sont les promesses qui y sont implicitement contenues ?<\/li>\n<\/ul>\n","protected":false},"excerpt":{"rendered":"<p>Canevas r\u00e9alis\u00e9 par Nora Shafir, Secr\u00e9taire itin\u00e9rante dans la r\u00e9gion Sud-Est, Octobre 2003. 25 C&rsquo;est pourquoi je vous dis : Ne vous inqui\u00e9tez pas, pour votre vie, de ce que vous mangerez ou de ce que vous boirez, ni, pour votre corps, de ce dont vous serez v\u00eatus. La vie n&rsquo;est-elle pas plus que la [&hellip;]<\/p>\n","protected":false},"author":2,"featured_media":8242,"comment_status":"open","ping_status":"open","sticky":false,"template":"","format":"standard","meta":{"_acf_changed":false,"_eb_attr":"","advgb_blocks_editor_width":"","advgb_blocks_columns_visual_guide":"","footnotes":""},"categories":[10],"tags":[651,408,23],"video":[],"audio":[],"ecrit":[],"mis-en-avant":[],"redacteur":[],"type-darticle":[],"class_list":["post-553","post","type-post","status-publish","format-standard","has-post-thumbnail","hentry","category-discussions-autour-de-la-bible","tag-ecrit","tag-matthieu","tag-nouveau-testament"],"blocksy_meta":[],"acf":[],"featured_image_src":"https:\/\/www.creusonslabible.fr\/wp-content\/uploads\/2012\/07\/bird-ge113db5bf_1280-e1657320555637-1.jpg","author_info":{"display_name":"caillou","author_link":"https:\/\/www.creusonslabible.fr\/?author=2"},"author_meta":{"display_name":"caillou","author_link":"https:\/\/www.creusonslabible.fr\/?author=2"},"featured_img":"https:\/\/www.creusonslabible.fr\/wp-content\/uploads\/2012\/07\/bird-ge113db5bf_1280-e1657320555637-1-300x114.jpg","coauthors":[],"tax_additional":{"categories":{"linked":["<a href=\"https:\/\/www.creusonslabible.fr\/?cat=10\" class=\"advgb-post-tax-term\">Discussions autour de la Bible<\/a>"],"unlinked":["<span class=\"advgb-post-tax-term\">Discussions autour de la Bible<\/span>"]},"tags":{"linked":["<a href=\"https:\/\/www.creusonslabible.fr\/?cat=10\" class=\"advgb-post-tax-term\">\u00e9crit<\/a>","<a href=\"https:\/\/www.creusonslabible.fr\/?cat=10\" class=\"advgb-post-tax-term\">Matthieu<\/a>","<a href=\"https:\/\/www.creusonslabible.fr\/?cat=10\" class=\"advgb-post-tax-term\">Nouveau-Testament<\/a>"],"unlinked":["<span class=\"advgb-post-tax-term\">\u00e9crit<\/span>","<span class=\"advgb-post-tax-term\">Matthieu<\/span>","<span class=\"advgb-post-tax-term\">Nouveau-Testament<\/span>"]}},"comment_count":"0","relative_dates":{"created":"Publi\u00e9 14 ans il y a","modified":"Mis \u00e0 jour 1 an il y a"},"absolute_dates":{"created":"Publi\u00e9 le 5 juillet 2012","modified":"Mise \u00e0 jour le 24 janvier 2025"},"absolute_dates_time":{"created":"Publi\u00e9 le 5 juillet 2012 22h16","modified":"Mise \u00e0 jour le 24 janvier 2025 11h23"},"featured_img_caption":"","series_order":"","meta_box":[],"_links":{"self":[{"href":"https:\/\/www.creusonslabible.fr\/index.php?rest_route=\/wp\/v2\/posts\/553","targetHints":{"allow":["GET"]}}],"collection":[{"href":"https:\/\/www.creusonslabible.fr\/index.php?rest_route=\/wp\/v2\/posts"}],"about":[{"href":"https:\/\/www.creusonslabible.fr\/index.php?rest_route=\/wp\/v2\/types\/post"}],"author":[{"embeddable":true,"href":"https:\/\/www.creusonslabible.fr\/index.php?rest_route=\/wp\/v2\/users\/2"}],"replies":[{"embeddable":true,"href":"https:\/\/www.creusonslabible.fr\/index.php?rest_route=%2Fwp%2Fv2%2Fcomments&post=553"}],"version-history":[{"count":1,"href":"https:\/\/www.creusonslabible.fr\/index.php?rest_route=\/wp\/v2\/posts\/553\/revisions"}],"predecessor-version":[{"id":10855,"href":"https:\/\/www.creusonslabible.fr\/index.php?rest_route=\/wp\/v2\/posts\/553\/revisions\/10855"}],"wp:featuredmedia":[{"embeddable":true,"href":"https:\/\/www.creusonslabible.fr\/index.php?rest_route=\/wp\/v2\/media\/8242"}],"wp:attachment":[{"href":"https:\/\/www.creusonslabible.fr\/index.php?rest_route=%2Fwp%2Fv2%2Fmedia&parent=553"}],"wp:term":[{"taxonomy":"category","embeddable":true,"href":"https:\/\/www.creusonslabible.fr\/index.php?rest_route=%2Fwp%2Fv2%2Fcategories&post=553"},{"taxonomy":"post_tag","embeddable":true,"href":"https:\/\/www.creusonslabible.fr\/index.php?rest_route=%2Fwp%2Fv2%2Ftags&post=553"},{"taxonomy":"video","embeddable":true,"href":"https:\/\/www.creusonslabible.fr\/index.php?rest_route=%2Fwp%2Fv2%2Fvideo&post=553"},{"taxonomy":"audio","embeddable":true,"href":"https:\/\/www.creusonslabible.fr\/index.php?rest_route=%2Fwp%2Fv2%2Faudio&post=553"},{"taxonomy":"ecrit","embeddable":true,"href":"https:\/\/www.creusonslabible.fr\/index.php?rest_route=%2Fwp%2Fv2%2Fecrit&post=553"},{"taxonomy":"mis-en-avant","embeddable":true,"href":"https:\/\/www.creusonslabible.fr\/index.php?rest_route=%2Fwp%2Fv2%2Fmis-en-avant&post=553"},{"taxonomy":"redacteur","embeddable":true,"href":"https:\/\/www.creusonslabible.fr\/index.php?rest_route=%2Fwp%2Fv2%2Fredacteur&post=553"},{"taxonomy":"type-darticle","embeddable":true,"href":"https:\/\/www.creusonslabible.fr\/index.php?rest_route=%2Fwp%2Fv2%2Ftype-darticle&post=553"}],"curies":[{"name":"wp","href":"https:\/\/api.w.org\/{rel}","templated":true}]}}