{"id":5569,"date":"2017-10-25T12:20:45","date_gmt":"2017-10-25T10:20:45","guid":{"rendered":"http:\/\/www.creusonslabible.fr\/?p=5569"},"modified":"2025-01-23T13:25:03","modified_gmt":"2025-01-23T11:25:03","slug":"apocalypse-20-1-6-1000-ans-de-prison","status":"publish","type":"post","link":"https:\/\/www.creusonslabible.fr\/?p=5569","title":{"rendered":"APOCALYPSE 20.1-6 : 1000 ans de prison"},"content":{"rendered":"<blockquote>\n<p align=\"JUSTIFY\">Alors je vis descendre du ciel un ange qui tenait la clef de l&rsquo;ab\u00eeme et une grande cha\u00eene \u00e0 la main. 2 Il saisit le dragon, le serpent d&rsquo;autrefois, qui est le diable et le Satan, et il le lia pour mille ans. 3 Il le jeta dans l&rsquo;ab\u00eeme, qu&rsquo;il ferma et scella au-dessus de lui, pour qu&rsquo;il n&rsquo;\u00e9gare plus les nations jusqu&rsquo;\u00e0 ce que les mille ans soient achev\u00e9s. Apr\u00e8s cela, il faut qu&rsquo;il soit rel\u00e2ch\u00e9 pour un peu de temps.<\/p>\n<p align=\"JUSTIFY\">4 Je vis des tr\u00f4nes. A ceux qui s&rsquo;y assirent fut donn\u00e9 le pouvoir de juger. Je vis aussi les \u00e2mes de ceux qui avaient \u00e9t\u00e9 d\u00e9capit\u00e9s \u00e0 la hache \u00e0 cause du t\u00e9moignage de J\u00e9sus et de la parole de Dieu, et ceux qui ne s&rsquo;\u00e9taient pas prostern\u00e9s devant la b\u00eate ni devant son image et qui n&rsquo;avaient pas re\u00e7u la marque sur le front ni sur la main. Ils reprirent vie et ils r\u00e9gn\u00e8rent avec le Christ pendant mille ans. 5 Les autres morts ne reprirent pas vie jusqu&rsquo;\u00e0 ce que les mille ans soient achev\u00e9s.<\/p>\n<p align=\"JUSTIFY\">C&rsquo;est la premi\u00e8re r\u00e9surrection. 6 Heureux et saint qui a part \u00e0 la premi\u00e8re r\u00e9surrection ! Sur ceux-l\u00e0 la seconde mort n&rsquo;a pas de pouvoir, mais ils seront pr\u00eatres de Dieu et du Christ, et ils r\u00e9gneront avec lui pendant les mille ans.<\/p>\n<\/blockquote>\n<h3 align=\"JUSTIFY\"><\/h3>\n<h3 align=\"JUSTIFY\">Passage probl\u00e9matique<\/h3>\n<p align=\"JUSTIFY\">Ces versets provoquent d&rsquo;interminables d\u00e9bats entre les th\u00e9ologiens car il n&rsquo;y a qu&rsquo;ici o\u00f9 l&rsquo;on trouve cette myst\u00e9rieuse p\u00e9riode de 1000 ans. Faut-il prendre ce mill\u00e9nium litt\u00e9ralement (alors que les chiffres sont souvent symboliques) ? L&rsquo;encha\u00eenement de Satan est-il futur ou bien est-il d\u00e9j\u00e0 effectif depuis que J\u00e9sus l&rsquo;a vaincu sur la croix ? Y aura-t-il 2 r\u00e9surrections distantes de 1000 ans ou bien tous les chr\u00e9tiens d\u00e9c\u00e9d\u00e9s connaissent-ils d\u00e9j\u00e0 la 1\u00e8re r\u00e9surrection (spirituelle) ?<\/p>\n<h3 align=\"JUSTIFY\">Certitudes<\/h3>\n<p align=\"JUSTIFY\">Malgr\u00e9 les diverses mani\u00e8res d&rsquo;expliquer ce passage, nous pouvons \u00eatre s\u00fbrs de plusieurs choses : 1) Satan ne fait pas ce qu&rsquo;il veut, il est compl\u00e8tement domin\u00e9 par Dieu, 2) Les chr\u00e9tiens qui r\u00e8gnent avec le Seigneur J\u00e9sus sont ceux qui ont choisi de l&rsquo;adorer malgr\u00e9 la pers\u00e9cution des partisans de la b\u00eate (4) et 3) s&rsquo;ils ont connu le martyr ils ne conna\u00eetront pas la mort \u00e9ternelle (6).<\/p>\n<h3 align=\"JUSTIFY\">APPLICATIONS<\/h3>\n<ul>\n<li>\n<p align=\"JUSTIFY\">Seriez-vous pr\u00eats \u00e0 \u00eatre d\u00e9capit\u00e9s pour J\u00e9sus et dans l&rsquo;espoir d&rsquo;une premi\u00e8re r\u00e9surrection\u00a0? La r\u00e9surrection est-elle une contre-partie assez probable, assez r\u00e9jouissante pour vous\u00a0?<\/p>\n<\/li>\n<\/ul>\n<ul>\n<li>\n<p align=\"JUSTIFY\">Quel qu&rsquo;en soit le prix, je veux \u00eatre dans le camp des gagnants, je veux te rester fid\u00e8le Seigneur !<\/p>\n<\/li>\n<\/ul>\n","protected":false},"excerpt":{"rendered":"<p>Alors je vis descendre du ciel un ange qui tenait la clef de l&rsquo;ab\u00eeme et une grande cha\u00eene \u00e0 la main. 2 Il saisit le dragon, le serpent d&rsquo;autrefois, qui est le diable et le Satan, et il le lia pour mille ans. 3 Il le jeta dans l&rsquo;ab\u00eeme, qu&rsquo;il ferma et scella au-dessus de [&hellip;]<\/p>\n","protected":false},"author":3,"featured_media":5609,"comment_status":"open","ping_status":"closed","sticky":false,"template":"","format":"standard","meta":{"_acf_changed":false,"_eb_attr":"","advgb_blocks_editor_width":"","advgb_blocks_columns_visual_guide":"","footnotes":""},"categories":[16],"tags":[87,651,139],"video":[],"audio":[],"ecrit":[],"mis-en-avant":[],"redacteur":[],"type-darticle":[],"class_list":["post-5569","post","type-post","status-publish","format-standard","has-post-thumbnail","hentry","category-meditations-bibliques","tag-apocalypse","tag-ecrit","tag-millenium"],"blocksy_meta":[],"acf":[],"featured_image_src":"https:\/\/www.creusonslabible.fr\/wp-content\/uploads\/2017\/10\/chain-1508317_640-1.jpg","author_info":{"display_name":"Yoh","author_link":"https:\/\/www.creusonslabible.fr\/?author=3"},"author_meta":{"display_name":"Yoh","author_link":"https:\/\/www.creusonslabible.fr\/?author=3"},"featured_img":"https:\/\/www.creusonslabible.fr\/wp-content\/uploads\/2017\/10\/chain-1508317_640-1-300x200.jpg","coauthors":[],"tax_additional":{"categories":{"linked":["<a href=\"https:\/\/www.creusonslabible.fr\/?cat=16\" class=\"advgb-post-tax-term\">M\u00e9ditations bibliques<\/a>"],"unlinked":["<span class=\"advgb-post-tax-term\">M\u00e9ditations bibliques<\/span>"]},"tags":{"linked":["<a href=\"https:\/\/www.creusonslabible.fr\/?cat=16\" class=\"advgb-post-tax-term\">Apocalypse<\/a>","<a href=\"https:\/\/www.creusonslabible.fr\/?cat=16\" class=\"advgb-post-tax-term\">\u00e9crit<\/a>","<a href=\"https:\/\/www.creusonslabible.fr\/?cat=16\" class=\"advgb-post-tax-term\">Millenium<\/a>"],"unlinked":["<span class=\"advgb-post-tax-term\">Apocalypse<\/span>","<span class=\"advgb-post-tax-term\">\u00e9crit<\/span>","<span class=\"advgb-post-tax-term\">Millenium<\/span>"]}},"comment_count":"0","relative_dates":{"created":"Publi\u00e9 9 ans il y a","modified":"Mis \u00e0 jour 1 an il y a"},"absolute_dates":{"created":"Publi\u00e9 le 25 octobre 2017","modified":"Mise \u00e0 jour le 23 janvier 2025"},"absolute_dates_time":{"created":"Publi\u00e9 le 25 octobre 2017 12h20","modified":"Mise \u00e0 jour le 23 janvier 2025 13h25"},"featured_img_caption":"","series_order":"","meta_box":[],"_links":{"self":[{"href":"https:\/\/www.creusonslabible.fr\/index.php?rest_route=\/wp\/v2\/posts\/5569","targetHints":{"allow":["GET"]}}],"collection":[{"href":"https:\/\/www.creusonslabible.fr\/index.php?rest_route=\/wp\/v2\/posts"}],"about":[{"href":"https:\/\/www.creusonslabible.fr\/index.php?rest_route=\/wp\/v2\/types\/post"}],"author":[{"embeddable":true,"href":"https:\/\/www.creusonslabible.fr\/index.php?rest_route=\/wp\/v2\/users\/3"}],"replies":[{"embeddable":true,"href":"https:\/\/www.creusonslabible.fr\/index.php?rest_route=%2Fwp%2Fv2%2Fcomments&post=5569"}],"version-history":[{"count":1,"href":"https:\/\/www.creusonslabible.fr\/index.php?rest_route=\/wp\/v2\/posts\/5569\/revisions"}],"predecessor-version":[{"id":10518,"href":"https:\/\/www.creusonslabible.fr\/index.php?rest_route=\/wp\/v2\/posts\/5569\/revisions\/10518"}],"wp:featuredmedia":[{"embeddable":true,"href":"https:\/\/www.creusonslabible.fr\/index.php?rest_route=\/wp\/v2\/media\/5609"}],"wp:attachment":[{"href":"https:\/\/www.creusonslabible.fr\/index.php?rest_route=%2Fwp%2Fv2%2Fmedia&parent=5569"}],"wp:term":[{"taxonomy":"category","embeddable":true,"href":"https:\/\/www.creusonslabible.fr\/index.php?rest_route=%2Fwp%2Fv2%2Fcategories&post=5569"},{"taxonomy":"post_tag","embeddable":true,"href":"https:\/\/www.creusonslabible.fr\/index.php?rest_route=%2Fwp%2Fv2%2Ftags&post=5569"},{"taxonomy":"video","embeddable":true,"href":"https:\/\/www.creusonslabible.fr\/index.php?rest_route=%2Fwp%2Fv2%2Fvideo&post=5569"},{"taxonomy":"audio","embeddable":true,"href":"https:\/\/www.creusonslabible.fr\/index.php?rest_route=%2Fwp%2Fv2%2Faudio&post=5569"},{"taxonomy":"ecrit","embeddable":true,"href":"https:\/\/www.creusonslabible.fr\/index.php?rest_route=%2Fwp%2Fv2%2Fecrit&post=5569"},{"taxonomy":"mis-en-avant","embeddable":true,"href":"https:\/\/www.creusonslabible.fr\/index.php?rest_route=%2Fwp%2Fv2%2Fmis-en-avant&post=5569"},{"taxonomy":"redacteur","embeddable":true,"href":"https:\/\/www.creusonslabible.fr\/index.php?rest_route=%2Fwp%2Fv2%2Fredacteur&post=5569"},{"taxonomy":"type-darticle","embeddable":true,"href":"https:\/\/www.creusonslabible.fr\/index.php?rest_route=%2Fwp%2Fv2%2Ftype-darticle&post=5569"}],"curies":[{"name":"wp","href":"https:\/\/api.w.org\/{rel}","templated":true}]}}