{"id":5587,"date":"2017-11-15T12:06:33","date_gmt":"2017-11-15T10:06:33","guid":{"rendered":"http:\/\/www.creusonslabible.fr\/?p=5587"},"modified":"2025-01-23T13:25:01","modified_gmt":"2025-01-23T11:25:01","slug":"apocalypse-22-6-11-quest-ce-que-lapocalypse","status":"publish","type":"post","link":"https:\/\/www.creusonslabible.fr\/?p=5587","title":{"rendered":"APOCALYPSE 22.6-11 : Qu&rsquo;est-ce que l&rsquo;Apocalypse ?"},"content":{"rendered":"<blockquote><p>6 Il me dit : Ces paroles sont certaines et vraies ; le Seigneur, le Dieu des esprits des proph\u00e8tes, a envoy\u00e9 son ange pour montrer \u00e0 ses esclaves ce qui doit arriver bient\u00f4t. 7 Je viens bient\u00f4t. Heureux celui qui garde les paroles de la proph\u00e9tie de ce livre !<\/p>\n<p>8 C&rsquo;est moi, Jean, qui ai entendu et vu ces choses. Quand j&rsquo;ai entendu et vu, je suis tomb\u00e9 aux pieds de l&rsquo;ange qui me les montrait, pour me prosterner devant lui. 9 Mais il me dit : Garde-toi de faire cela ! Je ne suis que ton compagnon d&rsquo;esclavage et celui de tes fr\u00e8res, les proph\u00e8tes, et de ceux qui gardent les paroles de ce livre. Prosterne-toi devant Dieu !<\/p>\n<p>10 Puis il me dit : Ne tiens pas secr\u00e8tes les paroles de la proph\u00e9tie de ce livre, car le temps est proche. 11 Que celui qui est injuste soit encore injuste, que celui qui est sale se salisse encore, que le juste fasse encore la justice, et que celui qui est saint soit encore consacr\u00e9 !<\/p><\/blockquote>\n<h3>Une proph\u00e9tie&#8230;.<\/h3>\n<p>Ce que Jean a vu et entendu est digne de confiance parce que c&rsquo;est la r\u00e9v\u00e9lation de Dieu (6). Cela\u00a0fait de lui un proph\u00e8te qui doit transmettre avec exactitude le message fondamental du Seigneur pour son peuple.<\/p>\n<h3>\u2026 \u00e0 proclamer&#8230;<\/h3>\n<p>Cette r\u00e9v\u00e9lation qui d\u00e9crit le sens de l&rsquo;histoire doit \u00eatre connue parce que c&rsquo;est une tr\u00e8s bonne nouvelle qui se r\u00e9alise sous les yeux des chr\u00e9tiens : le r\u00e8gne de J\u00e9sus s&rsquo;installe d\u00e9finitivement sur terre.<\/p>\n<h3>\u2026 pour conforter<\/h3>\n<p>Comme d&rsquo;habitude dans la Bible, les signes miraculeux (gu\u00e9risons, proph\u00e9ties) viennent renforcer la foi de ceux qui croient d\u00e9j\u00e0 mais endurcissent ceux qui sont incr\u00e9dules (11). Cela cadre bien avec tout ce qui pr\u00e9c\u00e8de\u00a0: la terre est le th\u00e9\u00e2tre du combat entre les forces du Mal et celle de J\u00e9sus et les chr\u00e9tiens combattent sans autre espoir que souffrir. Il n&rsquo;est pas annonc\u00e9 de r\u00e9veil spirituel, de repentance g\u00e9n\u00e9ralis\u00e9e mais plut\u00f4t une radicalisation des camps. En quoi cette r\u00e9alit\u00e9 est-elle r\u00e9confortante\u00a0? Dieu contr\u00f4le totalement la situation et sera vainqueur.<\/p>\n<h3>APPLICATIONS<\/h3>\n<ul>\n<li>Voulez-vous \u00eatre des proph\u00e8tes ? Votre mission, si vous l&rsquo;acceptez, est de t\u00e9moigner que J\u00e9sus a chang\u00e9 votre vie et qu&rsquo;il veut donner du bonheur \u00e0 tous ceux qui croient en Lui. Il revient bient\u00f4t alors il est encore temps de sauver des vie en parlant de Lui !<\/li>\n<\/ul>\n<ul>\n<li>Ne nous lamentons pas si beaucoup refusent d&rsquo;\u00e9couter et de croire l&rsquo;\u00c9vangile car c&rsquo;est normal. Pers\u00e9v\u00e9rons donc et r\u00e9jouissons-nous d&rsquo;en voir certains \u00eatre touch\u00e9s par le Saint Esprit.<\/li>\n<\/ul>\n","protected":false},"excerpt":{"rendered":"<p>6 Il me dit : Ces paroles sont certaines et vraies ; le Seigneur, le Dieu des esprits des proph\u00e8tes, a envoy\u00e9 son ange pour montrer \u00e0 ses esclaves ce qui doit arriver bient\u00f4t. 7 Je viens bient\u00f4t. Heureux celui qui garde les paroles de la proph\u00e9tie de ce livre ! 8 C&rsquo;est moi, Jean, [&hellip;]<\/p>\n","protected":false},"author":3,"featured_media":5693,"comment_status":"open","ping_status":"closed","sticky":false,"template":"","format":"standard","meta":{"_acf_changed":false,"_eb_attr":"","advgb_blocks_editor_width":"","advgb_blocks_columns_visual_guide":"","footnotes":""},"categories":[16],"tags":[87,651],"video":[],"audio":[],"ecrit":[],"mis-en-avant":[],"redacteur":[],"type-darticle":[],"class_list":["post-5587","post","type-post","status-publish","format-standard","has-post-thumbnail","hentry","category-meditations-bibliques","tag-apocalypse","tag-ecrit"],"blocksy_meta":[],"acf":[],"featured_image_src":"https:\/\/www.creusonslabible.fr\/wp-content\/uploads\/2017\/11\/exclamation-point-2620929_640-1.jpg","author_info":{"display_name":"Yoh","author_link":"https:\/\/www.creusonslabible.fr\/?author=3"},"author_meta":{"display_name":"Yoh","author_link":"https:\/\/www.creusonslabible.fr\/?author=3"},"featured_img":"https:\/\/www.creusonslabible.fr\/wp-content\/uploads\/2017\/11\/exclamation-point-2620929_640-1-300x100.jpg","coauthors":[],"tax_additional":{"categories":{"linked":["<a href=\"https:\/\/www.creusonslabible.fr\/?cat=16\" class=\"advgb-post-tax-term\">M\u00e9ditations bibliques<\/a>"],"unlinked":["<span class=\"advgb-post-tax-term\">M\u00e9ditations bibliques<\/span>"]},"tags":{"linked":["<a href=\"https:\/\/www.creusonslabible.fr\/?cat=16\" class=\"advgb-post-tax-term\">Apocalypse<\/a>","<a href=\"https:\/\/www.creusonslabible.fr\/?cat=16\" class=\"advgb-post-tax-term\">\u00e9crit<\/a>"],"unlinked":["<span class=\"advgb-post-tax-term\">Apocalypse<\/span>","<span class=\"advgb-post-tax-term\">\u00e9crit<\/span>"]}},"comment_count":"0","relative_dates":{"created":"Publi\u00e9 8 ans il y a","modified":"Mis \u00e0 jour 1 an il y a"},"absolute_dates":{"created":"Publi\u00e9 le 15 novembre 2017","modified":"Mise \u00e0 jour le 23 janvier 2025"},"absolute_dates_time":{"created":"Publi\u00e9 le 15 novembre 2017 12h06","modified":"Mise \u00e0 jour le 23 janvier 2025 13h25"},"featured_img_caption":"","series_order":"","meta_box":[],"_links":{"self":[{"href":"https:\/\/www.creusonslabible.fr\/index.php?rest_route=\/wp\/v2\/posts\/5587","targetHints":{"allow":["GET"]}}],"collection":[{"href":"https:\/\/www.creusonslabible.fr\/index.php?rest_route=\/wp\/v2\/posts"}],"about":[{"href":"https:\/\/www.creusonslabible.fr\/index.php?rest_route=\/wp\/v2\/types\/post"}],"author":[{"embeddable":true,"href":"https:\/\/www.creusonslabible.fr\/index.php?rest_route=\/wp\/v2\/users\/3"}],"replies":[{"embeddable":true,"href":"https:\/\/www.creusonslabible.fr\/index.php?rest_route=%2Fwp%2Fv2%2Fcomments&post=5587"}],"version-history":[{"count":1,"href":"https:\/\/www.creusonslabible.fr\/index.php?rest_route=\/wp\/v2\/posts\/5587\/revisions"}],"predecessor-version":[{"id":10510,"href":"https:\/\/www.creusonslabible.fr\/index.php?rest_route=\/wp\/v2\/posts\/5587\/revisions\/10510"}],"wp:featuredmedia":[{"embeddable":true,"href":"https:\/\/www.creusonslabible.fr\/index.php?rest_route=\/wp\/v2\/media\/5693"}],"wp:attachment":[{"href":"https:\/\/www.creusonslabible.fr\/index.php?rest_route=%2Fwp%2Fv2%2Fmedia&parent=5587"}],"wp:term":[{"taxonomy":"category","embeddable":true,"href":"https:\/\/www.creusonslabible.fr\/index.php?rest_route=%2Fwp%2Fv2%2Fcategories&post=5587"},{"taxonomy":"post_tag","embeddable":true,"href":"https:\/\/www.creusonslabible.fr\/index.php?rest_route=%2Fwp%2Fv2%2Ftags&post=5587"},{"taxonomy":"video","embeddable":true,"href":"https:\/\/www.creusonslabible.fr\/index.php?rest_route=%2Fwp%2Fv2%2Fvideo&post=5587"},{"taxonomy":"audio","embeddable":true,"href":"https:\/\/www.creusonslabible.fr\/index.php?rest_route=%2Fwp%2Fv2%2Faudio&post=5587"},{"taxonomy":"ecrit","embeddable":true,"href":"https:\/\/www.creusonslabible.fr\/index.php?rest_route=%2Fwp%2Fv2%2Fecrit&post=5587"},{"taxonomy":"mis-en-avant","embeddable":true,"href":"https:\/\/www.creusonslabible.fr\/index.php?rest_route=%2Fwp%2Fv2%2Fmis-en-avant&post=5587"},{"taxonomy":"redacteur","embeddable":true,"href":"https:\/\/www.creusonslabible.fr\/index.php?rest_route=%2Fwp%2Fv2%2Fredacteur&post=5587"},{"taxonomy":"type-darticle","embeddable":true,"href":"https:\/\/www.creusonslabible.fr\/index.php?rest_route=%2Fwp%2Fv2%2Ftype-darticle&post=5587"}],"curies":[{"name":"wp","href":"https:\/\/api.w.org\/{rel}","templated":true}]}}