{"id":5652,"date":"2017-10-31T15:54:03","date_gmt":"2017-10-31T13:54:03","guid":{"rendered":"http:\/\/www.creusonslabible.fr\/?p=5652"},"modified":"2025-01-23T13:25:02","modified_gmt":"2025-01-23T11:25:02","slug":"psaumes-139-en-manque-de-confiance-ou-veux-tu-fuir","status":"publish","type":"post","link":"https:\/\/www.creusonslabible.fr\/?p=5652","title":{"rendered":"Psaume 139 : En manque de confiance ? O\u00f9 veux-tu fuir ?"},"content":{"rendered":"<figure class=\"wp-block-post-featured-image\"><img loading=\"lazy\" decoding=\"async\" width=\"450\" height=\"583\" src=\"https:\/\/www.creusonslabible.fr\/wp-content\/uploads\/2017\/10\/Fuir-1.jpg\" class=\"attachment-post-thumbnail size-post-thumbnail wp-post-image\" alt=\"\" style=\"object-fit:cover;\" srcset=\"https:\/\/www.creusonslabible.fr\/wp-content\/uploads\/2017\/10\/Fuir-1.jpg 450w, https:\/\/www.creusonslabible.fr\/wp-content\/uploads\/2017\/10\/Fuir-1-232x300.jpg 232w\" sizes=\"auto, (max-width: 450px) 100vw, 450px\" \/><\/figure>\n\n<h1><strong><em>Accroche<\/em><\/strong><\/h1>\n<p><strong><em>Regarder la 1\u00e8re minute de cette vid\u00e9o\u00a0:<\/em><\/strong><\/p>\n\n\n<figure class=\"wp-block-embed is-type-video is-provider-youtube wp-block-embed-youtube wp-embed-aspect-16-9 wp-has-aspect-ratio\"><div class=\"wp-block-embed__wrapper\">\n<iframe loading=\"lazy\" title=\"Dive into the world\u2019s second largest coral reef at Club Med Canc\u00fan Yucat\u00e1n - Mexico\" width=\"1290\" height=\"726\" src=\"https:\/\/www.youtube.com\/embed\/k-S1lNieUnk?feature=oembed\" frameborder=\"0\" allow=\"accelerometer; autoplay; clipboard-write; encrypted-media; gyroscope; picture-in-picture; web-share\" referrerpolicy=\"strict-origin-when-cross-origin\" allowfullscreen><\/iframe>\n<\/div><\/figure>\n\n\n<p><strong><em>Pourquoi avons nous envie de partir en vacances\u00a0? Peut-\u00eatre voulons-nous fuir notre vie, notre quotidien voir nous-m\u00eame. <\/em><\/strong><strong><em>Dieu, lui, on ne le fuit pas, il est toujours l\u00e0 et connait tout de nous. <\/em><\/strong><\/p>\n<p><strong><em>Revenir \u00e0 la fin de la discussion autour de la Bible : pour parler de qui nous sommes. Que voulons-nous fuir\u00a0? Nous-m\u00eame, autre&#8230; ? Dieu\u00a0?<\/em><\/strong><\/p>\n<p><strong>Rechercher le vocabulaire suivant avant d&rsquo;animer : <\/strong><\/p>\n<ul>\n<li>\u00c2me :<\/li>\n<li>Louer Dieu\u00a0:<\/li>\n<\/ul>\n<h1>Questions d\u2019observation\u00a0: Tableau de comparaison<\/h1>\n<p><strong>Noter et classer dans un tableau ce que fait \/ sait Dieu\u00a0et en face la r\u00e9ponse de David\u00a0? \u00a0Que constatez-vous\u00a0?<\/strong><\/p>\n<table style=\"height: 131px;\" width=\"739\">\n<tbody>\n<tr>\n<td width=\"350\"><strong>ce que fait \/ sait Dieu<\/strong><\/td>\n<td width=\"350\"><strong>r\u00e9ponse de David<\/strong><\/td>\n<\/tr>\n<\/tbody>\n<\/table>\n<p><strong>\u00a0<\/strong><\/p>\n<h1>C\u0153ur du Passage<\/h1>\n<ul>\n<li><strong>Quel est le lien entre David et l\u2019\u00c9ternel ? <\/strong>Dieu l\u2019entoure (v5) et le tient par la main (v10). Il le sonde, le connait (v2, v23) et le conduit (v24). David est d\u00e9pendant de Dieu (23 ,24). David loue Dieu (v14).<\/li>\n<li><strong>Est-ce que David n\u2019a pas pris la grosse t\u00eate en disant \u00eatre quelqu&rsquo;un de merveilleux et en voulant faire tuer le m\u00e9chant\u00a0? <\/strong><\/li>\n<li><strong>Pourquoi est-il alors une cr\u00e9ature merveilleuse ?<\/strong> Cr\u00e9\u00e9 par ce Dieu qui connait tout de tout, il est partout. David est aim\u00e9 de Dieu, il est cr\u00e9\u00e9 par lui.<\/li>\n<li><strong>Quelle est l\u2019attitude de David face aux m\u00e9chants et pourquoi ? Est-ce l\u00e9gitime ? <\/strong>David veut que Dieu les fasse mourir, qu\u2019il les \u00e9loigne (19) de lui car ils prennent le nom de Dieu pour mentir (20). Il estime, a priori, que c\u2019est l\u00e9gitime d\u2019avoir de la haine envers eux mais quand m\u00eame il s\u2019en remet \u00e0 Dieu (1, 23, 24).<\/li>\n<li><strong>Pourquoi il peut demander la mort des ennemis\u00a0? <\/strong>Il demande la justice de Dieu. Ils sont contre Dieu et il a peut-\u00eatre l\u2019impression que Dieu n\u2019agit pas alors qu\u2019il est un grand Dieu tel qu\u2019il n\u2019en existe pas de plus grand. L\u2019auteur ne venge pas Dieu mais il demande \u00e0 Dieu de faire venir sa justice, de faire stopper l\u2019injustice. L\u2019auteur demande \u00e0 Dieu de le sonder et de le conduire.<\/li>\n<li><strong>Est-ce que la venue de J\u00e9sus a chang\u00e9 quelque chose par rapport \u00e0 la demande de faire mourir les m\u00e9chants\u00a0? <\/strong>(lire Romain 12.19) C\u2019est Dieu qui fait justice comme l\u2019ap\u00f4tre Paul l\u2019\u00e9crit en Rm 12.19.<\/li>\n<\/ul>\n<h1>Questions d\u2019Appropriation<\/h1>\n<ul>\n<li><strong>Qu\u2019est ce qui d\u00e9finit qui vous \u00eates, votre identit\u00e9 ? les gens autour de vous, vos loisirs, vos parents ? Sont-ce des sources fiables ? <\/strong><\/li>\n<li><strong>Vous sentez vous seul\u00a0? Pensez-vous avoir de la valeur pour quelqu\u2019un\u00a0? <\/strong>Sachez que vous avez de la valeur pour le cr\u00e9ateur de toutes choses.<\/li>\n<li><strong>Est-ce que vous essayez de fuir Dieu, en ne voulant pas penser \u00e0 lui et pourquoi ? <\/strong><\/li>\n<li><strong>Quelles sont vos pens\u00e9es face \u00e0 une injustice ? Quelle est votre r\u00e9action face \u00e0 des terroristes ? <\/strong><\/li>\n<\/ul>","protected":false},"excerpt":{"rendered":"<p>Accroche Regarder la 1\u00e8re minute de cette vid\u00e9o\u00a0: Pourquoi avons nous envie de partir en vacances\u00a0? Peut-\u00eatre voulons-nous fuir notre vie, notre quotidien voir nous-m\u00eame. Dieu, lui, on ne le fuit pas, il est toujours l\u00e0 et connait tout de nous. Revenir \u00e0 la fin de la discussion autour de la Bible : pour parler [&hellip;]<\/p>\n","protected":false},"author":6,"featured_media":5653,"comment_status":"open","ping_status":"closed","sticky":false,"template":"","format":"standard","meta":{"_acf_changed":false,"_eb_attr":"","advgb_blocks_editor_width":"","advgb_blocks_columns_visual_guide":"","footnotes":""},"categories":[10,105],"tags":[651,32,258,259,260],"video":[],"audio":[],"ecrit":[],"mis-en-avant":[],"redacteur":[],"type-darticle":[],"class_list":["post-5652","post","type-post","status-publish","format-standard","has-post-thumbnail","hentry","category-discussions-autour-de-la-bible","category-speciales-groupes-bibliques-lyceens","tag-ecrit","tag-ennemis","tag-fuir","tag-qui-suis-je","tag-souffrance"],"blocksy_meta":[],"acf":[],"featured_image_src":"https:\/\/www.creusonslabible.fr\/wp-content\/uploads\/2017\/10\/Fuir-1.jpg","author_info":{"display_name":"Laetitia","author_link":"https:\/\/www.creusonslabible.fr\/?author=6"},"author_meta":{"display_name":"Laetitia","author_link":"https:\/\/www.creusonslabible.fr\/?author=6"},"featured_img":"https:\/\/www.creusonslabible.fr\/wp-content\/uploads\/2017\/10\/Fuir-1-232x300.jpg","coauthors":[],"tax_additional":{"categories":{"linked":["<a href=\"https:\/\/www.creusonslabible.fr\/?cat=10\" class=\"advgb-post-tax-term\">Discussions autour de la Bible<\/a>","<a href=\"https:\/\/www.creusonslabible.fr\/?cat=105\" class=\"advgb-post-tax-term\">Sp\u00e9ciales Groupes Bibliques Lyc\u00e9ens<\/a>"],"unlinked":["<span class=\"advgb-post-tax-term\">Discussions autour de la Bible<\/span>","<span class=\"advgb-post-tax-term\">Sp\u00e9ciales Groupes Bibliques Lyc\u00e9ens<\/span>"]},"tags":{"linked":["<a href=\"https:\/\/www.creusonslabible.fr\/?cat=105\" class=\"advgb-post-tax-term\">\u00e9crit<\/a>","<a href=\"https:\/\/www.creusonslabible.fr\/?cat=105\" class=\"advgb-post-tax-term\">ennemis<\/a>","<a href=\"https:\/\/www.creusonslabible.fr\/?cat=105\" class=\"advgb-post-tax-term\">Fuir<\/a>","<a href=\"https:\/\/www.creusonslabible.fr\/?cat=105\" class=\"advgb-post-tax-term\">Qui suis-je?<\/a>","<a href=\"https:\/\/www.creusonslabible.fr\/?cat=105\" class=\"advgb-post-tax-term\">souffrance<\/a>"],"unlinked":["<span class=\"advgb-post-tax-term\">\u00e9crit<\/span>","<span class=\"advgb-post-tax-term\">ennemis<\/span>","<span class=\"advgb-post-tax-term\">Fuir<\/span>","<span class=\"advgb-post-tax-term\">Qui suis-je?<\/span>","<span class=\"advgb-post-tax-term\">souffrance<\/span>"]}},"comment_count":"0","relative_dates":{"created":"Publi\u00e9 9 ans il y a","modified":"Mis \u00e0 jour 1 an il y a"},"absolute_dates":{"created":"Publi\u00e9 le 31 octobre 2017","modified":"Mise \u00e0 jour le 23 janvier 2025"},"absolute_dates_time":{"created":"Publi\u00e9 le 31 octobre 2017 15h54","modified":"Mise \u00e0 jour le 23 janvier 2025 13h25"},"featured_img_caption":"","series_order":"","meta_box":[],"_links":{"self":[{"href":"https:\/\/www.creusonslabible.fr\/index.php?rest_route=\/wp\/v2\/posts\/5652","targetHints":{"allow":["GET"]}}],"collection":[{"href":"https:\/\/www.creusonslabible.fr\/index.php?rest_route=\/wp\/v2\/posts"}],"about":[{"href":"https:\/\/www.creusonslabible.fr\/index.php?rest_route=\/wp\/v2\/types\/post"}],"author":[{"embeddable":true,"href":"https:\/\/www.creusonslabible.fr\/index.php?rest_route=\/wp\/v2\/users\/6"}],"replies":[{"embeddable":true,"href":"https:\/\/www.creusonslabible.fr\/index.php?rest_route=%2Fwp%2Fv2%2Fcomments&post=5652"}],"version-history":[{"count":3,"href":"https:\/\/www.creusonslabible.fr\/index.php?rest_route=\/wp\/v2\/posts\/5652\/revisions"}],"predecessor-version":[{"id":12329,"href":"https:\/\/www.creusonslabible.fr\/index.php?rest_route=\/wp\/v2\/posts\/5652\/revisions\/12329"}],"wp:featuredmedia":[{"embeddable":true,"href":"https:\/\/www.creusonslabible.fr\/index.php?rest_route=\/wp\/v2\/media\/5653"}],"wp:attachment":[{"href":"https:\/\/www.creusonslabible.fr\/index.php?rest_route=%2Fwp%2Fv2%2Fmedia&parent=5652"}],"wp:term":[{"taxonomy":"category","embeddable":true,"href":"https:\/\/www.creusonslabible.fr\/index.php?rest_route=%2Fwp%2Fv2%2Fcategories&post=5652"},{"taxonomy":"post_tag","embeddable":true,"href":"https:\/\/www.creusonslabible.fr\/index.php?rest_route=%2Fwp%2Fv2%2Ftags&post=5652"},{"taxonomy":"video","embeddable":true,"href":"https:\/\/www.creusonslabible.fr\/index.php?rest_route=%2Fwp%2Fv2%2Fvideo&post=5652"},{"taxonomy":"audio","embeddable":true,"href":"https:\/\/www.creusonslabible.fr\/index.php?rest_route=%2Fwp%2Fv2%2Faudio&post=5652"},{"taxonomy":"ecrit","embeddable":true,"href":"https:\/\/www.creusonslabible.fr\/index.php?rest_route=%2Fwp%2Fv2%2Fecrit&post=5652"},{"taxonomy":"mis-en-avant","embeddable":true,"href":"https:\/\/www.creusonslabible.fr\/index.php?rest_route=%2Fwp%2Fv2%2Fmis-en-avant&post=5652"},{"taxonomy":"redacteur","embeddable":true,"href":"https:\/\/www.creusonslabible.fr\/index.php?rest_route=%2Fwp%2Fv2%2Fredacteur&post=5652"},{"taxonomy":"type-darticle","embeddable":true,"href":"https:\/\/www.creusonslabible.fr\/index.php?rest_route=%2Fwp%2Fv2%2Ftype-darticle&post=5652"}],"curies":[{"name":"wp","href":"https:\/\/api.w.org\/{rel}","templated":true}]}}