{"id":5713,"date":"2017-11-23T16:35:44","date_gmt":"2017-11-23T14:35:44","guid":{"rendered":"http:\/\/www.creusonslabible.fr\/?p=5713"},"modified":"2026-04-07T15:12:09","modified_gmt":"2026-04-07T13:12:09","slug":"luc-4-14-28-quel-sauveur-attendez-vous","status":"publish","type":"post","link":"https:\/\/www.creusonslabible.fr\/?p=5713","title":{"rendered":"Luc 4.14-28 : Quel sauveur attendez-vous?"},"content":{"rendered":"<h1><strong>Accroche\u00a0<\/strong><\/h1>\n<p><strong>Quel super h\u00e9ros appr\u00e9ciez-vous le plus ? Pourquoi ? Regardez l\u2019image ci-dessous, en quoi elle vous inspire ou vous surprend ?<\/strong><\/p>\n<p style=\"text-align: left;\"><a href=\"https:\/\/www.creusonslabible.fr\/wp-content\/uploads\/2017\/11\/Jesus-hero-1.png\"><img loading=\"lazy\" decoding=\"async\" class=\"alignnone size-medium wp-image-5714\" src=\"https:\/\/www.creusonslabible.fr\/wp-content\/uploads\/2017\/11\/Jesus-hero-1-300x205.png\" alt=\"\" width=\"300\" height=\"205\" srcset=\"https:\/\/www.creusonslabible.fr\/wp-content\/uploads\/2017\/11\/Jesus-hero-1-300x205.png 300w, https:\/\/www.creusonslabible.fr\/wp-content\/uploads\/2017\/11\/Jesus-hero-1-768x525.png 768w, https:\/\/www.creusonslabible.fr\/wp-content\/uploads\/2017\/11\/Jesus-hero-1.png 858w\" sizes=\"auto, (max-width: 300px) 100vw, 300px\" \/><\/a><\/p>\n<p><strong>Pr\u00e9c\u00e9demment dans l&rsquo;\u00e9vangile de Luc&#8230; <\/strong>J\u00e9sus devenu adulte, vient juste de commencer sa premi\u00e8re ann\u00e9e de minist\u00e8re. Avant notre \u00e9pisode, il a pass\u00e9 40 jours dans le d\u00e9sert et il exerce son minist\u00e8re en Galil\u00e9e, sa r\u00e9gion d&rsquo;origine. A l&rsquo;heure actuelle, la question qui est sur toutes les l\u00e8vres est \u00ab\u00a0Mais qui est cet homme?\u00a0\u00bb&#8230;<\/p>\n<p><strong>Vocabulaire <\/strong><\/p>\n<p><strong>L&rsquo;Esprit du Seigneur = le Saint Esprit, l&rsquo;Esprit de Dieu<br \/>\n<\/strong><\/p>\n<p><strong>\u00catre oint = \u00eatre choisi par Dieu pour le servir.<\/strong><\/p>\n<h1>Questions d\u2019observation\u00a0: La une du Journal<\/h1>\n<p><strong>Lisez le texte une fois \u00e0 voix haute. <\/strong><\/p>\n<p>Partager votre groupe en 2, et donner la feuille ci-dessous \u00e0 chacune des deux \u00e9quipes. Demandez \u00e0 chacune des deux \u00e9quipes de r\u00e9diger ou dessiner la une de la Gazette de Nazareth, avec des gros titres, des sous-titres, des articles ou des dessins ! Les plus pr\u00e9cis et les plus cr\u00e9atifs seront f\u00e9licit\u00e9s (attention \u00e0 bien g\u00e9rer le temps, ne pas d\u00e9passer 10min)\u00a0<strong><br \/>\n<\/strong><\/p>\n<p><a href=\"https:\/\/www.creusonslabible.fr\/wp-content\/uploads\/2017\/11\/1-de-journal-1.jpg\"><img loading=\"lazy\" decoding=\"async\" class=\"alignnone size-medium wp-image-5715\" src=\"https:\/\/www.creusonslabible.fr\/wp-content\/uploads\/2017\/11\/1-de-journal-1-275x300.jpg\" alt=\"\" width=\"275\" height=\"300\" srcset=\"https:\/\/www.creusonslabible.fr\/wp-content\/uploads\/2017\/11\/1-de-journal-1-275x300.jpg 275w, https:\/\/www.creusonslabible.fr\/wp-content\/uploads\/2017\/11\/1-de-journal-1.jpg 443w\" sizes=\"auto, (max-width: 275px) 100vw, 275px\" \/><\/a><\/p>\n<p>Pour t\u00e9l\u00e9charger le format vide de la une du journal <a href=\"https:\/\/www.creusonslabible.fr\/wp-content\/uploads\/2017\/11\/une-de-journal-1.pdf\">cliquez ici<\/a><\/p>\n<h1>C\u0153ur du Passage<\/h1>\n<h2><strong>Un sauveur est l\u00e0<\/strong><\/h2>\n<ul>\n<li><strong>Comment le minist\u00e8re de J\u00e9sus est-il accueilli dans sa r\u00e9gion ?<\/strong><\/li>\n<li><strong>Pourquoi doit-il aller dans la ville de Nazareth ?<\/strong><\/li>\n<li><strong>Qu&rsquo;est-ce qu&rsquo;une ann\u00e9e de gr\u00e2ce ? Quel est le lien avec la venue du Messie dans ce contexte? <\/strong>(question un peu compliqu\u00e9 pour les lyc\u00e9ens non chr\u00e9tiens alors \u00e0 vous de bien expliquer cette notion et de mettre en \u00e9vidence l&rsquo;attente d&rsquo;un sauveur dans ce contexte)<strong><br \/>\n<\/strong><\/li>\n<li><strong>Quelles sont les caract\u00e9ristiques de la personne d\u00e9crite dans le texte d\u2019\u00c9sa\u00efe ? <\/strong><\/li>\n<li><strong>Quel est le lien entre J\u00e9sus et la personne d\u00e9crite par \u00c9sa\u00efe ?<\/strong><\/li>\n<li><strong>Comment r\u00e9agissent les gens apr\u00e8s son commentaire du texte biblique ? <\/strong><\/li>\n<\/ul>\n<h2><strong>Un sauveur pour qui\u00a0?<\/strong><\/h2>\n<ul>\n<li><strong>Analysez la r\u00e9ponse de J\u00e9sus au verset 23 et 24.<\/strong><\/li>\n<li><strong>Les personnages bibliques cit\u00e9s par J\u00e9sus sont deux personnes non juives : une veuve qui a \u00e9t\u00e9 nourri par Dieu pendant une grande famine et un grand g\u00e9n\u00e9ral Syrien qui a \u00e9t\u00e9 miraculeusement gu\u00e9ri d&rsquo;une maladie de peau incurable. Pourquoi ces deux histoires sont-elles mises en valeur par J\u00e9sus ? Que veut-il d\u00e9montrer ?<\/strong><\/li>\n<li><strong>Quel est la r\u00e9action des juifs \u00e0 la fin du texte ?<\/strong><\/li>\n<\/ul>\n<h1>Questions d\u2019Appropriation<\/h1>\n<ul>\n<li><strong>En quoi cette gr\u00e2ce de Dieu d\u00e9crite dans les versets 18 et 19 est-elle un signe de son amour ? <\/strong><\/li>\n<li><strong>Ai-je besoin d&rsquo;\u00eatre d\u00e9livr\u00e9 de quelque chose ? De quoi suis-je captif ?<\/strong><\/li>\n<li><strong>Comment J\u00e9sus peut-il m&rsquo;aider \u00e0 changer ?<\/strong><\/li>\n<\/ul>\n","protected":false},"excerpt":{"rendered":"<p>Accroche\u00a0 Quel super h\u00e9ros appr\u00e9ciez-vous le plus ? Pourquoi ? Regardez l\u2019image ci-dessous, en quoi elle vous inspire ou vous surprend ? Pr\u00e9c\u00e9demment dans l&rsquo;\u00e9vangile de Luc&#8230; J\u00e9sus devenu adulte, vient juste de commencer sa premi\u00e8re ann\u00e9e de minist\u00e8re. Avant notre \u00e9pisode, il a pass\u00e9 40 jours dans le d\u00e9sert et il exerce son minist\u00e8re [&hellip;]<\/p>\n","protected":false},"author":6,"featured_media":5717,"comment_status":"open","ping_status":"closed","sticky":false,"template":"","format":"standard","meta":{"_acf_changed":false,"_eb_attr":"","advgb_blocks_editor_width":"","advgb_blocks_columns_visual_guide":"","footnotes":""},"categories":[10,105],"tags":[266,651,267,22,268],"video":[],"audio":[],"ecrit":[],"mis-en-avant":[],"redacteur":[],"type-darticle":[],"class_list":["post-5713","post","type-post","status-publish","format-standard","has-post-thumbnail","hentry","category-discussions-autour-de-la-bible","category-speciales-groupes-bibliques-lyceens","tag-delivrance","tag-ecrit","tag-heros","tag-luc","tag-sauveur"],"blocksy_meta":[],"acf":[],"featured_image_src":"https:\/\/www.creusonslabible.fr\/wp-content\/uploads\/2017\/11\/daniel-cheung-129839-1-scaled-1.jpg","author_info":{"display_name":"Laetitia","author_link":"https:\/\/www.creusonslabible.fr\/?author=6"},"author_meta":{"display_name":"Laetitia","author_link":"https:\/\/www.creusonslabible.fr\/?author=6"},"featured_img":"https:\/\/www.creusonslabible.fr\/wp-content\/uploads\/2017\/11\/daniel-cheung-129839-1-scaled-1-300x200.jpg","coauthors":[],"tax_additional":{"categories":{"linked":["<a href=\"https:\/\/www.creusonslabible.fr\/?cat=10\" class=\"advgb-post-tax-term\">Discussions autour de la Bible<\/a>","<a href=\"https:\/\/www.creusonslabible.fr\/?cat=105\" class=\"advgb-post-tax-term\">Sp\u00e9ciales Groupes Bibliques Lyc\u00e9ens<\/a>"],"unlinked":["<span class=\"advgb-post-tax-term\">Discussions autour de la Bible<\/span>","<span class=\"advgb-post-tax-term\">Sp\u00e9ciales Groupes Bibliques Lyc\u00e9ens<\/span>"]},"tags":{"linked":["<a href=\"https:\/\/www.creusonslabible.fr\/?cat=105\" class=\"advgb-post-tax-term\">d\u00e9livrance<\/a>","<a href=\"https:\/\/www.creusonslabible.fr\/?cat=105\" class=\"advgb-post-tax-term\">\u00e9crit<\/a>","<a href=\"https:\/\/www.creusonslabible.fr\/?cat=105\" class=\"advgb-post-tax-term\">h\u00e9ros<\/a>","<a href=\"https:\/\/www.creusonslabible.fr\/?cat=105\" class=\"advgb-post-tax-term\">Luc<\/a>","<a href=\"https:\/\/www.creusonslabible.fr\/?cat=105\" class=\"advgb-post-tax-term\">Sauveur<\/a>"],"unlinked":["<span class=\"advgb-post-tax-term\">d\u00e9livrance<\/span>","<span class=\"advgb-post-tax-term\">\u00e9crit<\/span>","<span class=\"advgb-post-tax-term\">h\u00e9ros<\/span>","<span class=\"advgb-post-tax-term\">Luc<\/span>","<span class=\"advgb-post-tax-term\">Sauveur<\/span>"]}},"comment_count":"0","relative_dates":{"created":"Publi\u00e9 8 ans il y a","modified":"Mis \u00e0 jour 3 semaines il y a"},"absolute_dates":{"created":"Publi\u00e9 le 23 novembre 2017","modified":"Mise \u00e0 jour le 7 avril 2026"},"absolute_dates_time":{"created":"Publi\u00e9 le 23 novembre 2017 16h35","modified":"Mise \u00e0 jour le 7 avril 2026 15h12"},"featured_img_caption":"","series_order":"","meta_box":[],"_links":{"self":[{"href":"https:\/\/www.creusonslabible.fr\/index.php?rest_route=\/wp\/v2\/posts\/5713","targetHints":{"allow":["GET"]}}],"collection":[{"href":"https:\/\/www.creusonslabible.fr\/index.php?rest_route=\/wp\/v2\/posts"}],"about":[{"href":"https:\/\/www.creusonslabible.fr\/index.php?rest_route=\/wp\/v2\/types\/post"}],"author":[{"embeddable":true,"href":"https:\/\/www.creusonslabible.fr\/index.php?rest_route=\/wp\/v2\/users\/6"}],"replies":[{"embeddable":true,"href":"https:\/\/www.creusonslabible.fr\/index.php?rest_route=%2Fwp%2Fv2%2Fcomments&post=5713"}],"version-history":[{"count":3,"href":"https:\/\/www.creusonslabible.fr\/index.php?rest_route=\/wp\/v2\/posts\/5713\/revisions"}],"predecessor-version":[{"id":12507,"href":"https:\/\/www.creusonslabible.fr\/index.php?rest_route=\/wp\/v2\/posts\/5713\/revisions\/12507"}],"wp:featuredmedia":[{"embeddable":true,"href":"https:\/\/www.creusonslabible.fr\/index.php?rest_route=\/wp\/v2\/media\/5717"}],"wp:attachment":[{"href":"https:\/\/www.creusonslabible.fr\/index.php?rest_route=%2Fwp%2Fv2%2Fmedia&parent=5713"}],"wp:term":[{"taxonomy":"category","embeddable":true,"href":"https:\/\/www.creusonslabible.fr\/index.php?rest_route=%2Fwp%2Fv2%2Fcategories&post=5713"},{"taxonomy":"post_tag","embeddable":true,"href":"https:\/\/www.creusonslabible.fr\/index.php?rest_route=%2Fwp%2Fv2%2Ftags&post=5713"},{"taxonomy":"video","embeddable":true,"href":"https:\/\/www.creusonslabible.fr\/index.php?rest_route=%2Fwp%2Fv2%2Fvideo&post=5713"},{"taxonomy":"audio","embeddable":true,"href":"https:\/\/www.creusonslabible.fr\/index.php?rest_route=%2Fwp%2Fv2%2Faudio&post=5713"},{"taxonomy":"ecrit","embeddable":true,"href":"https:\/\/www.creusonslabible.fr\/index.php?rest_route=%2Fwp%2Fv2%2Fecrit&post=5713"},{"taxonomy":"mis-en-avant","embeddable":true,"href":"https:\/\/www.creusonslabible.fr\/index.php?rest_route=%2Fwp%2Fv2%2Fmis-en-avant&post=5713"},{"taxonomy":"redacteur","embeddable":true,"href":"https:\/\/www.creusonslabible.fr\/index.php?rest_route=%2Fwp%2Fv2%2Fredacteur&post=5713"},{"taxonomy":"type-darticle","embeddable":true,"href":"https:\/\/www.creusonslabible.fr\/index.php?rest_route=%2Fwp%2Fv2%2Ftype-darticle&post=5713"}],"curies":[{"name":"wp","href":"https:\/\/api.w.org\/{rel}","templated":true}]}}