{"id":5748,"date":"2017-12-05T18:00:55","date_gmt":"2017-12-05T16:00:55","guid":{"rendered":"http:\/\/www.creusonslabible.fr\/?p=5748"},"modified":"2025-01-23T13:25:00","modified_gmt":"2025-01-23T11:25:00","slug":"esaie-42-1-4-programme-messianique","status":"publish","type":"post","link":"https:\/\/www.creusonslabible.fr\/?p=5748","title":{"rendered":"\u00c9sa\u00efe 42.1-4 : Programme messianique"},"content":{"rendered":"<blockquote><p>Voici mon serviteur, que je soutiens,<br \/>\ncelui que j&rsquo;ai choisi et que j&rsquo;agr\u00e9e.<br \/>\nJ&rsquo;ai mis sur lui mon souffle\u00a0;<br \/>\nil imposera l&rsquo;\u00e9quit\u00e9 aux nations.<\/p>\n<p>2 Il ne criera pas,<br \/>\nil n&rsquo;\u00e9l\u00e8vera pas la voix,<br \/>\nil ne se fera pas entendre dans les rues.<\/p>\n<p>3 Il ne brisera pas le roseau qui ploie,<br \/>\nil n&rsquo;\u00e9teindra pas la m\u00e8che qui vacille\u00a0;<br \/>\nil imposera loyalement l&rsquo;\u00e9quit\u00e9.<\/p>\n<p>4 Il ne vacillera pas,<br \/>\nil ne ploiera pas,<br \/>\njusqu&rsquo;\u00e0 ce qu&rsquo;il ait install\u00e9 l&rsquo;\u00e9quit\u00e9 sur la terre\u00a0;<br \/>\nles \u00eeles attendent sa loi.<\/p><\/blockquote>\n<h3 align=\"JUSTIFY\"><\/h3>\n<h3 align=\"JUSTIFY\">Identit\u00e9<\/h3>\n<p align=\"JUSTIFY\">Ce serviteur vient de Dieu, accomplit sa mission en son nom et il le fait fid\u00e8lement car il agit selon le Saint Esprit. Et c&rsquo;est parce qu&rsquo;il est divinement soutenu qu&rsquo;il est fort dans ses convictions, ses actions (4). Un peu comme Mo\u00efse.<\/p>\n<h3 align=\"JUSTIFY\">Missions<\/h3>\n<p align=\"JUSTIFY\">Cet envoy\u00e9 vient pour \u00e9tablir la justice. Pas seulement la justice p\u00e9nale ou sociale mais surtout la fid\u00e9lit\u00e9 \u00e0 l&rsquo;\u00c9ternel. Bref, il est l\u00e0 pour accomplir ce qu&rsquo;Isra\u00ebl n&rsquo;a pas su faire : respecter l&rsquo;alliance. Mais remarquons que son mandat ne se limite pas \u00e0 la Palestine : c&rsquo;est la terre enti\u00e8re qui voudra faire la volont\u00e9 de Dieu gr\u00e2ce \u00e0 lui !<\/p>\n<h3 align=\"JUSTIFY\">Mani\u00e8re de faire<\/h3>\n<p align=\"JUSTIFY\">Va-t-il instaurer une loi obligatoire, une sorte de charia impos\u00e9e par la force ? Non, il sera doux, discret et encouragera les faibles (2-3). Tout le contraire d&rsquo;un grand chef politique et militaire !<\/p>\n<p align=\"JUSTIFY\">\n<p align=\"JUSTIFY\">\n<p align=\"JUSTIFY\"><strong>\u00ab\u00a0Ce ne sont pas les bien-portants qui ont besoin de m\u00e9decin, mais les malades. Je ne suis pas venu appeler des justes, mais des p\u00e9cheurs.\u00a0\u00bb J\u00e9sus (Marc 2.17)<\/strong><\/p>\n","protected":false},"excerpt":{"rendered":"<p>Voici mon serviteur, que je soutiens, celui que j&rsquo;ai choisi et que j&rsquo;agr\u00e9e. J&rsquo;ai mis sur lui mon souffle\u00a0; il imposera l&rsquo;\u00e9quit\u00e9 aux nations. 2 Il ne criera pas, il n&rsquo;\u00e9l\u00e8vera pas la voix, il ne se fera pas entendre dans les rues. 3 Il ne brisera pas le roseau qui ploie, il n&rsquo;\u00e9teindra pas [&hellip;]<\/p>\n","protected":false},"author":3,"featured_media":5749,"comment_status":"open","ping_status":"closed","sticky":false,"template":"","format":"standard","meta":{"_acf_changed":false,"_eb_attr":"","advgb_blocks_editor_width":"","advgb_blocks_columns_visual_guide":"","footnotes":""},"categories":[16],"tags":[651,127,264],"video":[],"audio":[],"ecrit":[],"mis-en-avant":[],"redacteur":[],"type-darticle":[],"class_list":["post-5748","post","type-post","status-publish","format-standard","has-post-thumbnail","hentry","category-meditations-bibliques","tag-ecrit","tag-esaie","tag-messie"],"blocksy_meta":[],"acf":[],"featured_image_src":"https:\/\/www.creusonslabible.fr\/wp-content\/uploads\/2017\/12\/man-2345397_640-1.jpg","author_info":{"display_name":"Yoh","author_link":"https:\/\/www.creusonslabible.fr\/?author=3"},"author_meta":{"display_name":"Yoh","author_link":"https:\/\/www.creusonslabible.fr\/?author=3"},"featured_img":"https:\/\/www.creusonslabible.fr\/wp-content\/uploads\/2017\/12\/man-2345397_640-1-212x300.jpg","coauthors":[],"tax_additional":{"categories":{"linked":["<a href=\"https:\/\/www.creusonslabible.fr\/?cat=16\" class=\"advgb-post-tax-term\">M\u00e9ditations bibliques<\/a>"],"unlinked":["<span class=\"advgb-post-tax-term\">M\u00e9ditations bibliques<\/span>"]},"tags":{"linked":["<a href=\"https:\/\/www.creusonslabible.fr\/?cat=16\" class=\"advgb-post-tax-term\">\u00e9crit<\/a>","<a href=\"https:\/\/www.creusonslabible.fr\/?cat=16\" class=\"advgb-post-tax-term\">\u00c9sa\u00efe<\/a>","<a href=\"https:\/\/www.creusonslabible.fr\/?cat=16\" class=\"advgb-post-tax-term\">messie<\/a>"],"unlinked":["<span class=\"advgb-post-tax-term\">\u00e9crit<\/span>","<span class=\"advgb-post-tax-term\">\u00c9sa\u00efe<\/span>","<span class=\"advgb-post-tax-term\">messie<\/span>"]}},"comment_count":"0","relative_dates":{"created":"Publi\u00e9 8 ans il y a","modified":"Mis \u00e0 jour 1 an il y a"},"absolute_dates":{"created":"Publi\u00e9 le 5 d\u00e9cembre 2017","modified":"Mise \u00e0 jour le 23 janvier 2025"},"absolute_dates_time":{"created":"Publi\u00e9 le 5 d\u00e9cembre 2017 18h00","modified":"Mise \u00e0 jour le 23 janvier 2025 13h25"},"featured_img_caption":"","series_order":"","meta_box":[],"_links":{"self":[{"href":"https:\/\/www.creusonslabible.fr\/index.php?rest_route=\/wp\/v2\/posts\/5748","targetHints":{"allow":["GET"]}}],"collection":[{"href":"https:\/\/www.creusonslabible.fr\/index.php?rest_route=\/wp\/v2\/posts"}],"about":[{"href":"https:\/\/www.creusonslabible.fr\/index.php?rest_route=\/wp\/v2\/types\/post"}],"author":[{"embeddable":true,"href":"https:\/\/www.creusonslabible.fr\/index.php?rest_route=\/wp\/v2\/users\/3"}],"replies":[{"embeddable":true,"href":"https:\/\/www.creusonslabible.fr\/index.php?rest_route=%2Fwp%2Fv2%2Fcomments&post=5748"}],"version-history":[{"count":1,"href":"https:\/\/www.creusonslabible.fr\/index.php?rest_route=\/wp\/v2\/posts\/5748\/revisions"}],"predecessor-version":[{"id":10506,"href":"https:\/\/www.creusonslabible.fr\/index.php?rest_route=\/wp\/v2\/posts\/5748\/revisions\/10506"}],"wp:featuredmedia":[{"embeddable":true,"href":"https:\/\/www.creusonslabible.fr\/index.php?rest_route=\/wp\/v2\/media\/5749"}],"wp:attachment":[{"href":"https:\/\/www.creusonslabible.fr\/index.php?rest_route=%2Fwp%2Fv2%2Fmedia&parent=5748"}],"wp:term":[{"taxonomy":"category","embeddable":true,"href":"https:\/\/www.creusonslabible.fr\/index.php?rest_route=%2Fwp%2Fv2%2Fcategories&post=5748"},{"taxonomy":"post_tag","embeddable":true,"href":"https:\/\/www.creusonslabible.fr\/index.php?rest_route=%2Fwp%2Fv2%2Ftags&post=5748"},{"taxonomy":"video","embeddable":true,"href":"https:\/\/www.creusonslabible.fr\/index.php?rest_route=%2Fwp%2Fv2%2Fvideo&post=5748"},{"taxonomy":"audio","embeddable":true,"href":"https:\/\/www.creusonslabible.fr\/index.php?rest_route=%2Fwp%2Fv2%2Faudio&post=5748"},{"taxonomy":"ecrit","embeddable":true,"href":"https:\/\/www.creusonslabible.fr\/index.php?rest_route=%2Fwp%2Fv2%2Fecrit&post=5748"},{"taxonomy":"mis-en-avant","embeddable":true,"href":"https:\/\/www.creusonslabible.fr\/index.php?rest_route=%2Fwp%2Fv2%2Fmis-en-avant&post=5748"},{"taxonomy":"redacteur","embeddable":true,"href":"https:\/\/www.creusonslabible.fr\/index.php?rest_route=%2Fwp%2Fv2%2Fredacteur&post=5748"},{"taxonomy":"type-darticle","embeddable":true,"href":"https:\/\/www.creusonslabible.fr\/index.php?rest_route=%2Fwp%2Fv2%2Ftype-darticle&post=5748"}],"curies":[{"name":"wp","href":"https:\/\/api.w.org\/{rel}","templated":true}]}}