{"id":5754,"date":"2017-12-13T18:12:09","date_gmt":"2017-12-13T16:12:09","guid":{"rendered":"http:\/\/www.creusonslabible.fr\/?p=5754"},"modified":"2025-01-23T13:25:00","modified_gmt":"2025-01-23T11:25:00","slug":"esaie-11-1-10-un-autre-monde","status":"publish","type":"post","link":"https:\/\/www.creusonslabible.fr\/?p=5754","title":{"rendered":"\u00c9sa\u00efe 11.1-10 : Un autre monde"},"content":{"rendered":"<blockquote><p>1 Alors un rameau sortira du tronc de Jess\u00e9,<\/p>\n<p>un rejeton de ses racines sera f\u00e9cond.<\/p>\n<p>2 Le souffle du SEIGNEUR reposera sur lui :<\/p>\n<p>souffle de sagesse et d&rsquo;intelligence,<\/p>\n<p>souffle de conseil et de vaillance,<\/p>\n<p>souffle de connaissance et de crainte du SEIGNEUR.<\/p>\n<p>3 Il respirera la crainte du SEIGNEUR ;<\/p>\n<p>il ne jugera pas sur l&rsquo;apparence,<\/p>\n<p>il n&rsquo;arbitrera pas sur un ou\u00ef-dire.<\/p>\n<p>4 Il jugera les pauvres avec justice,<\/p>\n<p>il arbitrera avec droiture<\/p>\n<p>en faveur des afflig\u00e9s du pays ;<\/p>\n<p>il frappera la terre du sceptre de sa bouche,<\/p>\n<p>et du souffle de ses l\u00e8vres il fera mourir le m\u00e9chant.<\/p>\n<p>5 La justice sera la ceinture de ses reins,<\/p>\n<p>et la probit\u00e9, la ceinture de ses hanches.<\/p>\n<p>Le loup s\u00e9journera avec le mouton<\/p>\n<p>6 Le loup s\u00e9journera avec le mouton,<\/p>\n<p>la panth\u00e8re se couchera avec le chevreau ;<\/p>\n<p>le taurillon, le jeune lion et les b\u00eates grasses seront ensemble,<\/p>\n<p>et un petit gar\u00e7on les conduira.<\/p>\n<p>7 La vache et l&rsquo;ourse auront un m\u00eame p\u00e2turage,<\/p>\n<p>leurs petits une m\u00eame couche ;<\/p>\n<p>le lion, comme le boeuf, mangera de la paille.<\/p>\n<p>8 Le nourrisson s&rsquo;\u00e9battra sur l&rsquo;antre de la vip\u00e8re,<\/p>\n<p>et l&rsquo;enfant sevr\u00e9 mettra sa main dans le trou de l&rsquo;aspic.<\/p>\n<p>9 Il ne se fera aucun mal, il n&rsquo;y aura aucune destruction,<\/p>\n<p>dans toute ma montagne sacr\u00e9e ;<\/p>\n<p>car la connaissance du SEIGNEUR remplira la terre<\/p>\n<p>comme les eaux recouvrent la mer.<\/p>\n<p>Le retour des bannis d&rsquo;Isra\u00ebl<\/p>\n<p>10 En ce jour-l\u00e0, la racine de Jess\u00e9<\/p>\n<p>se tiendra l\u00e0 comme une banni\u00e8re pour les peuples ;<\/p>\n<p>les nations la chercheront,<\/p>\n<p>et son lieu de repos sera glorieux.<\/p><\/blockquote>\n<p>&nbsp;<\/p>\n<h3>David II, le retour (1-5)<\/h3>\n<p>Le Messie sera un descendant de David, il sera donc fid\u00e8le \u00e0 Dieu (2-4a). Mais on finit par comprendre qu&rsquo;il sera encore plus puissant&#8230; un peu comme si ses attributs \u00e9taient ceux de Dieu lui-m\u00eame (4b-5) !<\/p>\n<h3>Harmonie II, le retour (9-10)<\/h3>\n<p>Le Christ r\u00e9tablira l&rsquo;alliance que l&rsquo;Homme avait avec Dieu avant le malheureux \u00e9pisode d&rsquo;\u00c9den : la terre enti\u00e8re conna\u00eetra le Seigneur et se tournera vers lui.<\/p>\n<h3>M\u00e9taphore (6-8)<\/h3>\n<p>La r\u00e9conciliation des ennemis naturels est l\u00e0 pour marquer fortement les esprits : un monde totalement diff\u00e9rent va appara\u00eetre. M\u00eame le combat ancestral entre l&rsquo;homme et le serpent (8) n&rsquo;aura plus raison d&rsquo;\u00eatre car le Mal aura disparu.<\/p>\n<p>&nbsp;<\/p>\n<p><em><strong>J\u00e9sus a instaur\u00e9 le d\u00e9but de la fin des temps lors de son premier passage sur terre mais nous attendons toujours la fin de la fin ! Entre temps, nous sommes invit\u00e9s \u00e0 \u00eatre disciples, c&rsquo;est \u00e0 dire les pr\u00e9mices, les signes avant-coureurs, de son r\u00e8gne effectif. <\/strong><\/em><\/p>\n","protected":false},"excerpt":{"rendered":"<p>1 Alors un rameau sortira du tronc de Jess\u00e9, un rejeton de ses racines sera f\u00e9cond. 2 Le souffle du SEIGNEUR reposera sur lui : souffle de sagesse et d&rsquo;intelligence, souffle de conseil et de vaillance, souffle de connaissance et de crainte du SEIGNEUR. 3 Il respirera la crainte du SEIGNEUR ; il ne jugera [&hellip;]<\/p>\n","protected":false},"author":3,"featured_media":5749,"comment_status":"open","ping_status":"closed","sticky":false,"template":"","format":"standard","meta":{"_acf_changed":false,"_eb_attr":"","advgb_blocks_editor_width":"","advgb_blocks_columns_visual_guide":"","footnotes":""},"categories":[16],"tags":[651,127,264],"video":[],"audio":[],"ecrit":[],"mis-en-avant":[],"redacteur":[],"type-darticle":[],"class_list":["post-5754","post","type-post","status-publish","format-standard","has-post-thumbnail","hentry","category-meditations-bibliques","tag-ecrit","tag-esaie","tag-messie"],"blocksy_meta":[],"acf":[],"featured_image_src":"https:\/\/www.creusonslabible.fr\/wp-content\/uploads\/2017\/12\/man-2345397_640-1.jpg","author_info":{"display_name":"Yoh","author_link":"https:\/\/www.creusonslabible.fr\/?author=3"},"author_meta":{"display_name":"Yoh","author_link":"https:\/\/www.creusonslabible.fr\/?author=3"},"featured_img":"https:\/\/www.creusonslabible.fr\/wp-content\/uploads\/2017\/12\/man-2345397_640-1-212x300.jpg","coauthors":[],"tax_additional":{"categories":{"linked":["<a href=\"https:\/\/www.creusonslabible.fr\/?cat=16\" class=\"advgb-post-tax-term\">M\u00e9ditations bibliques<\/a>"],"unlinked":["<span class=\"advgb-post-tax-term\">M\u00e9ditations bibliques<\/span>"]},"tags":{"linked":["<a href=\"https:\/\/www.creusonslabible.fr\/?cat=16\" class=\"advgb-post-tax-term\">\u00e9crit<\/a>","<a href=\"https:\/\/www.creusonslabible.fr\/?cat=16\" class=\"advgb-post-tax-term\">\u00c9sa\u00efe<\/a>","<a href=\"https:\/\/www.creusonslabible.fr\/?cat=16\" class=\"advgb-post-tax-term\">messie<\/a>"],"unlinked":["<span class=\"advgb-post-tax-term\">\u00e9crit<\/span>","<span class=\"advgb-post-tax-term\">\u00c9sa\u00efe<\/span>","<span class=\"advgb-post-tax-term\">messie<\/span>"]}},"comment_count":"0","relative_dates":{"created":"Publi\u00e9 8 ans il y a","modified":"Mis \u00e0 jour 1 an il y a"},"absolute_dates":{"created":"Publi\u00e9 le 13 d\u00e9cembre 2017","modified":"Mise \u00e0 jour le 23 janvier 2025"},"absolute_dates_time":{"created":"Publi\u00e9 le 13 d\u00e9cembre 2017 18h12","modified":"Mise \u00e0 jour le 23 janvier 2025 13h25"},"featured_img_caption":"","series_order":"","meta_box":[],"_links":{"self":[{"href":"https:\/\/www.creusonslabible.fr\/index.php?rest_route=\/wp\/v2\/posts\/5754","targetHints":{"allow":["GET"]}}],"collection":[{"href":"https:\/\/www.creusonslabible.fr\/index.php?rest_route=\/wp\/v2\/posts"}],"about":[{"href":"https:\/\/www.creusonslabible.fr\/index.php?rest_route=\/wp\/v2\/types\/post"}],"author":[{"embeddable":true,"href":"https:\/\/www.creusonslabible.fr\/index.php?rest_route=\/wp\/v2\/users\/3"}],"replies":[{"embeddable":true,"href":"https:\/\/www.creusonslabible.fr\/index.php?rest_route=%2Fwp%2Fv2%2Fcomments&post=5754"}],"version-history":[{"count":1,"href":"https:\/\/www.creusonslabible.fr\/index.php?rest_route=\/wp\/v2\/posts\/5754\/revisions"}],"predecessor-version":[{"id":10502,"href":"https:\/\/www.creusonslabible.fr\/index.php?rest_route=\/wp\/v2\/posts\/5754\/revisions\/10502"}],"wp:featuredmedia":[{"embeddable":true,"href":"https:\/\/www.creusonslabible.fr\/index.php?rest_route=\/wp\/v2\/media\/5749"}],"wp:attachment":[{"href":"https:\/\/www.creusonslabible.fr\/index.php?rest_route=%2Fwp%2Fv2%2Fmedia&parent=5754"}],"wp:term":[{"taxonomy":"category","embeddable":true,"href":"https:\/\/www.creusonslabible.fr\/index.php?rest_route=%2Fwp%2Fv2%2Fcategories&post=5754"},{"taxonomy":"post_tag","embeddable":true,"href":"https:\/\/www.creusonslabible.fr\/index.php?rest_route=%2Fwp%2Fv2%2Ftags&post=5754"},{"taxonomy":"video","embeddable":true,"href":"https:\/\/www.creusonslabible.fr\/index.php?rest_route=%2Fwp%2Fv2%2Fvideo&post=5754"},{"taxonomy":"audio","embeddable":true,"href":"https:\/\/www.creusonslabible.fr\/index.php?rest_route=%2Fwp%2Fv2%2Faudio&post=5754"},{"taxonomy":"ecrit","embeddable":true,"href":"https:\/\/www.creusonslabible.fr\/index.php?rest_route=%2Fwp%2Fv2%2Fecrit&post=5754"},{"taxonomy":"mis-en-avant","embeddable":true,"href":"https:\/\/www.creusonslabible.fr\/index.php?rest_route=%2Fwp%2Fv2%2Fmis-en-avant&post=5754"},{"taxonomy":"redacteur","embeddable":true,"href":"https:\/\/www.creusonslabible.fr\/index.php?rest_route=%2Fwp%2Fv2%2Fredacteur&post=5754"},{"taxonomy":"type-darticle","embeddable":true,"href":"https:\/\/www.creusonslabible.fr\/index.php?rest_route=%2Fwp%2Fv2%2Ftype-darticle&post=5754"}],"curies":[{"name":"wp","href":"https:\/\/api.w.org\/{rel}","templated":true}]}}