{"id":5796,"date":"2018-01-17T18:00:17","date_gmt":"2018-01-17T16:00:17","guid":{"rendered":"http:\/\/www.creusonslabible.fr\/?p=5796"},"modified":"2025-01-23T13:24:59","modified_gmt":"2025-01-23T11:24:59","slug":"le-caractere-de-mardochee-esther-2-21-3-7","status":"publish","type":"post","link":"https:\/\/www.creusonslabible.fr\/?p=5796","title":{"rendered":"Le caract\u00e8re de Mardoch\u00e9e : ESTHER 2.21-3.7"},"content":{"rendered":"<blockquote><p>21\u00a0En ces jours-l\u00e0, alors que Mardoch\u00e9e \u00e9tait assis \u00e0 la porte du Roi, deux eunuques du roi, de la garde du seuil, Bigt\u00e2n et T\u00e9resh, dans un acc\u00e8s de col\u00e8re, cherch\u00e8rent \u00e0 porter la main sur le roi Xerx\u00e8s.\u00a022\u00a0La chose vint \u00e0 la connaissance de Mardoch\u00e9e qui la fit conna\u00eetre \u00e0 la reine Esther. Esther le dit au roi, au nom de Mardoch\u00e9e.\u00a023\u00a0On entreprit une enqu\u00eate qui aboutit\u00a0: on pendit les deux eunuques \u00e0 une potence. Cela fut \u00e9crit, devant le roi, dans le livre des chroniques.<\/p>\n<p>3.1 Apr\u00e8s cela, le roi Xerx\u00e8s distingua Haman, fils de Hammedata, l&rsquo;Agaguite\u00a0; il l&rsquo;\u00e9leva et le pla\u00e7a au-dessus de tous les princes de son rang.\u00a02\u00a0Tous les gens de la cour du roi qui \u00e9taient \u00e0 la porte du Roi s&rsquo;agenouillaient et se prosternaient devant Haman, comme le roi en avait sp\u00e9cialement donn\u00e9 l&rsquo;ordre. Pourtant, Mardoch\u00e9e ne s&rsquo;agenouillait ni ne se prosternait.\u00a03 Les gens de la cour du roi qui \u00e9taient \u00e0 la porte du Roi dirent \u00e0 Mardoch\u00e9e\u00a0: Pourquoi passes-tu outre \u00e0 l&rsquo;ordre du roi\u00a0?\u00a04\u00a0Ils lui disaient cela chaque jour, mais il ne les \u00e9coutait pas. Ils le dirent alors \u00e0 Haman, pour voir si Mardoch\u00e9e (qui leur avait dit qu&rsquo;il \u00e9tait juif) s&rsquo;en tiendrait \u00e0 son attitude.\u00a05\u00a0Quand Haman vit que Mardoch\u00e9e ne s&rsquo;inclinait pas, qu&rsquo;il ne se prosternait pas devant lui, Haman fut rempli de fureur.\u00a06\u00a0Il ne voulut pas se contenter de porter la main sur le seul Mardoch\u00e9e\u00a0: comme on lui avait fait savoir quel \u00e9tait le peuple de Mardoch\u00e9e, Haman chercha \u00e0 d\u00e9truire tous les Juifs, le peuple de Mardoch\u00e9e, dans tout le royaume de Xerx\u00e8s.\u00a07\u00a0Le premier mois (le mois de Nis\u00e2n), la douzi\u00e8me ann\u00e9e du roi Xerx\u00e8s, devant Haman, on tira le Pour, c&rsquo;est-\u00e0-dire le sort, sur chaque jour, du premier au douzi\u00e8me mois \u2013 le mois d&rsquo;Adar.<\/p><\/blockquote>\n<h3 align=\"LEFT\">Mardoch\u00e9e le loyal (21-23)<\/h3>\n<p align=\"LEFT\">Quand il a vent d&rsquo;un complot contre le roi son patron, Mardoch\u00e9e le pr\u00e9vient via Esther. La tentative de meurtre est d\u00e9jou\u00e9e : cela d\u00e9montre que ce juif est un fid\u00e8le sujet. L&rsquo;anecdote n&rsquo;est pas anodine\u00a0: ce sera d\u00e9terminant pour lui plus tard.<\/p>\n<h3 align=\"LEFT\">Mardoch\u00e9e le rebelle (3.1-7)<\/h3>\n<p align=\"LEFT\">Mais pourquoi ne veut-il pas se prosterner devant le num\u00e9ro 2 de l&#8217;empire ? Parce qu&rsquo;on ne se prosterne que devant Dieu ? Non, on pouvait le faire devant des princes (mais pas devant des idoles). Il faut chercher du c\u00f4t\u00e9 des origines des deux hommes : Mardoch\u00e9e a tout l&rsquo;air d&rsquo;\u00eatre un descendant du roi Sa\u00fcl tandis que Haman est un amal\u00e9cite, issu d&rsquo;un peuple ennemi h\u00e9r\u00e9ditaire des isra\u00e9lites depuis l&rsquo;\u00e9poque de Mo\u00efse (Ex 17.8-16 ; Dt 25.17-19). Or, \u00e0 son \u00e9poque Sa\u00fcl aurait d\u00fb exterminer ce peuple&#8230; mais il ne l&rsquo;a pas fait (I Samuel 27:8, 30:1, 30:18, 2 Samuel 8:12, 1 Chroniques 4:43). 500 ans apr\u00e8s les faits, Mardoch\u00e9e se positionne vraiment en repr\u00e9sentant isra\u00e9lite contre l&rsquo;ennemi d&rsquo;Isra\u00ebl. Est-ce une attitude stupidement born\u00e9e ou bien de la foi ?<\/p>\n<h3 align=\"LEFT\">Bonne ambiance \u00e0 la cour<\/h3>\n<p align=\"LEFT\">La d\u00e9sob\u00e9issance de Mardoch\u00e9e donne l&rsquo;occasion \u00e0 ceux qui voudraient prendre sa place de le faire sauter : ils vont d\u00e9crire \u00e0 Haman l&rsquo;attitude inflexible de leur coll\u00e8gue. La r\u00e9action de l&rsquo;int\u00e9ress\u00e9\u00a0est alors ultra-excessive : il projette un g\u00e9nocide, ce qui r\u00e9v\u00e8le qu&rsquo;il est bien le digne descendant d&rsquo;Amalek.<\/p>\n<h3 align=\"LEFT\">APPLICATIONS<\/h3>\n<ul>\n<li>\n<p align=\"LEFT\">Si Sa\u00fcl avait agi selon Dieu, Haman n&rsquo;aurait pas exist\u00e9. Nos actions, nos choix ont tr\u00e8s souvent des cons\u00e9quences. La d\u00e9sob\u00e9issance a un prix qu&rsquo;il faut payer un jour.<\/p>\n<\/li>\n<li>\n<p align=\"LEFT\">Dans quels domaines les chr\u00e9tiens sont-ils appel\u00e9s \u00e0 \u00eatre \u00e0 contre-courant des modes et des conventions sociales\u00a0?<\/p>\n<\/li>\n<li>\n<p align=\"LEFT\">Seriez-vous pr\u00eats \u00e0 vous afficher en contestataires \u00e0 cause de votre foi en J\u00e9sus\u00a0? Pourquoi\u00a0?<\/p>\n<\/li>\n<\/ul>\n","protected":false},"excerpt":{"rendered":"<p>21\u00a0En ces jours-l\u00e0, alors que Mardoch\u00e9e \u00e9tait assis \u00e0 la porte du Roi, deux eunuques du roi, de la garde du seuil, Bigt\u00e2n et T\u00e9resh, dans un acc\u00e8s de col\u00e8re, cherch\u00e8rent \u00e0 porter la main sur le roi Xerx\u00e8s.\u00a022\u00a0La chose vint \u00e0 la connaissance de Mardoch\u00e9e qui la fit conna\u00eetre \u00e0 la reine Esther. Esther [&hellip;]<\/p>\n","protected":false},"author":3,"featured_media":5789,"comment_status":"open","ping_status":"closed","sticky":false,"template":"","format":"standard","meta":{"_acf_changed":false,"_eb_attr":"","advgb_blocks_editor_width":"","advgb_blocks_columns_visual_guide":"","footnotes":""},"categories":[16],"tags":[651,282,49,52,281],"video":[],"audio":[],"ecrit":[],"mis-en-avant":[],"redacteur":[],"type-darticle":[],"class_list":["post-5796","post","type-post","status-publish","format-standard","has-post-thumbnail","hentry","category-meditations-bibliques","tag-ecrit","tag-genocide","tag-haman","tag-mardochee","tag-xerxes"],"blocksy_meta":[],"acf":[],"featured_image_src":"https:\/\/www.creusonslabible.fr\/wp-content\/uploads\/2018\/01\/image-3034792_640-1.png","author_info":{"display_name":"Yoh","author_link":"https:\/\/www.creusonslabible.fr\/?author=3"},"author_meta":{"display_name":"Yoh","author_link":"https:\/\/www.creusonslabible.fr\/?author=3"},"featured_img":"https:\/\/www.creusonslabible.fr\/wp-content\/uploads\/2018\/01\/image-3034792_640-1-300x300.png","coauthors":[],"tax_additional":{"categories":{"linked":["<a href=\"https:\/\/www.creusonslabible.fr\/?cat=16\" class=\"advgb-post-tax-term\">M\u00e9ditations bibliques<\/a>"],"unlinked":["<span class=\"advgb-post-tax-term\">M\u00e9ditations bibliques<\/span>"]},"tags":{"linked":["<a href=\"https:\/\/www.creusonslabible.fr\/?cat=16\" class=\"advgb-post-tax-term\">\u00e9crit<\/a>","<a href=\"https:\/\/www.creusonslabible.fr\/?cat=16\" class=\"advgb-post-tax-term\">g\u00e9nocide<\/a>","<a href=\"https:\/\/www.creusonslabible.fr\/?cat=16\" class=\"advgb-post-tax-term\">Haman<\/a>","<a href=\"https:\/\/www.creusonslabible.fr\/?cat=16\" class=\"advgb-post-tax-term\">Mardoch\u00e9e<\/a>","<a href=\"https:\/\/www.creusonslabible.fr\/?cat=16\" class=\"advgb-post-tax-term\">Xerx\u00e8s<\/a>"],"unlinked":["<span class=\"advgb-post-tax-term\">\u00e9crit<\/span>","<span class=\"advgb-post-tax-term\">g\u00e9nocide<\/span>","<span class=\"advgb-post-tax-term\">Haman<\/span>","<span class=\"advgb-post-tax-term\">Mardoch\u00e9e<\/span>","<span class=\"advgb-post-tax-term\">Xerx\u00e8s<\/span>"]}},"comment_count":"0","relative_dates":{"created":"Publi\u00e9 8 ans il y a","modified":"Mis \u00e0 jour 1 an il y a"},"absolute_dates":{"created":"Publi\u00e9 le 17 janvier 2018","modified":"Mise \u00e0 jour le 23 janvier 2025"},"absolute_dates_time":{"created":"Publi\u00e9 le 17 janvier 2018 18h00","modified":"Mise \u00e0 jour le 23 janvier 2025 13h24"},"featured_img_caption":"","series_order":"","meta_box":[],"_links":{"self":[{"href":"https:\/\/www.creusonslabible.fr\/index.php?rest_route=\/wp\/v2\/posts\/5796","targetHints":{"allow":["GET"]}}],"collection":[{"href":"https:\/\/www.creusonslabible.fr\/index.php?rest_route=\/wp\/v2\/posts"}],"about":[{"href":"https:\/\/www.creusonslabible.fr\/index.php?rest_route=\/wp\/v2\/types\/post"}],"author":[{"embeddable":true,"href":"https:\/\/www.creusonslabible.fr\/index.php?rest_route=\/wp\/v2\/users\/3"}],"replies":[{"embeddable":true,"href":"https:\/\/www.creusonslabible.fr\/index.php?rest_route=%2Fwp%2Fv2%2Fcomments&post=5796"}],"version-history":[{"count":1,"href":"https:\/\/www.creusonslabible.fr\/index.php?rest_route=\/wp\/v2\/posts\/5796\/revisions"}],"predecessor-version":[{"id":10497,"href":"https:\/\/www.creusonslabible.fr\/index.php?rest_route=\/wp\/v2\/posts\/5796\/revisions\/10497"}],"wp:featuredmedia":[{"embeddable":true,"href":"https:\/\/www.creusonslabible.fr\/index.php?rest_route=\/wp\/v2\/media\/5789"}],"wp:attachment":[{"href":"https:\/\/www.creusonslabible.fr\/index.php?rest_route=%2Fwp%2Fv2%2Fmedia&parent=5796"}],"wp:term":[{"taxonomy":"category","embeddable":true,"href":"https:\/\/www.creusonslabible.fr\/index.php?rest_route=%2Fwp%2Fv2%2Fcategories&post=5796"},{"taxonomy":"post_tag","embeddable":true,"href":"https:\/\/www.creusonslabible.fr\/index.php?rest_route=%2Fwp%2Fv2%2Ftags&post=5796"},{"taxonomy":"video","embeddable":true,"href":"https:\/\/www.creusonslabible.fr\/index.php?rest_route=%2Fwp%2Fv2%2Fvideo&post=5796"},{"taxonomy":"audio","embeddable":true,"href":"https:\/\/www.creusonslabible.fr\/index.php?rest_route=%2Fwp%2Fv2%2Faudio&post=5796"},{"taxonomy":"ecrit","embeddable":true,"href":"https:\/\/www.creusonslabible.fr\/index.php?rest_route=%2Fwp%2Fv2%2Fecrit&post=5796"},{"taxonomy":"mis-en-avant","embeddable":true,"href":"https:\/\/www.creusonslabible.fr\/index.php?rest_route=%2Fwp%2Fv2%2Fmis-en-avant&post=5796"},{"taxonomy":"redacteur","embeddable":true,"href":"https:\/\/www.creusonslabible.fr\/index.php?rest_route=%2Fwp%2Fv2%2Fredacteur&post=5796"},{"taxonomy":"type-darticle","embeddable":true,"href":"https:\/\/www.creusonslabible.fr\/index.php?rest_route=%2Fwp%2Fv2%2Ftype-darticle&post=5796"}],"curies":[{"name":"wp","href":"https:\/\/api.w.org\/{rel}","templated":true}]}}