{"id":5882,"date":"2018-02-28T18:30:04","date_gmt":"2018-02-28T16:30:04","guid":{"rendered":"http:\/\/www.creusonslabible.fr\/?p=5882"},"modified":"2025-01-23T13:24:57","modified_gmt":"2025-01-23T11:24:57","slug":"trouver-la-solution-adaptee-esther-8-3-17","status":"publish","type":"post","link":"https:\/\/www.creusonslabible.fr\/?p=5882","title":{"rendered":"Jour d\u00e9cisif : Esther 9.1-19"},"content":{"rendered":"<p align=\"JUSTIFY\">\n<blockquote>\n<p align=\"JUSTIFY\">9.1\u00a0Le treizi\u00e8me jour du douzi\u00e8me mois (le mois d&rsquo;Adar), quand l&rsquo;ordre et l&rsquo;\u00e9dit du roi devaient entrer en vigueur, le jour o\u00f9 les ennemis des Juifs esp\u00e9raient se rendre ma\u00eetres d&rsquo;eux, il y eut un retournement de situation\u00a0: ce sont les Juifs qui se rendirent ma\u00eetres de ceux qui les d\u00e9testaient.\u00a02\u00a0Dans leurs villes, dans toutes les provinces du roi Xerx\u00e8s, les Juifs se rassembl\u00e8rent pour porter la main sur ceux qui cherchaient leur malheur. Personne ne put tenir devant eux, car la frayeur des Juifs s&rsquo;\u00e9tait abattue sur tous les peuples.\u00a03\u00a0Tous les princes des provinces, les satrapes, les gouverneurs et les fonctionnaires du roi soutinrent les Juifs, car la frayeur de Mardoch\u00e9e s&rsquo;\u00e9tait abattue sur eux.\u00a04\u00a0En effet, Mardoch\u00e9e \u00e9tait devenu un homme important dans la maison du roi. Sa renomm\u00e9e se r\u00e9pandait dans toutes les provinces, car c&rsquo;\u00e9tait un homme de plus en plus important.<\/p>\n<p align=\"LEFT\">5\u00a0Ainsi les Juifs frapp\u00e8rent tous leurs ennemis \u00e0 coups d&rsquo;\u00e9p\u00e9e, ils les tu\u00e8rent, ils les firent dispara\u00eetre\u00a0; ils trait\u00e8rent \u00e0 leur gr\u00e9 ceux qui les d\u00e9testaient.\u00a06\u00a0Rien qu&rsquo;\u00e0 Suse la citadelle, les Juifs tu\u00e8rent, ils firent dispara\u00eetre cinq cents hommes,<\/p>\n<p>et Dalph\u00f4n,<br \/>\net Aspata,<\/p><\/blockquote>\n<blockquote><p>7\u00a0et Parshandatha,<\/p><\/blockquote>\n<blockquote><p>8\u00a0et Porata,<br \/>\net Adalia,<br \/>\net Aridata,<\/p><\/blockquote>\n<blockquote><p>9\u00a0et Parmashta,<br \/>\net Ariza\u00ef,<br \/>\net Arida\u00ef,<br \/>\net Va\u00efzata,<\/p>\n<p align=\"JUSTIFY\">10\u00a0les dix fils de Haman, fils de Hammedata, adversaire des Juifs, furent tu\u00e9s. Mais on ne porta pas la main sur le butin.\u00a011\u00a0Le jour m\u00eame, le nombre de ceux qui avaient \u00e9t\u00e9 tu\u00e9s \u00e0 Suse la citadelle parvint au roi.<\/p>\n<p align=\"JUSTIFY\">12\u00a0Le roi dit \u00e0 la reine Esther\u00a0: A Suse la citadelle, les Juifs ont tu\u00e9, ils ont fait dispara\u00eetre cinq cents hommes et les dix fils de Haman. Qu&rsquo;auront-ils fait dans le reste des provinces royales\u00a0! Mais quelle est ta demande\u00a0? Elle te sera accord\u00e9e\u00a0! Quelle est encore ta requ\u00eate\u00a0? Elle sera exauc\u00e9e.\u00a013\u00a0Esther r\u00e9pondit\u00a0: Si cela te semble bon, \u00f4 roi, qu&rsquo;il soit aussi permis aux Juifs de Suse d&rsquo;agir demain comme aujourd&rsquo;hui, et qu&rsquo;on pende les dix fils de Haman \u00e0 la potence\u00a0!\u00a014\u00a0Le roi dit de faire ainsi. On publia l&rsquo;\u00e9dit \u00e0 Suse, et les dix fils de Haman furent pendus.\u00a015\u00a0Les Juifs de Suse se rassembl\u00e8rent donc aussi le quatorzi\u00e8me jour du mois d&rsquo;Adar et tu\u00e8rent trois cents hommes\u00a0; mais ils ne port\u00e8rent pas la main sur le butin.<\/p>\n<p align=\"JUSTIFY\">16\u00a0Les autres Juifs, ceux des provinces royales, se rassembl\u00e8rent pour d\u00e9fendre leur vie et se d\u00e9barrasser de leurs ennemis. Ils tu\u00e8rent soixante-quinze mille de ceux qui les d\u00e9testaient \u2013 mais ils ne port\u00e8rent pas la main sur le butin\u00a0\u2013\u00a017\u00a0le treizi\u00e8me jour du mois d&rsquo;Adar. En repos le quatorzi\u00e8me jour, ils en firent un jour de banquet et de joie.\u00a018\u00a0Quant aux Juifs de Suse, ils se rassembl\u00e8rent le treize et le quatorze\u00a0; en repos le quinze, ils en firent un jour de banquet et de joie.\u00a019\u00a0C&rsquo;est pourquoi les Juifs des campagnes, ceux qui habitent des villes sans murailles, font du quatorzi\u00e8me jour du mois d&rsquo;Adar un jour de joie, de banquet et de f\u00eate o\u00f9 chacun envoie des cadeaux \u00e0 son voisin.<\/p>\n<\/blockquote>\n<h3 align=\"JUSTIFY\">Inversion des r\u00f4les<\/h3>\n<p>Encore une preuve que Mardoch\u00e9e personnifie son peuple : de m\u00eame qu&rsquo;Haman a fini sur la potence qui lui \u00e9tait destin\u00e9e au d\u00e9part, les ennemis des isra\u00e9lites subissent le ch\u00e2timent qu&rsquo;ils s&rsquo;appr\u00eataient \u00e0 leur infliger. M\u00eame s&rsquo;il a lui-m\u00eame provoqu\u00e9 la crise, Mardoch\u00e9e devient n\u00b02 de l&#8217;empire et donne l&rsquo;occasion \u00e0 ses compatriotes de finir beaucoup plus puissants. Ce qui paraissait \u00eatre un ent\u00eatement irrationnel au d\u00e9but de l&rsquo;histoire a maintenant tout l&rsquo;air d&rsquo;un \u00e9norme acte de foi qui a pay\u00e9\u00a0!<\/p>\n<h3>Pourquoi Esther prolonge-t-elle la p\u00e9riode\u00a0?<\/h3>\n<p>Est-ce par cruaut\u00e9 que la reine demande un jour de bataille (et de victoire des juifs)\u00a0suppl\u00e9mentaire\u00a0? Il semblerait plut\u00f4t que ce soit \u00e0 cause du nombre d&rsquo;ennemis \u00e0 \u00e9liminer\u00a0! Car les juifs ne tuent pas n&rsquo;importe qui\u00a0: seulement ceux qui veulent les d\u00e9truire et qui ob\u00e9issent au d\u00e9cret promulgu\u00e9 par Haman. D&rsquo;ailleurs la pendaison de ses 10 fils semble confirmer qu&rsquo;il faut couper toutes les racines de la haine avant de revenir \u00e0 une vie normale.<\/p>\n<h3>Pourquoi pas de butin\u00a0?<\/h3>\n<p>S&rsquo;il est r\u00e9p\u00e9t\u00e9 3 fois (10, 15, 16) que les juifs ont tu\u00e9 ceux qui les attaquaient mais qu&rsquo;ils ne les ont pas pill\u00e9s, c&rsquo;est s\u00fbrement pour faire passer un message mais lequel\u00a0? Probablement qu&rsquo;ils n&rsquo;\u00e9taient pas dans une optique de conqu\u00eate mais seulement de d\u00e9fense de leur vie, contrairement \u00e0 leurs assaillants qui comptaient bien profiter du d\u00e9cret pour accaparer les bien du peuple de Dieu. S&rsquo;il y a eu beaucoup d&rsquo;inversions de r\u00f4le depuis le d\u00e9but de cette histoire, ceux qui devaient \u00eatre les victimes ne se sont pourtant pas transform\u00e9s en bourreaux\u00a0: de la l\u00e9gitime d\u00e9fense, rien que de la l\u00e9gitime d\u00e9fense\u00a0!<\/p>\n<h3>APPLICATIONS<\/h3>\n<ul>\n<li>Contre quel type d&rsquo;ennemi les chr\u00e9tiens doivent-il lutter\u00a0? Ce n&rsquo;est plus un pers\u00e9cuteur humain mais un pers\u00e9cuteur spirituel qui s&rsquo;appelle le P\u00e9ch\u00e9. Ainsi, quand on le maltraite \u00e0 cause de sa foi, un disciple de J\u00e9sus doit dor\u00e9navant \u00eatre vainqueur du mal par le bien. Dans l&rsquo;histoire de la premi\u00e8re \u00c9glise, cette attitude qui consiste \u00e0 tendre l&rsquo;autre joue et \u00e0 \u00eatre pr\u00eat \u00e0 mourir pour le Seigneur a m\u00eame \u00e9t\u00e9 un t\u00e9moignage tr\u00e8s puissant.<\/li>\n<\/ul>\n<ul>\n<li>Avoir des chr\u00e9tiens haut plac\u00e9s, \u00e7a peut \u00eatre tr\u00e8s utile\u00a0! Dans des pays o\u00f9 une autre religion \u00e9tait majoritaire, des ministres ou g\u00e9n\u00e9raux chr\u00e9tiens ont pu garantir une foi v\u00e9cue paisiblement \u00e0 leur fr\u00e8res et s\u0153urs en Christ\u00a0; dans des administrations o\u00f9 tout groupe de croyants est suspect\u00e9 d&rsquo;\u00eatre une secte ou bien une source potentielle de probl\u00e8mes, il est toujours bon qu&rsquo;il y ait une personne chr\u00e9tienne qui calme les craintes de ses coll\u00e8gues et ouvre des portes. Peut-\u00eatre pouvez-vous \u00eatre ce genre de personne-cl\u00e9. Peut-\u00eatre pourriez-vous compter sur un de ces agents que Dieu a plac\u00e9 pour vous faciliter la t\u00e2che\u00a0!<\/li>\n<\/ul>\n","protected":false},"excerpt":{"rendered":"<p>9.1\u00a0Le treizi\u00e8me jour du douzi\u00e8me mois (le mois d&rsquo;Adar), quand l&rsquo;ordre et l&rsquo;\u00e9dit du roi devaient entrer en vigueur, le jour o\u00f9 les ennemis des Juifs esp\u00e9raient se rendre ma\u00eetres d&rsquo;eux, il y eut un retournement de situation\u00a0: ce sont les Juifs qui se rendirent ma\u00eetres de ceux qui les d\u00e9testaient.\u00a02\u00a0Dans leurs villes, dans toutes [&hellip;]<\/p>\n","protected":false},"author":3,"featured_media":5789,"comment_status":"open","ping_status":"closed","sticky":false,"template":"","format":"standard","meta":{"_acf_changed":false,"_eb_attr":"","advgb_blocks_editor_width":"","advgb_blocks_columns_visual_guide":"","footnotes":""},"categories":[16],"tags":[651,280,52,304,281],"video":[],"audio":[],"ecrit":[],"mis-en-avant":[],"redacteur":[],"type-darticle":[],"class_list":["post-5882","post","type-post","status-publish","format-standard","has-post-thumbnail","hentry","category-meditations-bibliques","tag-ecrit","tag-esther","tag-mardochee","tag-revanche","tag-xerxes"],"blocksy_meta":[],"acf":[],"featured_image_src":"https:\/\/www.creusonslabible.fr\/wp-content\/uploads\/2018\/01\/image-3034792_640-1.png","author_info":{"display_name":"Yoh","author_link":"https:\/\/www.creusonslabible.fr\/?author=3"},"author_meta":{"display_name":"Yoh","author_link":"https:\/\/www.creusonslabible.fr\/?author=3"},"featured_img":"https:\/\/www.creusonslabible.fr\/wp-content\/uploads\/2018\/01\/image-3034792_640-1-300x300.png","coauthors":[],"tax_additional":{"categories":{"linked":["<a href=\"https:\/\/www.creusonslabible.fr\/?cat=16\" class=\"advgb-post-tax-term\">M\u00e9ditations bibliques<\/a>"],"unlinked":["<span class=\"advgb-post-tax-term\">M\u00e9ditations bibliques<\/span>"]},"tags":{"linked":["<a href=\"https:\/\/www.creusonslabible.fr\/?cat=16\" class=\"advgb-post-tax-term\">\u00e9crit<\/a>","<a href=\"https:\/\/www.creusonslabible.fr\/?cat=16\" class=\"advgb-post-tax-term\">Esther<\/a>","<a href=\"https:\/\/www.creusonslabible.fr\/?cat=16\" class=\"advgb-post-tax-term\">Mardoch\u00e9e<\/a>","<a href=\"https:\/\/www.creusonslabible.fr\/?cat=16\" class=\"advgb-post-tax-term\">Revanche<\/a>","<a href=\"https:\/\/www.creusonslabible.fr\/?cat=16\" class=\"advgb-post-tax-term\">Xerx\u00e8s<\/a>"],"unlinked":["<span class=\"advgb-post-tax-term\">\u00e9crit<\/span>","<span class=\"advgb-post-tax-term\">Esther<\/span>","<span class=\"advgb-post-tax-term\">Mardoch\u00e9e<\/span>","<span class=\"advgb-post-tax-term\">Revanche<\/span>","<span class=\"advgb-post-tax-term\">Xerx\u00e8s<\/span>"]}},"comment_count":"0","relative_dates":{"created":"Publi\u00e9 8 ans il y a","modified":"Mis \u00e0 jour 1 an il y a"},"absolute_dates":{"created":"Publi\u00e9 le 28 f\u00e9vrier 2018","modified":"Mise \u00e0 jour le 23 janvier 2025"},"absolute_dates_time":{"created":"Publi\u00e9 le 28 f\u00e9vrier 2018 18h30","modified":"Mise \u00e0 jour le 23 janvier 2025 13h24"},"featured_img_caption":"","series_order":"","meta_box":[],"_links":{"self":[{"href":"https:\/\/www.creusonslabible.fr\/index.php?rest_route=\/wp\/v2\/posts\/5882","targetHints":{"allow":["GET"]}}],"collection":[{"href":"https:\/\/www.creusonslabible.fr\/index.php?rest_route=\/wp\/v2\/posts"}],"about":[{"href":"https:\/\/www.creusonslabible.fr\/index.php?rest_route=\/wp\/v2\/types\/post"}],"author":[{"embeddable":true,"href":"https:\/\/www.creusonslabible.fr\/index.php?rest_route=\/wp\/v2\/users\/3"}],"replies":[{"embeddable":true,"href":"https:\/\/www.creusonslabible.fr\/index.php?rest_route=%2Fwp%2Fv2%2Fcomments&post=5882"}],"version-history":[{"count":1,"href":"https:\/\/www.creusonslabible.fr\/index.php?rest_route=\/wp\/v2\/posts\/5882\/revisions"}],"predecessor-version":[{"id":10487,"href":"https:\/\/www.creusonslabible.fr\/index.php?rest_route=\/wp\/v2\/posts\/5882\/revisions\/10487"}],"wp:featuredmedia":[{"embeddable":true,"href":"https:\/\/www.creusonslabible.fr\/index.php?rest_route=\/wp\/v2\/media\/5789"}],"wp:attachment":[{"href":"https:\/\/www.creusonslabible.fr\/index.php?rest_route=%2Fwp%2Fv2%2Fmedia&parent=5882"}],"wp:term":[{"taxonomy":"category","embeddable":true,"href":"https:\/\/www.creusonslabible.fr\/index.php?rest_route=%2Fwp%2Fv2%2Fcategories&post=5882"},{"taxonomy":"post_tag","embeddable":true,"href":"https:\/\/www.creusonslabible.fr\/index.php?rest_route=%2Fwp%2Fv2%2Ftags&post=5882"},{"taxonomy":"video","embeddable":true,"href":"https:\/\/www.creusonslabible.fr\/index.php?rest_route=%2Fwp%2Fv2%2Fvideo&post=5882"},{"taxonomy":"audio","embeddable":true,"href":"https:\/\/www.creusonslabible.fr\/index.php?rest_route=%2Fwp%2Fv2%2Faudio&post=5882"},{"taxonomy":"ecrit","embeddable":true,"href":"https:\/\/www.creusonslabible.fr\/index.php?rest_route=%2Fwp%2Fv2%2Fecrit&post=5882"},{"taxonomy":"mis-en-avant","embeddable":true,"href":"https:\/\/www.creusonslabible.fr\/index.php?rest_route=%2Fwp%2Fv2%2Fmis-en-avant&post=5882"},{"taxonomy":"redacteur","embeddable":true,"href":"https:\/\/www.creusonslabible.fr\/index.php?rest_route=%2Fwp%2Fv2%2Fredacteur&post=5882"},{"taxonomy":"type-darticle","embeddable":true,"href":"https:\/\/www.creusonslabible.fr\/index.php?rest_route=%2Fwp%2Fv2%2Ftype-darticle&post=5882"}],"curies":[{"name":"wp","href":"https:\/\/api.w.org\/{rel}","templated":true}]}}