{"id":5884,"date":"2018-02-27T18:20:45","date_gmt":"2018-02-27T16:20:45","guid":{"rendered":"http:\/\/www.creusonslabible.fr\/?p=5884"},"modified":"2025-01-23T13:24:57","modified_gmt":"2025-01-23T11:24:57","slug":"trouver-la-solution-adaptee-esther-8-3-17-2","status":"publish","type":"post","link":"https:\/\/www.creusonslabible.fr\/?p=5884","title":{"rendered":"Trouver la solution adapt\u00e9e : Esther 8.3-17"},"content":{"rendered":"<p>&nbsp;<\/p>\n<blockquote>\n<p align=\"JUSTIFY\">3\u00a0Esther parla encore au roi, en tombant \u00e0 ses pieds et en pleurant\u00a0; elle le supplia de d\u00e9jouer le projet malveillant de Haman, l&rsquo;Agaguite, le plan qu&rsquo;il avait con\u00e7u contre les Juifs.\u00a04\u00a0Le roi tendit le sceptre d&rsquo;or \u00e0 Esther. Alors Esther se releva et se pr\u00e9senta devant le roi.\u00a05\u00a0Si cela te semble bon, dit-elle, et si j&rsquo;ai trouv\u00e9 gr\u00e2ce \u00e0 tes yeux, si la chose te convient, \u00f4 roi, et si je te plais, qu&rsquo;on \u00e9crive pour r\u00e9voquer les lettres con\u00e7ues par Haman, fils de Hammedata, l&rsquo;Agaguite, et r\u00e9dig\u00e9es dans le dessein de faire dispara\u00eetre les Juifs dans toutes les provinces du roi.\u00a06\u00a0Comment pourrais-je donc supporter de voir le malheur atteindre mon peuple\u00a0? Comment pourrais-je supporter de voir les miens dispara\u00eetre\u00a0?<\/p>\n<p align=\"JUSTIFY\">7\u00a0Le roi Xerx\u00e8s dit \u00e0 la reine Esther et au Juif Mardoch\u00e9e\u00a0: J&rsquo;ai donn\u00e9 \u00e0 Esther la maison de Haman\u00a0; lui, on l&rsquo;a pendu \u00e0 la potence pour avoir port\u00e9 la main sur les Juifs.\u00a08\u00a0Vous, au nom du roi, \u00e9crivez comme bon vous semble au sujet des Juifs, et scellez-le avec le cachet du roi. Car un \u00e9crit fait au nom du roi et scell\u00e9 avec le cachet du roi, on ne peut l&rsquo;annuler.\u00a09\u00a0On convoqua les scribes du roi ce m\u00eame jour, qui \u00e9tait le vingt-troisi\u00e8me du troisi\u00e8me mois, le mois de Siv\u00e2n, et on \u00e9crivit toutes les dispositions de Mardoch\u00e9e pour les Juifs \u00e0 l&rsquo;intention des satrapes et des gouverneurs, des princes de toutes les provinces depuis l&rsquo;Inde jusqu&rsquo;\u00e0 Koush, cent vingt-sept provinces, \u00e0 chaque province dans son \u00e9criture, \u00e0 chaque peuple dans sa langue, aux Juifs en particulier dans leur \u00e9criture et dans leur langue.\u00a010\u00a0On \u00e9crivit les lettres au nom du roi Xerx\u00e8s, on les scella avec le cachet du roi et on les envoya par l&rsquo;interm\u00e9diaire des courriers \u00e0 cheval, montant des pur-sang s\u00e9lectionn\u00e9s dans les haras de l&rsquo;Etat.\u00a011\u00a0Le roi autorisait les Juifs de toute ville \u00e0 se rassembler pour d\u00e9fendre leur vie, \u00e0 d\u00e9truire, \u00e0 tuer, et \u00e0 faire dispara\u00eetre toutes les troupes populaires ou provinciales qui les pers\u00e9cuteraient, avec leurs femmes et toutes leurs familles. Ils pouvaient les piller pour en prendre du butin.\u00a012\u00a0Ceci, en un seul jour, dans toutes les provinces du roi Xerx\u00e8s, le treize du douzi\u00e8me mois \u2013 le mois d&rsquo;Adar.\u00a013\u00a0Il y avait une copie de l&rsquo;\u00e9crit pour communiquer \u00e0 chaque province l&rsquo;\u00e9dit qui devait \u00eatre rendu public parmi tous les peuples, afin que les Juifs se tiennent pr\u00eats ce jour-l\u00e0 \u00e0 se venger de leurs ennemis.\u00a014\u00a0Les courriers montant des pur-sang s\u00e9lectionn\u00e9s dans les haras de l&rsquo;Etat sortirent, \u00e0 bride abattue, par ordre du roi, et l&rsquo;\u00e9dit fut communiqu\u00e9 \u00e0 Suse la citadelle.<\/p>\n<p align=\"JUSTIFY\">15\u00a0Mardoch\u00e9e se retira de devant le roi, en v\u00eatements royaux de pourpre violette et de lin, portant une grande couronne d&rsquo;or et un manteau de byssos et de pourpre rouge. La ville de Suse \u00e9tait en liesse et en joie.\u00a016\u00a0Les Juifs \u00e9taient rayonnants de joie et de gaiet\u00e9, et combl\u00e9s d&rsquo;honneurs.\u00a017\u00a0En chaque province, en chaque ville, en tout lieu atteint par l&rsquo;ordre et l&rsquo;\u00e9dit du roi, il y eut parmi les Juifs joie et gaiet\u00e9, banquets et jour de f\u00eate. Beaucoup parmi les peuples du pays se firent Juifs, car la frayeur des Juifs s&rsquo;\u00e9tait abattue sur eux.<\/p>\n<\/blockquote>\n<h3 align=\"JUSTIFY\">Comment changer l&rsquo;immuable\u00a0?<\/h3>\n<p>L&rsquo;expression \u00ab\u00a0loi des m\u00e8des et des perses\u00a0\u00bb est toujours utilis\u00e9e aujourd&rsquo;hui pour d\u00e9crire une d\u00e9cision qui ne peut \u00eatre chang\u00e9e. D&rsquo;ailleurs elle est n\u00e9gative car il est dangereux de ne pas pouvoir revenir sur un d\u00e9cret qui \u00e9tait peut-\u00eatre adapt\u00e9 \u00e0 une situation donn\u00e9e mais qui m\u00e9rite d&rsquo;\u00eatre revu quand les choses \u00e9voluent. Au v.8, c&rsquo;est le probl\u00e8me auquel doivent faire face Esther et Mardoch\u00e9e\u00a0: ils doivent trouver le moyen de sauver les juifs de l&#8217;empire sans pouvoir interdire aux autres peuples d&rsquo;organiser le g\u00e9nocide pr\u00e9vu. C&rsquo;est dans ces moments qu&rsquo;il faut \u00eatre sage et intelligent&#8230;<\/p>\n<h3>Tactique intelligente (11-14)<\/h3>\n<p>S&rsquo;ils n&rsquo;ont pas les moyens de d\u00e9sarmer les assaillants, Mardoch\u00e9e et Esther peuvent mettre en place un syst\u00e8me de d\u00e9fense et m\u00eame de contre-attaque qui permettra aux juifs de gagner. Car ce qui \u00e9tait une pers\u00e9cution programm\u00e9e devient maintenant une guerre avec des protagonistes aux forces \u00e9quilibr\u00e9es. Ce nouveau scenario fera r\u00e9fl\u00e9chir les ennemis.<\/p>\n<h3>Nouveau retournement de situation<\/h3>\n<p>Une fois le nouveau d\u00e9cret promulgu\u00e9 et diffus\u00e9, l&rsquo;ambiance g\u00e9n\u00e9rale change\u00a0: les juifs passent du deuil \u00e0 la liesse et les peuples commencent \u00e0 \u00eatre envahis par la crainte. La veille \u00eatre juif \u00e9tait une mal\u00e9diction, aujourd&rsquo;hui c&rsquo;est un statut garantissant une certaine protection (17). C&rsquo;est pourquoi beaucoup veulent dor\u00e9navant faire partie du peuple de Dieu. Mais la question qu&rsquo;on peut se poser est\u00a0: se convertir pour sauver sa vie, est-ce bien honn\u00eate\u00a0? Il est tr\u00e8s possible qu&rsquo;en plus d&rsquo;\u00eatre tr\u00e8s pragmatiques, les autres peuples aient reconnu l&rsquo;action de Dieu dans ce retournement de situation et donc sa sup\u00e9riorit\u00e9 sur toutes les autres divinit\u00e9s.<\/p>\n<h3>APPLICATIONS<\/h3>\n<ul>\n<li>\n<p align=\"JUSTIFY\">Un probl\u00e8me est souvent comparable \u00e0 un 1000 feuilles\u00a0: il y a plusieurs choses \u00e0 r\u00e9gler et on doit passer par diff\u00e9rentes phases pour le r\u00e9gler. Divers moyens sont aussi n\u00e9cessaires\u00a0: courage, miracle, sagesse, force, etc. Le coup de baguette magique n&rsquo;est pas forc\u00e9ment le moyen le plus privil\u00e9gi\u00e9 par Dieu car dans son action il inclut aussi celle des hommes. C&rsquo;est un chemin complexe, parfois long, o\u00f9 l&rsquo;intelligence et le discernement des enfants de Dieu sont mis \u00e0 contribution pour que la solution soit adapt\u00e9e \u00e0 la situation.<\/p>\n<\/li>\n<\/ul>\n<ul>\n<li>\n<p align=\"JUSTIFY\">Quand ils voient vivre des chr\u00e9tiens, les non chr\u00e9tiens sont cens\u00e9s se poser des questions \u00e0 propos du Dieu qu&rsquo;ils servent. Est-ce le cas pour ton entourage\u00a0?<\/p>\n<\/li>\n<\/ul>\n","protected":false},"excerpt":{"rendered":"<p>&nbsp; 3\u00a0Esther parla encore au roi, en tombant \u00e0 ses pieds et en pleurant\u00a0; elle le supplia de d\u00e9jouer le projet malveillant de Haman, l&rsquo;Agaguite, le plan qu&rsquo;il avait con\u00e7u contre les Juifs.\u00a04\u00a0Le roi tendit le sceptre d&rsquo;or \u00e0 Esther. Alors Esther se releva et se pr\u00e9senta devant le roi.\u00a05\u00a0Si cela te semble bon, dit-elle, [&hellip;]<\/p>\n","protected":false},"author":3,"featured_media":5789,"comment_status":"open","ping_status":"closed","sticky":false,"template":"","format":"standard","meta":{"_acf_changed":false,"_eb_attr":"","advgb_blocks_editor_width":"","advgb_blocks_columns_visual_guide":"","footnotes":""},"categories":[16],"tags":[305,651,280,52,281],"video":[],"audio":[],"ecrit":[],"mis-en-avant":[],"redacteur":[],"type-darticle":[],"class_list":["post-5884","post","type-post","status-publish","format-standard","has-post-thumbnail","hentry","category-meditations-bibliques","tag-decret","tag-ecrit","tag-esther","tag-mardochee","tag-xerxes"],"blocksy_meta":[],"acf":[],"featured_image_src":"https:\/\/www.creusonslabible.fr\/wp-content\/uploads\/2018\/01\/image-3034792_640-1.png","author_info":{"display_name":"Yoh","author_link":"https:\/\/www.creusonslabible.fr\/?author=3"},"author_meta":{"display_name":"Yoh","author_link":"https:\/\/www.creusonslabible.fr\/?author=3"},"featured_img":"https:\/\/www.creusonslabible.fr\/wp-content\/uploads\/2018\/01\/image-3034792_640-1-300x300.png","coauthors":[],"tax_additional":{"categories":{"linked":["<a href=\"https:\/\/www.creusonslabible.fr\/?cat=16\" class=\"advgb-post-tax-term\">M\u00e9ditations bibliques<\/a>"],"unlinked":["<span class=\"advgb-post-tax-term\">M\u00e9ditations bibliques<\/span>"]},"tags":{"linked":["<a href=\"https:\/\/www.creusonslabible.fr\/?cat=16\" class=\"advgb-post-tax-term\">d\u00e9cret<\/a>","<a href=\"https:\/\/www.creusonslabible.fr\/?cat=16\" class=\"advgb-post-tax-term\">\u00e9crit<\/a>","<a href=\"https:\/\/www.creusonslabible.fr\/?cat=16\" class=\"advgb-post-tax-term\">Esther<\/a>","<a href=\"https:\/\/www.creusonslabible.fr\/?cat=16\" class=\"advgb-post-tax-term\">Mardoch\u00e9e<\/a>","<a href=\"https:\/\/www.creusonslabible.fr\/?cat=16\" class=\"advgb-post-tax-term\">Xerx\u00e8s<\/a>"],"unlinked":["<span class=\"advgb-post-tax-term\">d\u00e9cret<\/span>","<span class=\"advgb-post-tax-term\">\u00e9crit<\/span>","<span class=\"advgb-post-tax-term\">Esther<\/span>","<span class=\"advgb-post-tax-term\">Mardoch\u00e9e<\/span>","<span class=\"advgb-post-tax-term\">Xerx\u00e8s<\/span>"]}},"comment_count":"0","relative_dates":{"created":"Publi\u00e9 8 ans il y a","modified":"Mis \u00e0 jour 1 an il y a"},"absolute_dates":{"created":"Publi\u00e9 le 27 f\u00e9vrier 2018","modified":"Mise \u00e0 jour le 23 janvier 2025"},"absolute_dates_time":{"created":"Publi\u00e9 le 27 f\u00e9vrier 2018 18h20","modified":"Mise \u00e0 jour le 23 janvier 2025 13h24"},"featured_img_caption":"","series_order":"","meta_box":[],"_links":{"self":[{"href":"https:\/\/www.creusonslabible.fr\/index.php?rest_route=\/wp\/v2\/posts\/5884","targetHints":{"allow":["GET"]}}],"collection":[{"href":"https:\/\/www.creusonslabible.fr\/index.php?rest_route=\/wp\/v2\/posts"}],"about":[{"href":"https:\/\/www.creusonslabible.fr\/index.php?rest_route=\/wp\/v2\/types\/post"}],"author":[{"embeddable":true,"href":"https:\/\/www.creusonslabible.fr\/index.php?rest_route=\/wp\/v2\/users\/3"}],"replies":[{"embeddable":true,"href":"https:\/\/www.creusonslabible.fr\/index.php?rest_route=%2Fwp%2Fv2%2Fcomments&post=5884"}],"version-history":[{"count":1,"href":"https:\/\/www.creusonslabible.fr\/index.php?rest_route=\/wp\/v2\/posts\/5884\/revisions"}],"predecessor-version":[{"id":10488,"href":"https:\/\/www.creusonslabible.fr\/index.php?rest_route=\/wp\/v2\/posts\/5884\/revisions\/10488"}],"wp:featuredmedia":[{"embeddable":true,"href":"https:\/\/www.creusonslabible.fr\/index.php?rest_route=\/wp\/v2\/media\/5789"}],"wp:attachment":[{"href":"https:\/\/www.creusonslabible.fr\/index.php?rest_route=%2Fwp%2Fv2%2Fmedia&parent=5884"}],"wp:term":[{"taxonomy":"category","embeddable":true,"href":"https:\/\/www.creusonslabible.fr\/index.php?rest_route=%2Fwp%2Fv2%2Fcategories&post=5884"},{"taxonomy":"post_tag","embeddable":true,"href":"https:\/\/www.creusonslabible.fr\/index.php?rest_route=%2Fwp%2Fv2%2Ftags&post=5884"},{"taxonomy":"video","embeddable":true,"href":"https:\/\/www.creusonslabible.fr\/index.php?rest_route=%2Fwp%2Fv2%2Fvideo&post=5884"},{"taxonomy":"audio","embeddable":true,"href":"https:\/\/www.creusonslabible.fr\/index.php?rest_route=%2Fwp%2Fv2%2Faudio&post=5884"},{"taxonomy":"ecrit","embeddable":true,"href":"https:\/\/www.creusonslabible.fr\/index.php?rest_route=%2Fwp%2Fv2%2Fecrit&post=5884"},{"taxonomy":"mis-en-avant","embeddable":true,"href":"https:\/\/www.creusonslabible.fr\/index.php?rest_route=%2Fwp%2Fv2%2Fmis-en-avant&post=5884"},{"taxonomy":"redacteur","embeddable":true,"href":"https:\/\/www.creusonslabible.fr\/index.php?rest_route=%2Fwp%2Fv2%2Fredacteur&post=5884"},{"taxonomy":"type-darticle","embeddable":true,"href":"https:\/\/www.creusonslabible.fr\/index.php?rest_route=%2Fwp%2Fv2%2Ftype-darticle&post=5884"}],"curies":[{"name":"wp","href":"https:\/\/api.w.org\/{rel}","templated":true}]}}