{"id":5888,"date":"2018-03-06T18:31:43","date_gmt":"2018-03-06T16:31:43","guid":{"rendered":"http:\/\/www.creusonslabible.fr\/?p=5888"},"modified":"2025-01-23T13:24:57","modified_gmt":"2025-01-23T11:24:57","slug":"pourim-esther-9-20-10-3","status":"publish","type":"post","link":"https:\/\/www.creusonslabible.fr\/?p=5888","title":{"rendered":"Pourim : Esther 9.20-10.3"},"content":{"rendered":"<blockquote>\n<p align=\"JUSTIFY\">20\u00a0Mardoch\u00e9e \u00e9crivit cela dans des lettres qu&rsquo;il envoya \u00e0 tous les Juifs de toutes les provinces du roi Xerx\u00e8s, proches et lointaines,\u00a021\u00a0pour qu&rsquo;ils observent l&rsquo;institution du quatorzi\u00e8me jour du mois d&rsquo;Adar, ainsi que du quinzi\u00e8me, d&rsquo;ann\u00e9e en ann\u00e9e.\u00a022\u00a0A l&rsquo;exemple de ces journ\u00e9es o\u00f9 les Juifs s&rsquo;\u00e9taient d\u00e9barrass\u00e9s de leurs ennemis, en ce mois o\u00f9 leur chagrin s&rsquo;\u00e9tait chang\u00e9 en joie, et leur deuil en f\u00eate, ils devaient en faire des jours de banquet et de joie o\u00f9 chacun envoie des cadeaux \u00e0 son voisin et fait des dons aux pauvres.\u00a023\u00a0Les Juifs firent une tradition de leur c\u00e9l\u00e9bration initiale et de ce que Mardoch\u00e9e leur avait \u00e9crit.\u00a024\u00a0Car Haman, fils de Hammedata, l&rsquo;Agaguite, adversaire de tous les Juifs, avait con\u00e7u le plan de faire dispara\u00eetre les Juifs. Il avait tir\u00e9 le Pour, c&rsquo;est-\u00e0-dire le sort, pour les frapper de panique et les faire dispara\u00eetre.\u00a025\u00a0Mais lorsque l&rsquo;affaire fut pr\u00e9sent\u00e9e devant le roi, celui-ci ordonna par \u00e9crit\u00a0: Que le plan funeste qu&rsquo;il a con\u00e7u contre les Juifs retombe sur sa t\u00eate\u00a0! Qu&rsquo;on le pende \u00e0 la potence, ainsi que ses fils\u00a0!\u00a026\u00a0C&rsquo;est pourquoi on a appel\u00e9 ces jours-l\u00e0 Pourim, d&rsquo;apr\u00e8s le nom du Pour. Ainsi, \u00e0 cause de tout ce que disait cette lettre, de ce qu&rsquo;ils avaient vu et de ce qui leur \u00e9tait arriv\u00e9,\u00a027\u00a0les Juifs institu\u00e8rent une tradition irr\u00e9vocable pour eux, pour leur descendance et pour ceux qui se joindraient \u00e0 eux\u00a0: on c\u00e9l\u00e9brerait ces deux jours selon ce qui est \u00e9crit, au temps fix\u00e9, d&rsquo;ann\u00e9e en ann\u00e9e.\u00a028\u00a0Ces jours seraient comm\u00e9mor\u00e9s et c\u00e9l\u00e9br\u00e9s de g\u00e9n\u00e9ration en g\u00e9n\u00e9ration, dans chaque clan, dans chaque province, dans chaque ville. Ces jours des Pourim sont irr\u00e9vocables parmi les Juifs, leur comm\u00e9moration ne se perdra pas dans leur descendance.<\/p>\n<p align=\"JUSTIFY\">29\u00a0La reine Esther, fille d&rsquo;Abiha\u00efl, et le Juif Mardoch\u00e9e \u00e9crivirent avec toute leur autorit\u00e9 afin de confirmer cette seconde lettre des Pourim.\u00a030\u00a0A tous les Juifs des cent vingt-sept provinces du royaume de Xerx\u00e8s on envoya des lettres, messages de paix et de loyaut\u00e9\u00a0;\u00a031\u00a0pour instituer ces jours des Pourim \u00e0 leur date, comme le Juif Mardoch\u00e9e et la reine Esther les avaient institu\u00e9s, comme ils les avaient institu\u00e9s pour eux-m\u00eames et pour leur descendance, des jours de je\u00fbne et de lamentations.\u00a032\u00a0L&rsquo;histoire d&rsquo;Esther institue le rituel des Pourim\u00a0; c&rsquo;est pourquoi elle est \u00e9crite dans ce livre.<\/p>\n<p align=\"JUSTIFY\">10\u00a0Le roi Xerx\u00e8s frappa d&rsquo;un imp\u00f4t le pays et les \u00eeles de la mer.\u00a02\u00a0Tout le r\u00e9cit de sa puissance et de sa vaillance, ainsi que le d\u00e9tail de l&rsquo;\u00e9l\u00e9vation de Mardoch\u00e9e par le roi, tout cela est \u00e9crit dans le livre des chroniques des rois de M\u00e9die et de Perse.\u00a03\u00a0Car le Juif Mardoch\u00e9e occupait le second rang apr\u00e8s le roi Xerx\u00e8s\u00a0; c&rsquo;\u00e9tait le grand homme des Juifs, qui avait la faveur de la multitude de ses fr\u00e8res\u00a0; il cherchait le bien de son peuple et parlait pour la paix de tous les siens.<\/p>\n<\/blockquote>\n<h3 align=\"JUSTIFY\">F\u00eate \u00ab\u00a0nationale\u00a0\u00bb<\/h3>\n<p align=\"JUSTIFY\">Quand on est pass\u00e9 aussi pr\u00e8s de la catastrophe et que finalement c&rsquo;est la gloire qui est au rendez-vous, il faut instituer une f\u00eate qui comm\u00e9more cet \u00e9v\u00e9nement. Le premier jour on s&rsquo;abstient de manger, c&rsquo;est le je\u00fbne d&rsquo;Esther. Ensuite, c&rsquo;est Pourim o\u00f9 l&rsquo;on se r\u00e9jouit avec des banquets et des cadeaux.<\/p>\n<h3 align=\"JUSTIFY\">Et l&rsquo;\u00c9ternel\u00a0?<\/h3>\n<p align=\"JUSTIFY\">Il est \u00e9trange que dans le livre d&rsquo;Esther, Dieu ne soit jamais mentionn\u00e9, et ici sp\u00e9cialement comme l&rsquo;auteur du Salut de son peuple. Comme nous l&rsquo;avons d\u00e9j\u00e0 vu, la pr\u00e9sence du Seigneur est lourdement sous-entendue comme dans le passage d&rsquo;aujourd&rsquo;hui o\u00f9 le sort, <em>Pour<\/em>, est devenu myst\u00e9rieusement, miraculeusement favorable au peuple \u00e9lu. Mais pourquoi ne pas faire mention de louanges et autres actions de gr\u00e2ce\u00a0? Peut-\u00eatre parce que le livre \u00e9tait destin\u00e9 \u00e0 \u00eatre int\u00e9gr\u00e9 aux chroniques des rois de M\u00e9die (10.2) et donc lu par d&rsquo;autres peuples, ce qui impliquerait une certaine sobri\u00e9t\u00e9 religieuse mais tout de m\u00eame une mani\u00e8re de raconter assez explicite pour que les juifs reconnaissent la main de leur Sauveur.<\/p>\n<h3 align=\"JUSTIFY\">APPLICATION<\/h3>\n<ul>\n<li>\n<p align=\"JUSTIFY\">Quelle est notre attitude les jours de f\u00eate nationale\u00a0? Jugeons-nous les \u00e9v\u00e9nements trop lointains pour en faire cas ou bien louons-nous Dieu d&rsquo;avoir d\u00e9livr\u00e9 notre peuple d&rsquo;un grand danger\u00a0?<\/p>\n<\/li>\n<li>\n<p align=\"JUSTIFY\">Avez-vous d\u00e9j\u00e0 r\u00e9fl\u00e9chi au fait que si nous sommes actuellement en vie, c&rsquo;est parce que Dieu a fait \u00e9viter la mort \u00e0 des centaines de g\u00e9n\u00e9rations parmi nos a\u00efeux\u00a0? Pourtant, beaucoup ont eu de tr\u00e8s nombreuses occasions de mourir\u00a0! Alors que certaines lign\u00e9es\/familles\/tribus\/peuplades ont disparu, nous, nous sommes encore l\u00e0.<\/p>\n<\/li>\n<li>\n<p align=\"JUSTIFY\">Tous les dimanches, nous avons l&rsquo;occasion de comm\u00e9morer le sacrifice et la r\u00e9surrection du Seigneur J\u00e9sus qui nous a ainsi sauv\u00e9s la vie. Sommes-nous toujours \u00e9merveill\u00e9s par ces \u00e9v\u00e9nements extraordinaires ou bien trop habitu\u00e9s \u00e0 des histoires, des r\u00eetes que nous connaissons par coeur\u00a0?<\/p>\n<\/li>\n<\/ul>\n","protected":false},"excerpt":{"rendered":"<p>20\u00a0Mardoch\u00e9e \u00e9crivit cela dans des lettres qu&rsquo;il envoya \u00e0 tous les Juifs de toutes les provinces du roi Xerx\u00e8s, proches et lointaines,\u00a021\u00a0pour qu&rsquo;ils observent l&rsquo;institution du quatorzi\u00e8me jour du mois d&rsquo;Adar, ainsi que du quinzi\u00e8me, d&rsquo;ann\u00e9e en ann\u00e9e.\u00a022\u00a0A l&rsquo;exemple de ces journ\u00e9es o\u00f9 les Juifs s&rsquo;\u00e9taient d\u00e9barrass\u00e9s de leurs ennemis, en ce mois o\u00f9 leur [&hellip;]<\/p>\n","protected":false},"author":3,"featured_media":5789,"comment_status":"open","ping_status":"closed","sticky":false,"template":"","format":"standard","meta":{"_acf_changed":false,"_eb_attr":"","advgb_blocks_editor_width":"","advgb_blocks_columns_visual_guide":"","footnotes":""},"categories":[16],"tags":[651,280,52,306],"video":[],"audio":[],"ecrit":[],"mis-en-avant":[],"redacteur":[],"type-darticle":[],"class_list":["post-5888","post","type-post","status-publish","format-standard","has-post-thumbnail","hentry","category-meditations-bibliques","tag-ecrit","tag-esther","tag-mardochee","tag-pourim"],"blocksy_meta":[],"acf":[],"featured_image_src":"https:\/\/www.creusonslabible.fr\/wp-content\/uploads\/2018\/01\/image-3034792_640-1.png","author_info":{"display_name":"Yoh","author_link":"https:\/\/www.creusonslabible.fr\/?author=3"},"author_meta":{"display_name":"Yoh","author_link":"https:\/\/www.creusonslabible.fr\/?author=3"},"featured_img":"https:\/\/www.creusonslabible.fr\/wp-content\/uploads\/2018\/01\/image-3034792_640-1-300x300.png","coauthors":[],"tax_additional":{"categories":{"linked":["<a href=\"https:\/\/www.creusonslabible.fr\/?cat=16\" class=\"advgb-post-tax-term\">M\u00e9ditations bibliques<\/a>"],"unlinked":["<span class=\"advgb-post-tax-term\">M\u00e9ditations bibliques<\/span>"]},"tags":{"linked":["<a href=\"https:\/\/www.creusonslabible.fr\/?cat=16\" class=\"advgb-post-tax-term\">\u00e9crit<\/a>","<a href=\"https:\/\/www.creusonslabible.fr\/?cat=16\" class=\"advgb-post-tax-term\">Esther<\/a>","<a href=\"https:\/\/www.creusonslabible.fr\/?cat=16\" class=\"advgb-post-tax-term\">Mardoch\u00e9e<\/a>","<a href=\"https:\/\/www.creusonslabible.fr\/?cat=16\" class=\"advgb-post-tax-term\">Pourim<\/a>"],"unlinked":["<span class=\"advgb-post-tax-term\">\u00e9crit<\/span>","<span class=\"advgb-post-tax-term\">Esther<\/span>","<span class=\"advgb-post-tax-term\">Mardoch\u00e9e<\/span>","<span class=\"advgb-post-tax-term\">Pourim<\/span>"]}},"comment_count":"0","relative_dates":{"created":"Publi\u00e9 8 ans il y a","modified":"Mis \u00e0 jour 1 an il y a"},"absolute_dates":{"created":"Publi\u00e9 le 6 mars 2018","modified":"Mise \u00e0 jour le 23 janvier 2025"},"absolute_dates_time":{"created":"Publi\u00e9 le 6 mars 2018 18h31","modified":"Mise \u00e0 jour le 23 janvier 2025 13h24"},"featured_img_caption":"","series_order":"","meta_box":[],"_links":{"self":[{"href":"https:\/\/www.creusonslabible.fr\/index.php?rest_route=\/wp\/v2\/posts\/5888","targetHints":{"allow":["GET"]}}],"collection":[{"href":"https:\/\/www.creusonslabible.fr\/index.php?rest_route=\/wp\/v2\/posts"}],"about":[{"href":"https:\/\/www.creusonslabible.fr\/index.php?rest_route=\/wp\/v2\/types\/post"}],"author":[{"embeddable":true,"href":"https:\/\/www.creusonslabible.fr\/index.php?rest_route=\/wp\/v2\/users\/3"}],"replies":[{"embeddable":true,"href":"https:\/\/www.creusonslabible.fr\/index.php?rest_route=%2Fwp%2Fv2%2Fcomments&post=5888"}],"version-history":[{"count":1,"href":"https:\/\/www.creusonslabible.fr\/index.php?rest_route=\/wp\/v2\/posts\/5888\/revisions"}],"predecessor-version":[{"id":10485,"href":"https:\/\/www.creusonslabible.fr\/index.php?rest_route=\/wp\/v2\/posts\/5888\/revisions\/10485"}],"wp:featuredmedia":[{"embeddable":true,"href":"https:\/\/www.creusonslabible.fr\/index.php?rest_route=\/wp\/v2\/media\/5789"}],"wp:attachment":[{"href":"https:\/\/www.creusonslabible.fr\/index.php?rest_route=%2Fwp%2Fv2%2Fmedia&parent=5888"}],"wp:term":[{"taxonomy":"category","embeddable":true,"href":"https:\/\/www.creusonslabible.fr\/index.php?rest_route=%2Fwp%2Fv2%2Fcategories&post=5888"},{"taxonomy":"post_tag","embeddable":true,"href":"https:\/\/www.creusonslabible.fr\/index.php?rest_route=%2Fwp%2Fv2%2Ftags&post=5888"},{"taxonomy":"video","embeddable":true,"href":"https:\/\/www.creusonslabible.fr\/index.php?rest_route=%2Fwp%2Fv2%2Fvideo&post=5888"},{"taxonomy":"audio","embeddable":true,"href":"https:\/\/www.creusonslabible.fr\/index.php?rest_route=%2Fwp%2Fv2%2Faudio&post=5888"},{"taxonomy":"ecrit","embeddable":true,"href":"https:\/\/www.creusonslabible.fr\/index.php?rest_route=%2Fwp%2Fv2%2Fecrit&post=5888"},{"taxonomy":"mis-en-avant","embeddable":true,"href":"https:\/\/www.creusonslabible.fr\/index.php?rest_route=%2Fwp%2Fv2%2Fmis-en-avant&post=5888"},{"taxonomy":"redacteur","embeddable":true,"href":"https:\/\/www.creusonslabible.fr\/index.php?rest_route=%2Fwp%2Fv2%2Fredacteur&post=5888"},{"taxonomy":"type-darticle","embeddable":true,"href":"https:\/\/www.creusonslabible.fr\/index.php?rest_route=%2Fwp%2Fv2%2Ftype-darticle&post=5888"}],"curies":[{"name":"wp","href":"https:\/\/api.w.org\/{rel}","templated":true}]}}