{"id":5957,"date":"2018-03-15T13:33:31","date_gmt":"2018-03-15T11:33:31","guid":{"rendered":"http:\/\/www.creusonslabible.fr\/?p=5957"},"modified":"2026-04-07T16:41:50","modified_gmt":"2026-04-07T14:41:50","slug":"luc-8-4-18-ecoutez-de-votre-coeur","status":"publish","type":"post","link":"https:\/\/www.creusonslabible.fr\/?p=5957","title":{"rendered":"Luc 8.4-18 : \u00c9coutez de tout votre c\u0153ur"},"content":{"rendered":"<h1><strong>Accroche\u00a0<\/strong><\/h1>\n<p><strong> Cherchez un conte ou une histoire courte (pas plus de 4min) \u00e0 raconter au groupe.<\/strong><\/p>\n<p><strong>Demandez trois volontaires \u00e0 qui vous allez donner quelque chose \u00e0 faire en m\u00eame temps qu&rsquo;ils \u00e9couteront l&rsquo;histoire:\u00a0<\/strong><\/p>\n<ul>\n<li><strong>\u00e0 l\u2019un vous donnerez une t\u00e2che \u00e0 faire comme par exemple classer des feuilles dans l&rsquo;ordre des pages, ou compter des pi\u00e8ces de monnaie<\/strong><\/li>\n<li><strong>au deuxi\u00e8me vous lui demanderez de mettre des \u00e9couteurs avec de la musiques (volume moyen)<\/strong><\/li>\n<li><strong>au troisi\u00e8me demandez-lui juste d&rsquo;\u00e9couter l&rsquo;histoire<\/strong><\/li>\n<\/ul>\n<p><strong>Racontez l&rsquo;histoire.<\/strong><\/p>\n<p><strong>Une fois votre histoire finie, demandez \u00e0 chacun de la r\u00e9sumer sur un papier et de lire ce r\u00e9sum\u00e9 \u00e0 voix haute, voyez la diff\u00e9rence d\u2019\u00e9coute qu\u2019il a pu y avoir !<\/strong><\/p>\n<h5>Lisez le texte<\/h5>\n<h1>C\u0153ur du Passage<\/h1>\n<p><strong>V 4-10: Beaucoup de monde \u00e9coute \u00a0<\/strong><\/p>\n<ul>\n<li><strong>Comment s\u2019appelle ce type d\u2019histoires que raconte J\u00e9sus ? <\/strong>C\u2019est une Parabole, utilis\u00e9e pour enseigner des v\u00e9rit\u00e9s spirituelles par le moyen de br\u00e8ve histoires imag\u00e9es, qui souvent rejoignent le quotidien de l\u2019auditoire.<\/li>\n<\/ul>\n<ul>\n<li><strong>Pourquoi J\u00e9sus, selon vous, d\u00e9cide-t-il de raconter cette parabole ?<\/strong> Beaucoup de gens venaient \u00e9couter J\u00e9sus, il devenait de plus en plus populaire c\u2019est donc le moment d\u2019enseigner sur comment \u00e9couter.<\/li>\n<\/ul>\n<ul>\n<li><strong>Combien de situation sont d\u00e9crites\u00a0? <\/strong><\/li>\n<\/ul>\n<h1>Questions d\u2019observation\u00a0: Dessin<\/h1>\n<p><strong>Relire le texte. Au fur et \u00e0 mesure de la lecture,<\/strong><strong> repr\u00e9sentez sur le dessin ci-dessous chacun des 4 terrains d\u00e9crits. Illustrez \u00e9galement le long du chemin les r\u00e9actions des semences.\u00a0<\/strong><\/p>\n<p><strong>\u00a0<\/strong><\/p>\n<p><strong>V 11-15: Tout d\u00e9pend de la fa\u00e7on dont tu \u00e9coute<\/strong><\/p>\n<ul>\n<li><strong>Selon J\u00e9sus que repr\u00e9sente \u00a0la semence? <\/strong>C\u2019est la Parole de Dieu\u00a0 <strong>Mais qu\u2019est-ce que la Parole de Dieu ?<\/strong><\/li>\n<li><strong>D\u2019apr\u00e8s les explications de J\u00e9sus, que se passe-t-il lorsque les personnes entendent la Parole de Dieu ?<\/strong> <strong>Repr\u00e9sentez sur le dessin, avec <em>une autre couleur,<\/em> ce qui se passe.\u00a0<\/strong><\/li>\n<li><strong>Est-ce la faute du semeur ou de la graine si elle n\u2019arrive pas \u00e0 bien pousser\u00a0?<\/strong><\/li>\n<li><strong>Quelles sont les bonnes conditions pour que la graine de la Parole de Dieu pousse\u00a0?<\/strong><\/li>\n<\/ul>\n<p><strong>V 16-18: Fais attention \u00e0 bien \u00e9couter<\/strong><\/p>\n<ul>\n<li><strong>Pourquoi ce lien avec \u00ab\u00a0la lumi\u00e8re que l\u2019on ne cache pas\u00a0\u00bb et cette phrase \u00ab\u00a0Tout ce qui est cach\u00e9 maintenant finira par \u00eatre mis en lumi\u00e8re\u00bb\u00a0?<\/strong><\/li>\n<li><strong>D\u2019apr\u00e8s quel indice pourrait-on dire que la parabole de la lumi\u00e8re est li\u00e9e \u00e0 la parabole de la semence\u00a0? <\/strong>V18 <strong>Quel recommandation importante J\u00e9sus veut faire passer\u00a0?<\/strong> C\u2019est un avertissement sur la fa\u00e7on dont nous \u00e9coutons: nous pouvons \u00eatre de ces mauvais terrains, et nous cacher la face, ce n\u2019est pas \u00e9vident \u00e0 voir car c\u2019est quelque chose qui se passe dans les c\u0153urs. C\u2019est pour cela que la deuxi\u00e8me parabole explique que cela va \u00eatre d\u00e9couvert: on verra \u00e0 la lumi\u00e8re celui qui aura \u00e9cout\u00e9.<\/li>\n<\/ul>\n<h1>Questions d\u2019Appropriation<\/h1>\n<ul>\n<li><strong>Dans quelle cat\u00e9gorie de terrains avez-vous le plus tendance \u00e0 \u00eatre et pourquoi\u00a0?<\/strong><\/li>\n<li><strong>Quels peuvent \u00eatre les freins pour \u00e9couter la parole de Dieu dans vos vies\u00a0?<\/strong> (quels sont vos Pierres et Ronces? \u00e0 pr\u00e9ciser pour vous)<\/li>\n<li><strong>Comment \u00eatre une lampe selon les conseils de J\u00e9sus\u00a0?<\/strong> Il faut \u00e9couter la parole la mettre en pratique et donner du fruit en \u00e9tant sinc\u00e8re.<\/li>\n<\/ul>\n<p><a href=\"https:\/\/www.creusonslabible.fr\/wp-content\/uploads\/2018\/03\/Semeur-1.jpg\"><img loading=\"lazy\" decoding=\"async\" class=\"alignnone wp-image-5951 size-full\" src=\"https:\/\/www.creusonslabible.fr\/wp-content\/uploads\/2018\/03\/Semeur-1.jpg\" alt=\"\" width=\"1362\" height=\"1209\" srcset=\"https:\/\/www.creusonslabible.fr\/wp-content\/uploads\/2018\/03\/Semeur-1.jpg 1362w, https:\/\/www.creusonslabible.fr\/wp-content\/uploads\/2018\/03\/Semeur-1-300x266.jpg 300w, https:\/\/www.creusonslabible.fr\/wp-content\/uploads\/2018\/03\/Semeur-1-1024x909.jpg 1024w, https:\/\/www.creusonslabible.fr\/wp-content\/uploads\/2018\/03\/Semeur-1-768x682.jpg 768w\" sizes=\"auto, (max-width: 1362px) 100vw, 1362px\" \/><\/a><\/p>\n","protected":false},"excerpt":{"rendered":"<p>Accroche\u00a0 Cherchez un conte ou une histoire courte (pas plus de 4min) \u00e0 raconter au groupe. Demandez trois volontaires \u00e0 qui vous allez donner quelque chose \u00e0 faire en m\u00eame temps qu&rsquo;ils \u00e9couteront l&rsquo;histoire:\u00a0 \u00e0 l\u2019un vous donnerez une t\u00e2che \u00e0 faire comme par exemple classer des feuilles dans l&rsquo;ordre des pages, ou compter des [&hellip;]<\/p>\n","protected":false},"author":2,"featured_media":5949,"comment_status":"open","ping_status":"closed","sticky":false,"template":"","format":"standard","meta":{"_acf_changed":false,"_eb_attr":"","advgb_blocks_editor_width":"","advgb_blocks_columns_visual_guide":"","footnotes":""},"categories":[105],"tags":[651,22],"video":[],"audio":[],"ecrit":[],"mis-en-avant":[],"redacteur":[],"type-darticle":[],"class_list":["post-5957","post","type-post","status-publish","format-standard","has-post-thumbnail","hentry","category-speciales-groupes-bibliques-lyceens","tag-ecrit","tag-luc"],"blocksy_meta":[],"acf":[],"featured_image_src":"https:\/\/www.creusonslabible.fr\/wp-content\/uploads\/2018\/03\/mohammad-metri-421904-unsplash-1-scaled-1.jpg","author_info":{"display_name":"caillou","author_link":"https:\/\/www.creusonslabible.fr\/?author=2"},"author_meta":{"display_name":"caillou","author_link":"https:\/\/www.creusonslabible.fr\/?author=2"},"featured_img":"https:\/\/www.creusonslabible.fr\/wp-content\/uploads\/2018\/03\/mohammad-metri-421904-unsplash-1-scaled-1-300x200.jpg","coauthors":[],"tax_additional":{"categories":{"linked":["<a href=\"https:\/\/www.creusonslabible.fr\/?cat=105\" class=\"advgb-post-tax-term\">Sp\u00e9ciales Groupes Bibliques Lyc\u00e9ens<\/a>"],"unlinked":["<span class=\"advgb-post-tax-term\">Sp\u00e9ciales Groupes Bibliques Lyc\u00e9ens<\/span>"]},"tags":{"linked":["<a href=\"https:\/\/www.creusonslabible.fr\/?cat=105\" class=\"advgb-post-tax-term\">\u00e9crit<\/a>","<a href=\"https:\/\/www.creusonslabible.fr\/?cat=105\" class=\"advgb-post-tax-term\">Luc<\/a>"],"unlinked":["<span class=\"advgb-post-tax-term\">\u00e9crit<\/span>","<span class=\"advgb-post-tax-term\">Luc<\/span>"]}},"comment_count":"1","relative_dates":{"created":"Publi\u00e9 8 ans il y a","modified":"Mis \u00e0 jour 3 semaines il y a"},"absolute_dates":{"created":"Publi\u00e9 le 15 mars 2018","modified":"Mise \u00e0 jour le 7 avril 2026"},"absolute_dates_time":{"created":"Publi\u00e9 le 15 mars 2018 13h33","modified":"Mise \u00e0 jour le 7 avril 2026 16h41"},"featured_img_caption":"","series_order":"","meta_box":[],"_links":{"self":[{"href":"https:\/\/www.creusonslabible.fr\/index.php?rest_route=\/wp\/v2\/posts\/5957","targetHints":{"allow":["GET"]}}],"collection":[{"href":"https:\/\/www.creusonslabible.fr\/index.php?rest_route=\/wp\/v2\/posts"}],"about":[{"href":"https:\/\/www.creusonslabible.fr\/index.php?rest_route=\/wp\/v2\/types\/post"}],"author":[{"embeddable":true,"href":"https:\/\/www.creusonslabible.fr\/index.php?rest_route=\/wp\/v2\/users\/2"}],"replies":[{"embeddable":true,"href":"https:\/\/www.creusonslabible.fr\/index.php?rest_route=%2Fwp%2Fv2%2Fcomments&post=5957"}],"version-history":[{"count":9,"href":"https:\/\/www.creusonslabible.fr\/index.php?rest_route=\/wp\/v2\/posts\/5957\/revisions"}],"predecessor-version":[{"id":12539,"href":"https:\/\/www.creusonslabible.fr\/index.php?rest_route=\/wp\/v2\/posts\/5957\/revisions\/12539"}],"wp:featuredmedia":[{"embeddable":true,"href":"https:\/\/www.creusonslabible.fr\/index.php?rest_route=\/wp\/v2\/media\/5949"}],"wp:attachment":[{"href":"https:\/\/www.creusonslabible.fr\/index.php?rest_route=%2Fwp%2Fv2%2Fmedia&parent=5957"}],"wp:term":[{"taxonomy":"category","embeddable":true,"href":"https:\/\/www.creusonslabible.fr\/index.php?rest_route=%2Fwp%2Fv2%2Fcategories&post=5957"},{"taxonomy":"post_tag","embeddable":true,"href":"https:\/\/www.creusonslabible.fr\/index.php?rest_route=%2Fwp%2Fv2%2Ftags&post=5957"},{"taxonomy":"video","embeddable":true,"href":"https:\/\/www.creusonslabible.fr\/index.php?rest_route=%2Fwp%2Fv2%2Fvideo&post=5957"},{"taxonomy":"audio","embeddable":true,"href":"https:\/\/www.creusonslabible.fr\/index.php?rest_route=%2Fwp%2Fv2%2Faudio&post=5957"},{"taxonomy":"ecrit","embeddable":true,"href":"https:\/\/www.creusonslabible.fr\/index.php?rest_route=%2Fwp%2Fv2%2Fecrit&post=5957"},{"taxonomy":"mis-en-avant","embeddable":true,"href":"https:\/\/www.creusonslabible.fr\/index.php?rest_route=%2Fwp%2Fv2%2Fmis-en-avant&post=5957"},{"taxonomy":"redacteur","embeddable":true,"href":"https:\/\/www.creusonslabible.fr\/index.php?rest_route=%2Fwp%2Fv2%2Fredacteur&post=5957"},{"taxonomy":"type-darticle","embeddable":true,"href":"https:\/\/www.creusonslabible.fr\/index.php?rest_route=%2Fwp%2Fv2%2Ftype-darticle&post=5957"}],"curies":[{"name":"wp","href":"https:\/\/api.w.org\/{rel}","templated":true}]}}