{"id":6036,"date":"2018-04-06T11:40:20","date_gmt":"2018-04-06T09:40:20","guid":{"rendered":"http:\/\/www.creusonslabible.fr\/?p=6036"},"modified":"2025-01-23T13:29:30","modified_gmt":"2025-01-23T11:29:30","slug":"quest-ce-que-la-mission","status":"publish","type":"post","link":"https:\/\/www.creusonslabible.fr\/?p=6036","title":{"rendered":"Qu\u2019est-ce que la mission\u00a0?"},"content":{"rendered":"<h2><span lang=\"fr-CH\">L&rsquo;annonce de l&rsquo;\u00c9<\/span><span lang=\"fr-CH\">vangile est l&rsquo;une des missions principales de l&rsquo;<\/span><span lang=\"fr-CH\">\u00e9<\/span><span lang=\"fr-CH\">glise. Hannes Wiher nous propose un retour sur les origines bibliques de la mission pour en comprendre le sens.<\/span><\/h2>\n<p><strong>Par Hannes Wiher, professeur associ\u00e9 de missiologie \u00e0 la Facult\u00e9 libre de th\u00e9ologie \u00e9vang\u00e9lique de Vaux-sur-Seine et \u00e0 la Facult\u00e9 Jean Calvin d\u2019Aix en Provence.<\/strong><\/p>\n<p lang=\"de-DE\" align=\"JUSTIFY\">\n<p lang=\"de-DE\" align=\"JUSTIFY\"><strong><span lang=\"fr-CH\">Jusqu\u2019au milieu du <\/span><span lang=\"fr-CH\">20<\/span><span lang=\"fr-CH\">e<\/span><\/strong><span lang=\"fr-CH\"><strong> si\u00e8cle<\/strong>, la question \u00ab\u00a0qu\u2019est-ce que la mission\u00a0?\u00a0\u00bb ne se posait gu\u00e8re. Tout le<\/span><span lang=\"fr-FR\"> monde le savait. C\u2019\u00e9tait partir en Afrique ou ailleurs, \u00ab\u00a0au loin\u00a0\u00bb, pour annoncer l\u2019\u00c9vangile \u00e0 ceux qui ne l\u2019avaient pas encore entendu. On distinguait l\u2019\u00e9vang\u00e9lisation \u00ab\u00a0au pr\u00e8s\u00a0\u00bb de la mission \u00ab\u00a0au loin\u00a0\u00bb, une d\u00e9finition<\/span> <span lang=\"fr-CH\">g\u00e9ographique <\/span><span lang=\"fr-CH\">de la mission.<\/span><span lang=\"fr-FR\"> Aujourd\u2019hui, il y a des chr\u00e9tiens sur tous les continents mais moins en Europe qu\u2019ailleurs. L\u2019Europe en g\u00e9n\u00e9ral et la France en particulier sont devenues une \u00ab\u00a0terre de mission\u00a0\u00bb. Il semble donc plus judicieux de commencer par \u00e9vang\u00e9liser l\u2019Europe, avant d\u2019aller au loin. <\/span><span lang=\"fr-CH\">Ce constat semble justifi\u00e9 par l\u2019exp\u00e9rience missionnaire et des passages bibliques comme Ac 1.8\u00a0: \u00ab\u00a0Vous<\/span><span lang=\"fr-FR\"> serez mes t\u00e9moins \u00e0 J\u00e9rusalem, dans toute la Jud\u00e9e, en Samarie, et jusqu\u2019aux extr\u00e9mit\u00e9s de la terre\u00a0\u00bb. <\/span><span lang=\"fr-CH\">A<\/span><span lang=\"fr-FR\">u cours du <\/span><span lang=\"fr-CH\">19<\/span><span lang=\"fr-CH\">e<\/span><span lang=\"fr-CH\"> si\u00e8cle on s\u2019est rendu compte que la mission consiste \u00e0 traverser \u00e9galement des fronti\u00e8res linguistiques, psychologiques, sociales, culturelles et religieuses. Avant tout, la mission consiste \u00e0 traverser la fronti\u00e8re entre la foi et son absence.<\/span><\/p>\n<p lang=\"de-DE\" align=\"JUSTIFY\"><strong><span lang=\"fr-CH\">\u00c9galement au <\/span><span lang=\"fr-CH\">19<\/span><span lang=\"fr-CH\">e<\/span><span lang=\"fr-CH\"> si\u00e8cle et jusqu\u2019au milieu du <\/span><span lang=\"fr-CH\">20<\/span><span lang=\"fr-CH\">e<\/span><\/strong><span lang=\"fr-CH\"><strong> si\u00e8cle<\/strong>, l\u2019\u00c9glise catholique, le mouvement missionnaire protestant, et \u00e0 sa suite le mouvement \u0153cum\u00e9nique, ont pr\u00f4n\u00e9 une d\u00e9finition <\/span><span lang=\"fr-CH\">eccl\u00e9siocentrique<\/span><span lang=\"fr-CH\"> de la mission\u00a0: la mission est une dimension et une activit\u00e9 de l\u2019\u00c9glise. Il est vrai que l\u2019\u00c9glise est impensable sans la dimension missionnaire. L\u2019encyclique <\/span><span lang=\"fr-CH\">Ad Gentes <\/span><span lang=\"fr-CH\">(1965), et \u00e0 sa suite le document <\/span><span lang=\"fr-FR\">La Mission et l\u2019\u00e9vang\u00e9lisation<\/span><span lang=\"fr-FR\"> (1982)<\/span> <span lang=\"fr-CH\">du Mouvement \u0153cum\u00e9nique d\u00e9clarent que \u00ab\u00a0l\u2019\u00c9glise est missionnaire par sa nature\u00a0m\u00eame \u00bb. Toutefois, quand on regarde l\u2019histoire de l\u2019\u00c9glise on doit constater que cette dimension missionnaire \u00e9tait quasi absente de l\u2019\u00c9glise pendant des si\u00e8cles. L\u2019\u00c9glise est plut\u00f4t \u00ab\u00a0missionnaire par vocation\u00a0\u00bb, car J\u00e9sus a dit \u00e0 ses disciples\u00a0: \u00ab\u00a0Comme mon P\u00e8re m\u2019a envoy\u00e9, moi aussi je vous envoie\u00a0\u00bb (Jn 20.21). De plus, on observe dans la Bible que la mission du Nouveau Testament a vu le jour au m\u00eame moment que l\u2019\u00c9glise, c\u2019est-\u00e0-dire apr\u00e8s la Pentec\u00f4te. C\u2019est le Saint-Esprit qui fait na\u00eetre la mission et l\u2019\u00c9glise, c\u2019est lui qui fait que les disciples de J\u00e9sus se rassemblent et se mettent en mouvement.<\/span><\/p>\n<p lang=\"de-DE\" align=\"JUSTIFY\"><span lang=\"fr-CH\"><strong>Apr\u00e8s la Deuxi\u00e8me Guerre mondiale,<\/strong> dans le contexte des ind\u00e9pendances des jeunes \u00c9tats et \u00c9glises, de la mission \u00ab\u00a0de partout vers partout\u00a0\u00bb, les d\u00e9finitions g\u00e9ographique et eccl\u00e9siocentrique de la mission n\u2019avaient plus de raison d\u2019\u00eatre. Il a fallu chercher un nouveau fondement pour la mission. On l\u2019a trouv\u00e9 dans la personne de Dieu\u00a0: une d\u00e9finition <\/span><span lang=\"fr-CH\">th\u00e9ologique.<\/span><span lang=\"fr-CH\"> Dieu le P\u00e8re envoie le Fils (Jn 3.16), <\/span><span lang=\"fr-CH\">et ensemble avec le Fils \u00a0il envoie le Saint-Esprit<\/span> <span lang=\"fr-CH\">(Jn 14-16). Il y a donc eu une reprise r\u00e9fl\u00e9chie de la notion catholique de \u00ab\u00a0mission de Dieu\u00a0\u00bb (<\/span><span lang=\"fr-CH\">missio Dei<\/span><span lang=\"fr-CH\">) d\u00e9velopp\u00e9e par la th\u00e9ologie scolastique au Moyen \u00c2ge. <\/span><\/p>\n<p lang=\"fr-CH\" align=\"JUSTIFY\">Les \u00e9vang\u00e9liques ont longtemps \u00e9t\u00e9 r\u00e9ticents \u00e0 accepter cette nouvelle d\u00e9finition car elle s\u00e9parait les trois personnes de la Trinit\u00e9, ce que la R\u00e9forme avait recommand\u00e9 d\u2019\u00e9viter. Elle mettait \u00e9galement l\u2019accent sur Dieu ce qui a conduit certains \u00e0 minimiser le r\u00f4le de l\u2019\u00c9glise. Comment donc bien penser \u00ab\u00a0la mission de Dieu\u00a0\u00bb\u00a0dans une perspective \u00e9vang\u00e9lique ? C\u2019est le Dieu trinitaire qui est l\u2019initiateur et le but de la mission. Il veut ins\u00e9rer son peuple dans sa grande mission en lui attribuant des t\u00e2ches diff\u00e9rentes selon les dons que lui, le potier, a donn\u00e9 \u00e0 son argile (J\u00e9 18.6\u00a0; cf. \u00c9p 2.10). Ainsi, les trois personnes de la Trinit\u00e9 ne sont pas s\u00e9par\u00e9es, ni la mission de Dieu de celle de son peuple.<\/p>\n<p lang=\"de-DE\" align=\"JUSTIFY\">\n<h3 lang=\"de-DE\" align=\"JUSTIFY\">Mission holistique<\/h3>\n<p lang=\"de-DE\" align=\"JUSTIFY\"><span lang=\"fr-CH\">Ayant r\u00e9fl\u00e9chi \u00e0 la d\u00e9finition de la mission, il nous reste \u00e0 voir le contenu, le \u00ab\u00a0comment\u00a0?\u00a0\u00bb de la mission. <\/span><span lang=\"fr-FR\">Notre v\u00e9cu europ\u00e9en actuel est marqu\u00e9 par le s\u00e9cularisme et le pluralisme. Apr\u00e8s trois si\u00e8cles de philosophie des Lumi\u00e8res, l\u2019Europ\u00e9en moyen a tendance \u00e0 penser soit que la religion est obsol\u00e8te soit que toutes les religions se valent. Or il n\u2019est pas \u00e9vident de partager sa foi avec quelqu\u2019un qui doute de l\u2019existence d\u2019une \u00ab\u00a0r\u00e9alit\u00e9 ultime\u00a0\u00bb. Comment faire\u00a0? Une notion d\u00e9velopp\u00e9e par les missiologues du Sud et par la th\u00e9orie de la communication semble nous venir en aide\u00a0: celle de \u00ab\u00a0mission holistique\u00a0\u00bb. La Bible nous parle du minist\u00e8re de J\u00e9sus et des ap\u00f4tres en termes d\u2019\u00ab\u00a0\u00e9vang\u00e9liser\u00a0\u00bb (<\/span><span lang=\"fr-FR\">euangelizomai<\/span><span lang=\"fr-FR\">) (p. ex. Mt 11.5\u00a0; Lc 4.18-19). \u00c9videmment, cette activit\u00e9 ne s\u2019est pas limit\u00e9e aux paroles. Dans la m\u00eame veine, la science de la communication nous enseigne qu\u2019une communication n\u2019est efficace que lorsqu\u2019elle englobe les dimensions verbale et non verbale. La vie et les actes confirment nos paroles, et les paroles expliquent nos actes. Regardant la vie de J\u00e9sus on remarque qu\u2019il a continuellement communiqu\u00e9 par sa mani\u00e8re d\u2019\u00eatre et ses actes, et qu\u2019il a parl\u00e9 \u00e0 des moments propices (des moments <\/span><span lang=\"fr-FR\">kairos<\/span><span lang=\"fr-FR\">), soit pour expliquer ses actes soit pour r\u00e9pondre aux questions. Il serait donc avantageux de susciter des questions par une \u00ab\u00a0communication holistique\u00a0\u00bb de l\u2019\u00c9vangile,\u00a0soit par une vie et des paroles qui se d\u00e9marquent afin de trouver des \u00ab\u00a0personnes de paix\u00a0\u00bb (Lc 10.6)<\/span><span lang=\"fr-FR\">. <\/span><\/p>\n<p lang=\"de-DE\" align=\"JUSTIFY\"><span lang=\"fr-FR\"><strong>En r\u00e9sum\u00e9<\/strong>, on peut d\u00e9finir la mission comme suit\u00a0: <\/span><span lang=\"fr-CH\">dans la perspective biblique, la mission est bas\u00e9e sur le fait que Dieu le P\u00e8re a envoy\u00e9 dans notre monde le Fils et, avec lui, l\u2019Esprit dans le but de r\u00e9tablir sa relation avec l\u2019homme. Ce Dieu missionnaire veut ins\u00e9rer tout disciple, donc l\u2019\u00c9glise, dans sa mission pour que des hommes de tout peuple et de toute culture viennent \u00e0 sa connaissance et se rassemblent dans des \u00e9glises. La mission de l\u2019\u00c9glise implique donc le franchissement de barri\u00e8res linguistiques, sociales, culturelles et religieuses, mais surtout de la barri\u00e8re entre la foi et son absence par une communication holistique et transculturelle de l\u2019\u00c9vangile. Elle vise la conversion des hommes \u00e0 Dieu, le discipulat, l\u2019implantation d\u2019\u00e9glises et finalement la gloire de Dieu. Elle commence dans notre localit\u00e9 et va jusqu\u2019aux \u00ab\u00a0extr\u00e9mit\u00e9s de la terre\u00a0\u00bb (Ac 1.8).<\/span><\/p>\n","protected":false},"excerpt":{"rendered":"<p>L&rsquo;annonce de l&rsquo;\u00c9vangile est l&rsquo;une des missions principales de l&rsquo;\u00e9glise. Hannes Wiher nous propose un retour sur les origines bibliques de la mission pour en comprendre le sens. Par Hannes Wiher, professeur associ\u00e9 de missiologie \u00e0 la Facult\u00e9 libre de th\u00e9ologie \u00e9vang\u00e9lique de Vaux-sur-Seine et \u00e0 la Facult\u00e9 Jean Calvin d\u2019Aix en Provence. Jusqu\u2019au milieu [&hellip;]<\/p>\n","protected":false},"author":3,"featured_media":5202,"comment_status":"open","ping_status":"closed","sticky":false,"template":"","format":"standard","meta":{"_acf_changed":false,"_eb_attr":"","advgb_blocks_editor_width":"","advgb_blocks_columns_visual_guide":"","footnotes":""},"categories":[197,180,39],"tags":[651,115],"video":[],"audio":[],"ecrit":[],"mis-en-avant":[],"redacteur":[],"type-darticle":[],"class_list":["post-6036","post","type-post","status-publish","format-standard","has-post-thumbnail","hentry","category-l-eglise","category-levangelisation","category-la-vie-chretienne","tag-ecrit","tag-mission"],"blocksy_meta":[],"acf":[],"featured_image_src":"https:\/\/www.creusonslabible.fr\/wp-content\/uploads\/2017\/06\/lights-1088141_640-1.jpg","author_info":{"display_name":"Yoh","author_link":"https:\/\/www.creusonslabible.fr\/?author=3"},"author_meta":{"display_name":"Yoh","author_link":"https:\/\/www.creusonslabible.fr\/?author=3"},"featured_img":"https:\/\/www.creusonslabible.fr\/wp-content\/uploads\/2017\/06\/lights-1088141_640-1-300x200.jpg","coauthors":[],"tax_additional":{"categories":{"linked":["<a href=\"https:\/\/www.creusonslabible.fr\/?cat=197\" class=\"advgb-post-tax-term\">L&#039;\u00c9glise<\/a>","<a href=\"https:\/\/www.creusonslabible.fr\/?cat=180\" class=\"advgb-post-tax-term\">L&#039;\u00c9vang\u00e9lisation<\/a>","<a href=\"https:\/\/www.creusonslabible.fr\/?cat=39\" class=\"advgb-post-tax-term\">La vie chr\u00e9tienne<\/a>"],"unlinked":["<span class=\"advgb-post-tax-term\">L&#039;\u00c9glise<\/span>","<span class=\"advgb-post-tax-term\">L&#039;\u00c9vang\u00e9lisation<\/span>","<span class=\"advgb-post-tax-term\">La vie chr\u00e9tienne<\/span>"]},"tags":{"linked":["<a href=\"https:\/\/www.creusonslabible.fr\/?cat=39\" class=\"advgb-post-tax-term\">\u00e9crit<\/a>","<a href=\"https:\/\/www.creusonslabible.fr\/?cat=39\" class=\"advgb-post-tax-term\">mission<\/a>"],"unlinked":["<span class=\"advgb-post-tax-term\">\u00e9crit<\/span>","<span class=\"advgb-post-tax-term\">mission<\/span>"]}},"comment_count":"0","relative_dates":{"created":"Publi\u00e9 8 ans il y a","modified":"Mis \u00e0 jour 1 an il y a"},"absolute_dates":{"created":"Publi\u00e9 le 6 avril 2018","modified":"Mise \u00e0 jour le 23 janvier 2025"},"absolute_dates_time":{"created":"Publi\u00e9 le 6 avril 2018 11h40","modified":"Mise \u00e0 jour le 23 janvier 2025 13h29"},"featured_img_caption":"","series_order":"","meta_box":[],"_links":{"self":[{"href":"https:\/\/www.creusonslabible.fr\/index.php?rest_route=\/wp\/v2\/posts\/6036","targetHints":{"allow":["GET"]}}],"collection":[{"href":"https:\/\/www.creusonslabible.fr\/index.php?rest_route=\/wp\/v2\/posts"}],"about":[{"href":"https:\/\/www.creusonslabible.fr\/index.php?rest_route=\/wp\/v2\/types\/post"}],"author":[{"embeddable":true,"href":"https:\/\/www.creusonslabible.fr\/index.php?rest_route=\/wp\/v2\/users\/3"}],"replies":[{"embeddable":true,"href":"https:\/\/www.creusonslabible.fr\/index.php?rest_route=%2Fwp%2Fv2%2Fcomments&post=6036"}],"version-history":[{"count":1,"href":"https:\/\/www.creusonslabible.fr\/index.php?rest_route=\/wp\/v2\/posts\/6036\/revisions"}],"predecessor-version":[{"id":10533,"href":"https:\/\/www.creusonslabible.fr\/index.php?rest_route=\/wp\/v2\/posts\/6036\/revisions\/10533"}],"wp:featuredmedia":[{"embeddable":true,"href":"https:\/\/www.creusonslabible.fr\/index.php?rest_route=\/wp\/v2\/media\/5202"}],"wp:attachment":[{"href":"https:\/\/www.creusonslabible.fr\/index.php?rest_route=%2Fwp%2Fv2%2Fmedia&parent=6036"}],"wp:term":[{"taxonomy":"category","embeddable":true,"href":"https:\/\/www.creusonslabible.fr\/index.php?rest_route=%2Fwp%2Fv2%2Fcategories&post=6036"},{"taxonomy":"post_tag","embeddable":true,"href":"https:\/\/www.creusonslabible.fr\/index.php?rest_route=%2Fwp%2Fv2%2Ftags&post=6036"},{"taxonomy":"video","embeddable":true,"href":"https:\/\/www.creusonslabible.fr\/index.php?rest_route=%2Fwp%2Fv2%2Fvideo&post=6036"},{"taxonomy":"audio","embeddable":true,"href":"https:\/\/www.creusonslabible.fr\/index.php?rest_route=%2Fwp%2Fv2%2Faudio&post=6036"},{"taxonomy":"ecrit","embeddable":true,"href":"https:\/\/www.creusonslabible.fr\/index.php?rest_route=%2Fwp%2Fv2%2Fecrit&post=6036"},{"taxonomy":"mis-en-avant","embeddable":true,"href":"https:\/\/www.creusonslabible.fr\/index.php?rest_route=%2Fwp%2Fv2%2Fmis-en-avant&post=6036"},{"taxonomy":"redacteur","embeddable":true,"href":"https:\/\/www.creusonslabible.fr\/index.php?rest_route=%2Fwp%2Fv2%2Fredacteur&post=6036"},{"taxonomy":"type-darticle","embeddable":true,"href":"https:\/\/www.creusonslabible.fr\/index.php?rest_route=%2Fwp%2Fv2%2Ftype-darticle&post=6036"}],"curies":[{"name":"wp","href":"https:\/\/api.w.org\/{rel}","templated":true}]}}