{"id":6038,"date":"2018-04-10T01:10:54","date_gmt":"2018-04-09T23:10:54","guid":{"rendered":"http:\/\/www.creusonslabible.fr\/?p=6038"},"modified":"2025-01-23T13:24:55","modified_gmt":"2025-01-23T11:24:55","slug":"luc-9-23-36-disciples","status":"publish","type":"post","link":"https:\/\/www.creusonslabible.fr\/?p=6038","title":{"rendered":"Luc 9.23-36 : Disciples"},"content":{"rendered":"<p><strong>Question d\u2019accroche\u00a0:<\/strong> Qu\u2019est-ce qu\u2019un engagement\u00a0? Peut-il avoir des limites\u00a0?<\/p>\n<p><i>Lecture du texte\u00a0 (r\u00e9ponse en italique dans le document)<\/i><\/p>\n<p><strong>Observation &amp; Interpr\u00e9tation\u00a0:<\/strong><\/p>\n<ul>\n<li>Retour en arri\u00e8re\u00a0: Apr\u00e8s la multiplication de la nourriture, quels \u00e9v\u00e9nements ou sujets de discussion surgissent\u00a0? A qui s\u2019adresse J\u00e9sus\u00a0?<\/li>\n<li>Combien y a-t-il des parties dans ce passage\u00a0? donner un titre \u00e0 chacune d\u2019entre elles<\/li>\n<\/ul>\n<p><strong>v.23-26\u00a0:<\/strong><\/p>\n<ul>\n<li>Expressions \u00e0 d\u00e9finir\u00a0:<\/li>\n<\/ul>\n<p style=\"padding-left: 90px;\">&#8211; Quelle est la signification de \u00ab\u00a0Se charger de sa croix\u00a0\u00bb pour un juif \u00e0 l\u2019\u00e9poque, pour nous ?<\/p>\n<p style=\"padding-left: 90px;\">&#8211; M\u00eame question pour \u00ab\u00a0le Royaume de Dieu\u00a0\u00bb <em>(\u0153uvre de Dieu commenc\u00e9e par J\u00e9sus et achev\u00e9e sur la nouvelle terre)<\/em><\/p>\n<ul>\n<li>Quelles conditions J\u00e9sus demande-t-il pour \u00eatre un de ses disciples\u00a0? (v.23)<\/li>\n<li>Que\u00a0 doit-il \u00eatre pr\u00eat \u00e0 faire\u00a0? Pourquoi est-ce si important\u00a0? (v.24-25)<\/li>\n<li>Quelle cons\u00e9quence a le choix (<i>contraire<\/i>) de pr\u00e9f\u00e9rer de vivre\u00a0?<\/li>\n<li>Pourquoi les disciples auraient-ils honte de J\u00e9sus\u00a0? Que repr\u00e9sente l\u2019annonce de sa mort (du Messie) pour les juifs\u00a0?<\/li>\n<\/ul>\n<p><strong>v.27-36\u00a0:<\/strong><\/p>\n<ul>\n<li>Que promet J\u00e9sus au verset 27\u00a0? Comment les disciples pouvaient-ils imaginer cela ?<\/li>\n<li>Que se passe-t-il sur cette montagne (d\u00e9crire tout la sc\u00e8ne)\u00a0?<\/li>\n<li>Quels personnages apparaissent\u00a0? Et qui sont-ils pour les juifs\u00a0? <em>(Elie le plus grand des proph\u00e8tes et Mo\u00efse premier proph\u00e8te qui re\u00e7ut la Loi)<\/em><\/li>\n<li>De quoi parlent-ils avec J\u00e9sus\u00a0? <em>(dans le grec, ils parlent de son \u00ab\u00a0Exode\u00a0\u00bb)<\/em><\/li>\n<li>Qu\u2019est-ce que cette apparition est cens\u00e9e produire chez les trois disciples ?<\/li>\n<li>Quel \u00e9v\u00e9nement s\u2019ajoute \u00e0 la fin\u00a0? (v.34-36) Et qu\u2019apporte-t-il aux disciples\u00a0?<\/li>\n<\/ul>\n<ul>\n<li>Est-ce que la promesse du verset 27 s\u2019est r\u00e9alis\u00e9e\u00a0? Comment\u00a0?<\/li>\n<\/ul>\n<p style=\"padding-left: 60px;\"><em>&#8211; 8 jours plus tard avec la transfiguration pour Pierre, Jacques et Jean<\/em><\/p>\n<p style=\"padding-left: 60px;\"><em>&#8211; A la r\u00e9surrection et ascension (discussion avec Mo\u00efse et Elie)<\/em><\/p>\n<p style=\"padding-left: 60px;\"><em>&#8211; Avec la pentec\u00f4te et la naissance de l\u2019\u00e9glise primitive<\/em><\/p>\n<p><strong>Application\u00a0:<\/strong><\/p>\n<ul>\n<li>Quelle a \u00e9t\u00e9 la r\u00e9action des disciples \u00e0 chacun des \u00e9v\u00e9nements\u00a0? Quelle le\u00e7on peut-on en retenir\u00a0?<\/li>\n<li>J\u00e9sus a appel\u00e9 \u00e0 un engagement entier pour lui. Quel engagement avons-nous pris r\u00e9ellement\u00a0? Quel engagement devons-nous encore prendre ?<\/li>\n<li>Pourquoi J\u00e9sus insiste sur le Royaume de Dieu\u00a0? Quelle est notre lien avec le royaume de Dieu et que peut-on faire pour son avancement\u00a0?<\/li>\n<\/ul>\n","protected":false},"excerpt":{"rendered":"<p>Question d\u2019accroche\u00a0: Qu\u2019est-ce qu\u2019un engagement\u00a0? Peut-il avoir des limites\u00a0? Lecture du texte\u00a0 (r\u00e9ponse en italique dans le document) Observation &amp; Interpr\u00e9tation\u00a0: Retour en arri\u00e8re\u00a0: Apr\u00e8s la multiplication de la nourriture, quels \u00e9v\u00e9nements ou sujets de discussion surgissent\u00a0? A qui s\u2019adresse J\u00e9sus\u00a0? Combien y a-t-il des parties dans ce passage\u00a0? donner un titre \u00e0 chacune d\u2019entre [&hellip;]<\/p>\n","protected":false},"author":3,"featured_media":6043,"comment_status":"open","ping_status":"closed","sticky":false,"template":"","format":"standard","meta":{"_acf_changed":false,"_eb_attr":"","advgb_blocks_editor_width":"","advgb_blocks_columns_visual_guide":"","footnotes":""},"categories":[10],"tags":[351,651],"video":[],"audio":[],"ecrit":[],"mis-en-avant":[],"redacteur":[],"type-darticle":[],"class_list":["post-6038","post","type-post","status-publish","format-standard","has-post-thumbnail","hentry","category-discussions-autour-de-la-bible","tag-disciple","tag-ecrit"],"blocksy_meta":[],"acf":[],"featured_image_src":"https:\/\/www.creusonslabible.fr\/wp-content\/uploads\/2018\/04\/follow-1277026_640-1.png","author_info":{"display_name":"Yoh","author_link":"https:\/\/www.creusonslabible.fr\/?author=3"},"author_meta":{"display_name":"Yoh","author_link":"https:\/\/www.creusonslabible.fr\/?author=3"},"featured_img":"https:\/\/www.creusonslabible.fr\/wp-content\/uploads\/2018\/04\/follow-1277026_640-1-300x233.png","coauthors":[],"tax_additional":{"categories":{"linked":["<a href=\"https:\/\/www.creusonslabible.fr\/?cat=10\" class=\"advgb-post-tax-term\">Discussions autour de la Bible<\/a>"],"unlinked":["<span class=\"advgb-post-tax-term\">Discussions autour de la Bible<\/span>"]},"tags":{"linked":["<a href=\"https:\/\/www.creusonslabible.fr\/?cat=10\" class=\"advgb-post-tax-term\">disciple<\/a>","<a href=\"https:\/\/www.creusonslabible.fr\/?cat=10\" class=\"advgb-post-tax-term\">\u00e9crit<\/a>"],"unlinked":["<span class=\"advgb-post-tax-term\">disciple<\/span>","<span class=\"advgb-post-tax-term\">\u00e9crit<\/span>"]}},"comment_count":"0","relative_dates":{"created":"Publi\u00e9 8 ans il y a","modified":"Mis \u00e0 jour 1 an il y a"},"absolute_dates":{"created":"Publi\u00e9 le 10 avril 2018","modified":"Mise \u00e0 jour le 23 janvier 2025"},"absolute_dates_time":{"created":"Publi\u00e9 le 10 avril 2018 1h10","modified":"Mise \u00e0 jour le 23 janvier 2025 13h24"},"featured_img_caption":"","series_order":"","meta_box":[],"_links":{"self":[{"href":"https:\/\/www.creusonslabible.fr\/index.php?rest_route=\/wp\/v2\/posts\/6038","targetHints":{"allow":["GET"]}}],"collection":[{"href":"https:\/\/www.creusonslabible.fr\/index.php?rest_route=\/wp\/v2\/posts"}],"about":[{"href":"https:\/\/www.creusonslabible.fr\/index.php?rest_route=\/wp\/v2\/types\/post"}],"author":[{"embeddable":true,"href":"https:\/\/www.creusonslabible.fr\/index.php?rest_route=\/wp\/v2\/users\/3"}],"replies":[{"embeddable":true,"href":"https:\/\/www.creusonslabible.fr\/index.php?rest_route=%2Fwp%2Fv2%2Fcomments&post=6038"}],"version-history":[{"count":1,"href":"https:\/\/www.creusonslabible.fr\/index.php?rest_route=\/wp\/v2\/posts\/6038\/revisions"}],"predecessor-version":[{"id":10473,"href":"https:\/\/www.creusonslabible.fr\/index.php?rest_route=\/wp\/v2\/posts\/6038\/revisions\/10473"}],"wp:featuredmedia":[{"embeddable":true,"href":"https:\/\/www.creusonslabible.fr\/index.php?rest_route=\/wp\/v2\/media\/6043"}],"wp:attachment":[{"href":"https:\/\/www.creusonslabible.fr\/index.php?rest_route=%2Fwp%2Fv2%2Fmedia&parent=6038"}],"wp:term":[{"taxonomy":"category","embeddable":true,"href":"https:\/\/www.creusonslabible.fr\/index.php?rest_route=%2Fwp%2Fv2%2Fcategories&post=6038"},{"taxonomy":"post_tag","embeddable":true,"href":"https:\/\/www.creusonslabible.fr\/index.php?rest_route=%2Fwp%2Fv2%2Ftags&post=6038"},{"taxonomy":"video","embeddable":true,"href":"https:\/\/www.creusonslabible.fr\/index.php?rest_route=%2Fwp%2Fv2%2Fvideo&post=6038"},{"taxonomy":"audio","embeddable":true,"href":"https:\/\/www.creusonslabible.fr\/index.php?rest_route=%2Fwp%2Fv2%2Faudio&post=6038"},{"taxonomy":"ecrit","embeddable":true,"href":"https:\/\/www.creusonslabible.fr\/index.php?rest_route=%2Fwp%2Fv2%2Fecrit&post=6038"},{"taxonomy":"mis-en-avant","embeddable":true,"href":"https:\/\/www.creusonslabible.fr\/index.php?rest_route=%2Fwp%2Fv2%2Fmis-en-avant&post=6038"},{"taxonomy":"redacteur","embeddable":true,"href":"https:\/\/www.creusonslabible.fr\/index.php?rest_route=%2Fwp%2Fv2%2Fredacteur&post=6038"},{"taxonomy":"type-darticle","embeddable":true,"href":"https:\/\/www.creusonslabible.fr\/index.php?rest_route=%2Fwp%2Fv2%2Ftype-darticle&post=6038"}],"curies":[{"name":"wp","href":"https:\/\/api.w.org\/{rel}","templated":true}]}}