{"id":6054,"date":"2018-04-12T16:03:41","date_gmt":"2018-04-12T14:03:41","guid":{"rendered":"http:\/\/www.creusonslabible.fr\/?p=6054"},"modified":"2025-01-23T13:24:55","modified_gmt":"2025-01-23T11:24:55","slug":"luc-9-18-27-le-sauveur-et-ceux-qui-le-suivent","status":"publish","type":"post","link":"https:\/\/www.creusonslabible.fr\/?p=6054","title":{"rendered":"Luc 9.18-27 : Le sauveur et ceux qui le suivent: qui sont-ils ?"},"content":{"rendered":"<figure class=\"wp-block-post-featured-image\"><img loading=\"lazy\" decoding=\"async\" width=\"2560\" height=\"1829\" src=\"https:\/\/www.creusonslabible.fr\/wp-content\/uploads\/2018\/04\/sauver-la-face.jpeg\" class=\"attachment-post-thumbnail size-post-thumbnail wp-post-image\" alt=\"\" style=\"object-fit:cover;\" srcset=\"https:\/\/www.creusonslabible.fr\/wp-content\/uploads\/2018\/04\/sauver-la-face.jpeg 2560w, https:\/\/www.creusonslabible.fr\/wp-content\/uploads\/2018\/04\/sauver-la-face-300x214.jpeg 300w, https:\/\/www.creusonslabible.fr\/wp-content\/uploads\/2018\/04\/sauver-la-face-1024x732.jpeg 1024w, https:\/\/www.creusonslabible.fr\/wp-content\/uploads\/2018\/04\/sauver-la-face-768x549.jpeg 768w, https:\/\/www.creusonslabible.fr\/wp-content\/uploads\/2018\/04\/sauver-la-face-1536x1097.jpeg 1536w, https:\/\/www.creusonslabible.fr\/wp-content\/uploads\/2018\/04\/sauver-la-face-2048x1463.jpeg 2048w\" sizes=\"auto, (max-width: 2560px) 100vw, 2560px\" \/><\/figure>\n\n<p><strong>Accroche&nbsp;: Faites la description de votre dirigeant, politicien, id\u00e9al. Qui devrait-il \u00eatre, que devrait-il faire&nbsp;? \u2026 <\/strong><\/p>\n<p><strong>&nbsp;<\/strong><\/p>\n<p><strong>Pr\u00e9c\u00e9demment dans Luc&#8230;<\/strong> Le chapitre 9 est le tournant du minist\u00e8re de J\u00e9sus dans Luc, c\u2019est \u00e0 partir de ce chapitre que J\u00e9sus entame son chemin vers J\u00e9rusalem, et donc il commence \u00e0 annoncer qu\u2019il va mourir. Il a compl\u00e9t\u00e9 la formation de ses disciples en les envoyant avant notre passage en mission, et H\u00e9rode commence \u00e0 se demander qui est ce J\u00e9sus.<\/p>\n<p><strong>&nbsp;<\/strong><\/p>\n<p><strong>Vocabulaire&nbsp;: chercher les d\u00e9finitions des mots suivant pour pouvoir en discuter avec le groupe.<br \/>\n<\/strong><\/p>\n<p>Proph\u00e8tes&nbsp;:<\/p>\n<p>Les pr\u00eatres&nbsp;:<\/p>\n<p>Les sp\u00e9cialistes de la loi&nbsp;:<\/p>\n<p>Jean Baptiste&nbsp;:<\/p>\n<p>Elie&nbsp;:<\/p>\n<p>Le r\u00e8gne de Dieu&nbsp;:<\/p>\n<h1>Questions d\u2019observation&nbsp;: Reportage sur le terrain<\/h1>\n<p><strong>Lire le texte \u00e0 haute voix une fois et demander au groupe de bien faire attention \u00e0 chaque d\u00e9tail. D\u00eetes ensuite \u00e0 chacun de se mettre \u00e0 la place des disciples, laissez leur le choix du disciple qu&rsquo;il veulent incarner. Puis laisser relire le texte dans leurs t\u00eates. <\/strong><\/p>\n<p><strong>Poser&nbsp; ensuite ces questions au groupe&nbsp;:<\/strong><\/p>\n<ul>\n<li><strong>Qu\u2019aviez-vous fait avant ces \u00e9v\u00e8nements&nbsp;? Dans quel \u00e9tat \u00e9tiez-vous&nbsp;?<\/strong><\/li>\n<li><strong>Comment avez-vous r\u00e9agis lorsque J\u00e9sus a voulu vous demander qui il est&nbsp;? Que pensez-vous de ce que les gens pensent de J\u00e9sus&nbsp;?<\/strong><\/li>\n<li><strong>Lorsque Pierre a dit que J\u00e9sus est le Messie&nbsp;quelle \u00e9tait votre r\u00e9action&nbsp;?<\/strong><\/li>\n<li><strong>Qu\u2019avez-vous pens\u00e9 en entendant J\u00e9sus parler de porter sa croix&nbsp;? <\/strong><\/li>\n<\/ul>\n<p><strong>&nbsp;<\/strong><\/p>\n<h1>C\u0153ur du Passage<\/h1>\n<p><strong>V18-20 J\u00e9sus le messie, le sauveur attendu<\/strong><\/p>\n<ul>\n<li><strong>Selon vous pourquoi prend-on J\u00e9sus pour Jean-Baptiste, Elie ou un proph\u00e8te&nbsp;?<\/strong> C\u2019est peut-\u00eatre parce que tout comme eux J\u00e9sus parle de la part de Dieu et appelle \u00e0 la repentance et le retour vers Dieu.<\/li>\n<li><strong>En quoi l\u2019attente du Messie est importante pour les Juif&nbsp;? Voir Mich\u00e9e 5.1-4 <\/strong>Ils attendent un roi qui va les lib\u00e9rer de l\u2019oppression, c\u2019est un sauveur qu\u2019ils attendent, qui a la force de Dieu et toutes les nations le reconna\u00eetront.<\/li>\n<li><strong>Pourquoi faire ce pont entre le Messie et le fils de l\u2019homme&nbsp;? Qu\u2019ont-ils en commun&nbsp;? Daniel 7.13-14 <\/strong>ils sont tous les deux Roi et dominent les Nations ou la terre, cette domination a \u00e9t\u00e9 donn\u00e9 aux deux par Dieu (le vieillard d\u2019un c\u00f4t\u00e9, l\u2019\u00c9ternel de l\u2019autre), c\u2019est donc facile pour les Juifs de l\u2019\u00e9poque de penser que le Messie et le Fils de L\u2019homme sont la m\u00eame personne.<\/li>\n<\/ul>\n<p><strong>V21-22 Le sauveur doit souffrir<\/strong><\/p>\n<ul>\n<li><strong>En quoi l\u2019annonce de J\u00e9sus sur le Messie, le Fils de l\u2019homme est surprenante&nbsp;? <\/strong>Ils ne pensaient pas logiquement que leur Messie allait mourir&nbsp;! Ils voulaient un lib\u00e9rateur terrestre qui n\u2019allait pas \u00e9chouer.<\/li>\n<li><strong>Est-ce que c\u2019est cela que vous attendez d\u2019un sauveur&nbsp;? <\/strong>Oui nous aussi nous voulons souvent quelqu\u2019un qui va triompher visuellement, pas quelqu\u2019un qui va s\u2019humilier et prendre la pire condition. Nous voulons \u00eatre dans une bonne situation.<\/li>\n<\/ul>\n<p><strong>V23-27 Si vous voulez le suivre il faudra renoncer \u00e0 vous <\/strong><\/p>\n<ul>\n<li><strong>Regardez la recommandation de J\u00e9sus&nbsp;: Renoncer \u00e0 soi n\u2019est-ce pas, ne pas avoir de vie&nbsp;? J\u00e9sus ne veut pas qu\u2019ils fassent attention \u00e0 eux-m\u00eames est-ce bien s\u00e9rieux&nbsp;? (faites l&rsquo;avocat du diable) <\/strong>discutez-en.<\/li>\n<li><strong>Pour mieux comprendre Qu\u2019est-ce que J\u00e9sus demande lorsqu\u2019il demande de renoncer \u00e0 soi-m\u00eame&nbsp;? <\/strong>Se charger de sa croix qui connote une humiliation certaine car la croix du temps de J\u00e9sus n\u2019\u00e9tait r\u00e9serv\u00e9 qu\u2019aux esclaves. C\u2019est un effet d\u2019exag\u00e9ration pour bien comprendre le \u00ab&nbsp;renonce \u00e0 lui-m\u00eame&nbsp;\u00bb. Perdre sa vie. <strong>Quelle r\u00e9compense cela nous apportera&nbsp;? <\/strong><\/li>\n<li><strong>Selon le texte que veut dire sauver sa vie&nbsp;? Quel rapport avec la honte&nbsp;? <\/strong>un synonyme de la honte&nbsp;: \u00ab&nbsp;Garder la face&nbsp;\u00bb c\u2019est une mani\u00e8re de sauver la face devant ceux qui peuvent les pers\u00e9cuter \u00e0 cause du fait qu\u2019ils soient chr\u00e9tiens. Une autre comparaison utilis\u00e9e&nbsp;: poss\u00e9der le monde entier. Peut-\u00eatre que cela concerne une attitude qui cherche se sauver \u00e0 tout prix avant le reste, avant m\u00eame J\u00e9sus.<\/li>\n<\/ul>\n<h1>Questions d\u2019Appropriation<\/h1>\n<ul>\n<li><strong>A quoi correspond de nos jours l\u2019expression \u00ab&nbsp;Sauver sa vie&nbsp;\u00bb&nbsp;? et dans ton contexte au lyc\u00e9e peut-on rencontrer des situations o\u00f9 l\u2019on veut \u00ab&nbsp;sauver sa vie&nbsp;\u00bb&nbsp;?<\/strong> Les gens cherchent aujourd\u2019hui de plus en plus l\u2019individualisme, \u00e0 se sauver eux m\u00eame. Autres exemples\u2026 au lyc\u00e9e, garder la face porter des masques pour ne pas montrer qui on est etc\u2026<\/li>\n<li><strong>Comment puis-je concr\u00e8tement renoncer \u00e0 \u00eatre en premier dans mes pr\u00e9occupations&nbsp;? <\/strong><\/li>\n<li><strong>Et pour vous qui est J\u00e9sus&nbsp;? Quelqu\u2019un qui remet en causes des syst\u00e8mes, un proph\u00e8te ou le sauveur envoy\u00e9 par Dieu&nbsp;?<\/strong><\/li>\n<\/ul>\n<p>&nbsp;<\/p>","protected":false},"excerpt":{"rendered":"<p>Accroche&nbsp;: Faites la description de votre dirigeant, politicien, id\u00e9al. Qui devrait-il \u00eatre, que devrait-il faire&nbsp;? \u2026 &nbsp; Pr\u00e9c\u00e9demment dans Luc&#8230; Le chapitre 9 est le tournant du minist\u00e8re de J\u00e9sus dans Luc, c\u2019est \u00e0 partir de ce chapitre que J\u00e9sus entame son chemin vers J\u00e9rusalem, et donc il commence \u00e0 annoncer qu\u2019il va mourir. Il [&hellip;]<\/p>\n","protected":false},"author":6,"featured_media":9869,"comment_status":"open","ping_status":"closed","sticky":false,"template":"","format":"standard","meta":{"_acf_changed":false,"_eb_attr":"","advgb_blocks_editor_width":"","advgb_blocks_columns_visual_guide":"","footnotes":""},"categories":[105],"tags":[651,22],"video":[],"audio":[],"ecrit":[],"mis-en-avant":[],"redacteur":[],"type-darticle":[],"class_list":["post-6054","post","type-post","status-publish","format-standard","has-post-thumbnail","hentry","category-speciales-groupes-bibliques-lyceens","tag-ecrit","tag-luc"],"blocksy_meta":[],"acf":[],"featured_image_src":"https:\/\/www.creusonslabible.fr\/wp-content\/uploads\/2018\/04\/sauver-la-face.jpeg","author_info":{"display_name":"Laetitia","author_link":"https:\/\/www.creusonslabible.fr\/?author=6"},"author_meta":{"display_name":"Laetitia","author_link":"https:\/\/www.creusonslabible.fr\/?author=6"},"featured_img":"https:\/\/www.creusonslabible.fr\/wp-content\/uploads\/2018\/04\/sauver-la-face-300x214.jpeg","coauthors":[],"tax_additional":{"categories":{"linked":["<a href=\"https:\/\/www.creusonslabible.fr\/?cat=105\" class=\"advgb-post-tax-term\">Sp\u00e9ciales Groupes Bibliques Lyc\u00e9ens<\/a>"],"unlinked":["<span class=\"advgb-post-tax-term\">Sp\u00e9ciales Groupes Bibliques Lyc\u00e9ens<\/span>"]},"tags":{"linked":["<a href=\"https:\/\/www.creusonslabible.fr\/?cat=105\" class=\"advgb-post-tax-term\">\u00e9crit<\/a>","<a href=\"https:\/\/www.creusonslabible.fr\/?cat=105\" class=\"advgb-post-tax-term\">Luc<\/a>"],"unlinked":["<span class=\"advgb-post-tax-term\">\u00e9crit<\/span>","<span class=\"advgb-post-tax-term\">Luc<\/span>"]}},"comment_count":"0","relative_dates":{"created":"Publi\u00e9 8 ans il y a","modified":"Mis \u00e0 jour 1 an il y a"},"absolute_dates":{"created":"Publi\u00e9 le 12 avril 2018","modified":"Mise \u00e0 jour le 23 janvier 2025"},"absolute_dates_time":{"created":"Publi\u00e9 le 12 avril 2018 16h03","modified":"Mise \u00e0 jour le 23 janvier 2025 13h24"},"featured_img_caption":"","series_order":"","meta_box":[],"_links":{"self":[{"href":"https:\/\/www.creusonslabible.fr\/index.php?rest_route=\/wp\/v2\/posts\/6054","targetHints":{"allow":["GET"]}}],"collection":[{"href":"https:\/\/www.creusonslabible.fr\/index.php?rest_route=\/wp\/v2\/posts"}],"about":[{"href":"https:\/\/www.creusonslabible.fr\/index.php?rest_route=\/wp\/v2\/types\/post"}],"author":[{"embeddable":true,"href":"https:\/\/www.creusonslabible.fr\/index.php?rest_route=\/wp\/v2\/users\/6"}],"replies":[{"embeddable":true,"href":"https:\/\/www.creusonslabible.fr\/index.php?rest_route=%2Fwp%2Fv2%2Fcomments&post=6054"}],"version-history":[{"count":2,"href":"https:\/\/www.creusonslabible.fr\/index.php?rest_route=\/wp\/v2\/posts\/6054\/revisions"}],"predecessor-version":[{"id":9871,"href":"https:\/\/www.creusonslabible.fr\/index.php?rest_route=\/wp\/v2\/posts\/6054\/revisions\/9871"}],"wp:featuredmedia":[{"embeddable":true,"href":"https:\/\/www.creusonslabible.fr\/index.php?rest_route=\/wp\/v2\/media\/9869"}],"wp:attachment":[{"href":"https:\/\/www.creusonslabible.fr\/index.php?rest_route=%2Fwp%2Fv2%2Fmedia&parent=6054"}],"wp:term":[{"taxonomy":"category","embeddable":true,"href":"https:\/\/www.creusonslabible.fr\/index.php?rest_route=%2Fwp%2Fv2%2Fcategories&post=6054"},{"taxonomy":"post_tag","embeddable":true,"href":"https:\/\/www.creusonslabible.fr\/index.php?rest_route=%2Fwp%2Fv2%2Ftags&post=6054"},{"taxonomy":"video","embeddable":true,"href":"https:\/\/www.creusonslabible.fr\/index.php?rest_route=%2Fwp%2Fv2%2Fvideo&post=6054"},{"taxonomy":"audio","embeddable":true,"href":"https:\/\/www.creusonslabible.fr\/index.php?rest_route=%2Fwp%2Fv2%2Faudio&post=6054"},{"taxonomy":"ecrit","embeddable":true,"href":"https:\/\/www.creusonslabible.fr\/index.php?rest_route=%2Fwp%2Fv2%2Fecrit&post=6054"},{"taxonomy":"mis-en-avant","embeddable":true,"href":"https:\/\/www.creusonslabible.fr\/index.php?rest_route=%2Fwp%2Fv2%2Fmis-en-avant&post=6054"},{"taxonomy":"redacteur","embeddable":true,"href":"https:\/\/www.creusonslabible.fr\/index.php?rest_route=%2Fwp%2Fv2%2Fredacteur&post=6054"},{"taxonomy":"type-darticle","embeddable":true,"href":"https:\/\/www.creusonslabible.fr\/index.php?rest_route=%2Fwp%2Fv2%2Ftype-darticle&post=6054"}],"curies":[{"name":"wp","href":"https:\/\/api.w.org\/{rel}","templated":true}]}}