{"id":6140,"date":"2018-05-17T18:38:13","date_gmt":"2018-05-17T16:38:13","guid":{"rendered":"http:\/\/www.creusonslabible.fr\/?p=6140"},"modified":"2025-01-23T13:27:02","modified_gmt":"2025-01-23T11:27:02","slug":"la-conversion","status":"publish","type":"post","link":"https:\/\/www.creusonslabible.fr\/?p=6140","title":{"rendered":"La conversion et les paraboles de la fin des temps"},"content":{"rendered":"<h2>Les protestants \u00e9vang\u00e9liques s&rsquo;inscrivent dans \u00ab&nbsp;un christianisme de conversion&nbsp;\u00bb pour reprendre l&rsquo;expression du sociologue-historien S\u00e9bastien Fath. On ne na\u00eet pas chr\u00e9tien on le devient, il faut na\u00eetre de nouveau, d&rsquo;en Haut, de l&rsquo;Esprit pour devenir enfant de Dieu.<\/h2>\n<p>Qu&rsquo;on vienne d&rsquo;un milieu authentiquement pa\u00efen ou bien d\u00e9j\u00e0 croyant, qu&rsquo;il soit flash ou bien progressif, il y a un avant et un apr\u00e8s cet instant o\u00f9 l&rsquo;on prend la d\u00e9cision d&rsquo;appartenir au Seigneur J\u00e9sus. Mais au-del\u00e0 d&rsquo;une nouvelle orientation de c\u0153ur (par d\u00e9finition int\u00e9rieure) et d&rsquo;une confession de foi (qui ne donne aucune garantie de faisabilit\u00e9 et de durabilit\u00e9), quel est le crit\u00e8re principal qui marque la conversion \u00e0 J\u00e9sus, le passage \u00ab&nbsp;des t\u00e9n\u00e8bres \u00e0 son admirable lumi\u00e8re\u00bb (1 Pierre 2.9) ?<\/p>\n<h3><\/h3>\n<h3>C&rsquo;est \u00e0 la fin qu&rsquo;on comprend qu&rsquo;il y a eu un d\u00e9but<\/h3>\n<p>J\u00e9sus donne une r\u00e9ponse tr\u00e8s claire \u00e0 la fin de l&rsquo;\u00e9vangile de Matthieu (24.36-25.46) avec 5 paraboles sur la fin des temps qui mettent en sc\u00e8ne 2 types de personnes au sein d&rsquo;un m\u00eame groupe. Voici un tableau qui vous permettra peut-\u00eatre de deviner ce crit\u00e8re&nbsp;:<\/p>\n<p><a href=\"https:\/\/www.creusonslabible.fr\/wp-content\/uploads\/2018\/03\/David-Saul.001-3.jpeg\"><br \/>\n<\/a> <a href=\"https:\/\/www.creusonslabible.fr\/wp-content\/uploads\/2018\/05\/Tableau-paraboles-de-la-fin.001-1.jpeg\"><img loading=\"lazy\" decoding=\"async\" class=\"aligncenter size-full wp-image-6141\" src=\"https:\/\/www.creusonslabible.fr\/wp-content\/uploads\/2018\/05\/Tableau-paraboles-de-la-fin.001-1.jpeg\" alt=\"\" width=\"1024\" height=\"768\" srcset=\"https:\/\/www.creusonslabible.fr\/wp-content\/uploads\/2018\/05\/Tableau-paraboles-de-la-fin.001-1.jpeg 1024w, https:\/\/www.creusonslabible.fr\/wp-content\/uploads\/2018\/05\/Tableau-paraboles-de-la-fin.001-1-300x225.jpeg 300w, https:\/\/www.creusonslabible.fr\/wp-content\/uploads\/2018\/05\/Tableau-paraboles-de-la-fin.001-1-768x576.jpeg 768w\" sizes=\"auto, (max-width: 1024px) 100vw, 1024px\" \/><\/a><\/p>\n<p>&nbsp;<\/p>\n<p>D&rsquo;apr\u00e8s ces enseignements, quelqu&rsquo;un qui est r\u00e9ellement converti au Roi J\u00e9sus est un esclave qui se tient pr\u00eat, qui reste fid\u00e8le alors que le Ma\u00eetre tarde \u00e0 venir. Comment est-il fid\u00e8le&nbsp;? Simplement en ob\u00e9issant, en accomplissant les t\u00e2ches qui lui ont \u00e9t\u00e9 assign\u00e9es. Ce qui est d\u00e9rangeant avec ces paraboles c&rsquo;est que finalement&#8230; on est sauv\u00e9 par les oeuvres ! Attention, c\u2019est bien s\u00fbr par la foi en J\u00e9sus qu\u2019on est sauv\u00e9 mais s\u2019il n\u2019y a pas de fruits derri\u00e8re la confession de foi, \u00e7a veut dire qu\u2019il n\u2019y a pas de foi du tout (Jacques rappellera cette v\u00e9rit\u00e9 15 ans plus tard). Quand on croit en J\u00e9sus, on se pr\u00e9occupe premi\u00e8rement de son Royaume, on fait tout pour que son r\u00e8gne vienne. La caract\u00e9ristique des m\u00e9chant(e)s des paraboles c\u2019est que, malgr\u00e9 le fait qu&rsquo;ils font partie du groupe des serviteurs, ils n\u00e9gligent des affaires de leur ma\u00eetre ! D&rsquo;ailleurs au chapitre pr\u00e9c\u00e9dent, J\u00e9sus prononce un r\u00e9quisitoire tr\u00e8s s\u00e9v\u00e8re contre les chefs religieux. Leur crime&nbsp;? L&rsquo;hypocrisie car ils font mine de servir Dieu alors qu&rsquo;ils se servent eux-m\u00eames.<\/p>\n<h3>Quelles sont les attentes du Ma\u00eetre&nbsp;?<\/h3>\n<p>Dans l&rsquo;\u00e9vangile de Matthieu, J\u00e9sus d\u00e9sire quelque chose de tr\u00e8s naturel&nbsp;: que ses disciples l&rsquo;imitent. Et \u00e0 quoi passait-il ses journ\u00e9es&nbsp;? \u00ab&nbsp;Il proclamait la Bonne Nouvelle du r\u00e8gne de Dieu et gu\u00e9rissait toute maladie et toute infirmit\u00e9&nbsp;\u00bb (Mt 4.23, 9.35). Il est donc normal de le voir transformer quatre marins en p\u00eacheurs d&rsquo;hommes (Mt 4.9), donner aux 12 le pouvoir d&rsquo;annoncer que le Royaume de Cieux est proche ainsi que gu\u00e9rir des malades (Mt 10.6-8) et enfin de les envoyer faire de toutes les nations des disciples (Mt 28.19). Alors, logiquement, le livre des Actes nous d\u00e9crit des ap\u00f4tres qui veulent consacrer tout leur temps \u00e0 proclamer, enseigner et gu\u00e9rir. Ils nomment m\u00eame des diacres pour les remplacer \u00e0 des t\u00e2ches moins prioritaires. La logique est toujours la m\u00eame&nbsp;: il faut faire avancer le Royaume de Dieu en contribuant \u00e0 ce qu&rsquo;un maximum d&rsquo;humains se tournent vers J\u00e9sus et soient de plus en plus transform\u00e9s par l&rsquo;Esprit Saint.<\/p>\n<h3>Mise en garde troublante<\/h3>\n<p>Quels que soient les dons, le m\u00e9tier d&rsquo;une personne, celle-ci doit contribuer \u00e0 proclamer J\u00e9sus. Et ces paraboles disent quelque chose d&rsquo;essentiel&nbsp;: on peut se d\u00e9clarer chr\u00e9tien et ne pas faire son travail correctement, c&rsquo;est \u00e0 dire ne pas atteindre le but du service&nbsp;: inciter \u00e0 adorer J\u00e9sus. Attention, faillir ne veut pas dire ne rien faire&nbsp;! On peut \u00eatre tr\u00e8s occup\u00e9 tout en \u00e9tant compl\u00e8tement inefficace\/infid\u00e8le. On peut passer toute une vie chr\u00e9tienne \u00e0 faire du social, des milliers d&rsquo;heures de r\u00e9unions, monter des tonnes de projets, parler \u00e0 des jeunes pour qu&rsquo;ils croient qu&rsquo;\u00eatre chr\u00e9tien c&rsquo;est trop cool&#8230; mais ne pas proclamer l&rsquo;\u00c9vangile \u00e0 tous ceux qui en ont besoin. Cela interroge donc la finalit\u00e9 de nos actions&nbsp;: donnons-nous le maximum de notre temps, de notre \u00e9nergie et de notre argent \u00e0 faire conna\u00eetre J\u00e9sus&nbsp;? Si la r\u00e9ponse est \u00ab&nbsp;non&nbsp;\u00bb, il y a un gros probl\u00e8me car nous avons \u00e9t\u00e9 sauv\u00e9s pour \u00e7a&nbsp;! Que dit J\u00e9sus aux serviteurs qui ont proph\u00e9tis\u00e9, chass\u00e9 des d\u00e9mons, accompli des miracles mais&#8230; qui ne lui servent \u00e0 rien&nbsp;? \u00ab&nbsp;Je ne vous ai jamais connu&nbsp;!&nbsp;\u00bb (Mt 7.21-23)<\/p>\n<p>Vous \u00eates convertis&nbsp;? Alors prouvez-le en t\u00e9moignant de J\u00e9sus&#8230; afin que d&rsquo;autres se convertissent.<\/p>\n","protected":false},"excerpt":{"rendered":"<p>Les protestants \u00e9vang\u00e9liques s&rsquo;inscrivent dans \u00ab&nbsp;un christianisme de conversion&nbsp;\u00bb pour reprendre l&rsquo;expression du sociologue-historien S\u00e9bastien Fath. On ne na\u00eet pas chr\u00e9tien on le devient, il faut na\u00eetre de nouveau, d&rsquo;en Haut, de l&rsquo;Esprit pour devenir enfant de Dieu. Qu&rsquo;on vienne d&rsquo;un milieu authentiquement pa\u00efen ou bien d\u00e9j\u00e0 croyant, qu&rsquo;il soit flash ou bien progressif, il [&hellip;]<\/p>\n","protected":false},"author":3,"featured_media":6143,"comment_status":"open","ping_status":"closed","sticky":false,"template":"","format":"standard","meta":{"_acf_changed":false,"_eb_attr":"","advgb_blocks_editor_width":"","advgb_blocks_columns_visual_guide":"","footnotes":""},"categories":[39],"tags":[370,651,408,371,23,372,112],"video":[],"audio":[],"ecrit":[],"mis-en-avant":[],"redacteur":[],"type-darticle":[],"class_list":["post-6140","post","type-post","status-publish","format-standard","has-post-thumbnail","hentry","category-la-vie-chretienne","tag-conversion","tag-ecrit","tag-matthieu","tag-matthieu-25","tag-nouveau-testament","tag-paraboles-de-la-fin","tag-temoignage"],"blocksy_meta":[],"acf":[],"featured_image_src":"https:\/\/www.creusonslabible.fr\/wp-content\/uploads\/2018\/05\/cocoon-591554_640-1.jpg","author_info":{"display_name":"Yoh","author_link":"https:\/\/www.creusonslabible.fr\/?author=3"},"author_meta":{"display_name":"Yoh","author_link":"https:\/\/www.creusonslabible.fr\/?author=3"},"featured_img":"https:\/\/www.creusonslabible.fr\/wp-content\/uploads\/2018\/05\/cocoon-591554_640-1-300x181.jpg","coauthors":[],"tax_additional":{"categories":{"linked":["<a href=\"https:\/\/www.creusonslabible.fr\/?cat=39\" class=\"advgb-post-tax-term\">La vie chr\u00e9tienne<\/a>"],"unlinked":["<span class=\"advgb-post-tax-term\">La vie chr\u00e9tienne<\/span>"]},"tags":{"linked":["<a href=\"https:\/\/www.creusonslabible.fr\/?cat=39\" class=\"advgb-post-tax-term\">conversion<\/a>","<a href=\"https:\/\/www.creusonslabible.fr\/?cat=39\" class=\"advgb-post-tax-term\">\u00e9crit<\/a>","<a href=\"https:\/\/www.creusonslabible.fr\/?cat=39\" class=\"advgb-post-tax-term\">Matthieu<\/a>","<a href=\"https:\/\/www.creusonslabible.fr\/?cat=39\" class=\"advgb-post-tax-term\">Matthieu 25<\/a>","<a href=\"https:\/\/www.creusonslabible.fr\/?cat=39\" class=\"advgb-post-tax-term\">Nouveau-Testament<\/a>","<a href=\"https:\/\/www.creusonslabible.fr\/?cat=39\" class=\"advgb-post-tax-term\">Paraboles de la fin<\/a>","<a href=\"https:\/\/www.creusonslabible.fr\/?cat=39\" class=\"advgb-post-tax-term\">t\u00e9moignage<\/a>"],"unlinked":["<span class=\"advgb-post-tax-term\">conversion<\/span>","<span class=\"advgb-post-tax-term\">\u00e9crit<\/span>","<span class=\"advgb-post-tax-term\">Matthieu<\/span>","<span class=\"advgb-post-tax-term\">Matthieu 25<\/span>","<span class=\"advgb-post-tax-term\">Nouveau-Testament<\/span>","<span class=\"advgb-post-tax-term\">Paraboles de la fin<\/span>","<span class=\"advgb-post-tax-term\">t\u00e9moignage<\/span>"]}},"comment_count":"0","relative_dates":{"created":"Publi\u00e9 8 ans il y a","modified":"Mis \u00e0 jour 1 an il y a"},"absolute_dates":{"created":"Publi\u00e9 le 17 mai 2018","modified":"Mise \u00e0 jour le 23 janvier 2025"},"absolute_dates_time":{"created":"Publi\u00e9 le 17 mai 2018 18h38","modified":"Mise \u00e0 jour le 23 janvier 2025 13h27"},"featured_img_caption":"","series_order":"","meta_box":[],"_links":{"self":[{"href":"https:\/\/www.creusonslabible.fr\/index.php?rest_route=\/wp\/v2\/posts\/6140","targetHints":{"allow":["GET"]}}],"collection":[{"href":"https:\/\/www.creusonslabible.fr\/index.php?rest_route=\/wp\/v2\/posts"}],"about":[{"href":"https:\/\/www.creusonslabible.fr\/index.php?rest_route=\/wp\/v2\/types\/post"}],"author":[{"embeddable":true,"href":"https:\/\/www.creusonslabible.fr\/index.php?rest_route=\/wp\/v2\/users\/3"}],"replies":[{"embeddable":true,"href":"https:\/\/www.creusonslabible.fr\/index.php?rest_route=%2Fwp%2Fv2%2Fcomments&post=6140"}],"version-history":[{"count":1,"href":"https:\/\/www.creusonslabible.fr\/index.php?rest_route=\/wp\/v2\/posts\/6140\/revisions"}],"predecessor-version":[{"id":10523,"href":"https:\/\/www.creusonslabible.fr\/index.php?rest_route=\/wp\/v2\/posts\/6140\/revisions\/10523"}],"wp:featuredmedia":[{"embeddable":true,"href":"https:\/\/www.creusonslabible.fr\/index.php?rest_route=\/wp\/v2\/media\/6143"}],"wp:attachment":[{"href":"https:\/\/www.creusonslabible.fr\/index.php?rest_route=%2Fwp%2Fv2%2Fmedia&parent=6140"}],"wp:term":[{"taxonomy":"category","embeddable":true,"href":"https:\/\/www.creusonslabible.fr\/index.php?rest_route=%2Fwp%2Fv2%2Fcategories&post=6140"},{"taxonomy":"post_tag","embeddable":true,"href":"https:\/\/www.creusonslabible.fr\/index.php?rest_route=%2Fwp%2Fv2%2Ftags&post=6140"},{"taxonomy":"video","embeddable":true,"href":"https:\/\/www.creusonslabible.fr\/index.php?rest_route=%2Fwp%2Fv2%2Fvideo&post=6140"},{"taxonomy":"audio","embeddable":true,"href":"https:\/\/www.creusonslabible.fr\/index.php?rest_route=%2Fwp%2Fv2%2Faudio&post=6140"},{"taxonomy":"ecrit","embeddable":true,"href":"https:\/\/www.creusonslabible.fr\/index.php?rest_route=%2Fwp%2Fv2%2Fecrit&post=6140"},{"taxonomy":"mis-en-avant","embeddable":true,"href":"https:\/\/www.creusonslabible.fr\/index.php?rest_route=%2Fwp%2Fv2%2Fmis-en-avant&post=6140"},{"taxonomy":"redacteur","embeddable":true,"href":"https:\/\/www.creusonslabible.fr\/index.php?rest_route=%2Fwp%2Fv2%2Fredacteur&post=6140"},{"taxonomy":"type-darticle","embeddable":true,"href":"https:\/\/www.creusonslabible.fr\/index.php?rest_route=%2Fwp%2Fv2%2Ftype-darticle&post=6140"}],"curies":[{"name":"wp","href":"https:\/\/api.w.org\/{rel}","templated":true}]}}