{"id":6154,"date":"2018-05-22T17:48:22","date_gmt":"2018-05-22T15:48:22","guid":{"rendered":"http:\/\/www.creusonslabible.fr\/?p=6154"},"modified":"2025-01-23T13:24:53","modified_gmt":"2025-01-23T11:24:53","slug":"luc-10-38-42-etre-des-disciples-actifs","status":"publish","type":"post","link":"https:\/\/www.creusonslabible.fr\/?p=6154","title":{"rendered":"Luc 10.38-42 \u2013 Plut\u00f4t acteur ou spectateur ?"},"content":{"rendered":"<figure class=\"wp-block-post-featured-image\"><img loading=\"lazy\" decoding=\"async\" width=\"2560\" height=\"1707\" src=\"https:\/\/www.creusonslabible.fr\/wp-content\/uploads\/2018\/05\/mag-pole-102166-unsplash-1-scaled-1.jpg\" class=\"attachment-post-thumbnail size-post-thumbnail wp-post-image\" alt=\"\" style=\"object-fit:cover;\" srcset=\"https:\/\/www.creusonslabible.fr\/wp-content\/uploads\/2018\/05\/mag-pole-102166-unsplash-1-scaled-1.jpg 2560w, https:\/\/www.creusonslabible.fr\/wp-content\/uploads\/2018\/05\/mag-pole-102166-unsplash-1-scaled-1-300x200.jpg 300w, https:\/\/www.creusonslabible.fr\/wp-content\/uploads\/2018\/05\/mag-pole-102166-unsplash-1-scaled-1-1024x683.jpg 1024w, https:\/\/www.creusonslabible.fr\/wp-content\/uploads\/2018\/05\/mag-pole-102166-unsplash-1-scaled-1-768x512.jpg 768w, https:\/\/www.creusonslabible.fr\/wp-content\/uploads\/2018\/05\/mag-pole-102166-unsplash-1-scaled-1-1536x1024.jpg 1536w, https:\/\/www.creusonslabible.fr\/wp-content\/uploads\/2018\/05\/mag-pole-102166-unsplash-1-scaled-1-2048x1366.jpg 2048w, https:\/\/www.creusonslabible.fr\/wp-content\/uploads\/2018\/05\/mag-pole-102166-unsplash-1-scaled-1-1200x800.jpg 1200w\" sizes=\"auto, (max-width: 2560px) 100vw, 2560px\" \/><\/figure>\n\n<p><strong>Accroche: <\/strong><strong>Pr\u00e9f\u00e9rez-vous \u00eatre actif ou passif&nbsp;dans les domaines du sport, de la musique, de l\u2019amiti\u00e9, des cours, ou des r\u00e9seaux sociaux? Quand est-ce qu\u2019il est mieux d\u2019\u00eatre actif ou passif&nbsp;?<\/strong><\/p>\n<p><strong>Selon vous, est-ce que le christianisme m\u00e8ne les chr\u00e9tiens \u00e0 avoir une vie active ou passive&nbsp;?<\/strong><\/p>\n<p>&nbsp;<\/p>\n<p><strong>Lire versets 38-42<\/strong><\/p>\n<p>&nbsp;<\/p>\n<p><strong>Pr\u00e9c\u00e9demment dans Luc\u2026<\/strong> J\u00e9sus a envoy\u00e9 ses disciples en mission, il a ensuite enseign\u00e9 sur ce que c\u2019est d\u2019\u00eatre le prochain d\u2019un autre. &nbsp;O\u00f9 est-ce que cet \u00e9pisode s\u2019est pass\u00e9&nbsp;?<\/p>\n<h1><\/h1>\n<h1>Questions d\u2019observation: Caricature<\/h1>\n<p>&nbsp;<\/p>\n<p>Demandez aux membres du groupe de repr\u00e9senter sous forme d\u2019une caricature ce qu\u2019il se passe dans cette sc\u00e8ne et entre les personnages.<\/p>\n<p>&nbsp;<\/p>\n<ul>\n<li><strong>\u00c9tant donn\u00e9 que Marthe avait des responsabilit\u00e9s en tant qu\u2019h\u00f4tesse, pensez-vous que ce qu\u2019elle a fait et dit \u00e9tait bon et raisonnable&nbsp;?<\/strong><\/li>\n<\/ul>\n<p><strong>&nbsp;<\/strong><\/p>\n<ul>\n<li><strong>Qu\u2019est-ce que la r\u00e9ponse de J\u00e9sus r\u00e9v\u00e8le par rapport \u00e0&nbsp;:<\/strong><\/li>\n<\/ul>\n<p><strong>&nbsp;&nbsp;&nbsp;&nbsp;&nbsp; &#8211; L\u2019attitude de Marthe<\/strong><\/p>\n<p><strong>&nbsp;&nbsp;&nbsp;&nbsp;&nbsp; &#8211; Le choix de Marie <\/strong><\/p>\n<p><strong>&nbsp;&nbsp;&nbsp;&nbsp;&nbsp; &#8211; La valeur que J\u00e9sus a assign\u00e9e aux femmes<\/strong><\/p>\n<p>&nbsp;<\/p>\n<p>Consid\u00e9rez ceci en sachant que les femmes \u00e0 cette \u00e9poque-l\u00e0, n\u2019\u00e9taient pas consid\u00e9r\u00e9es comme des personnes \u00e0 qui l\u2019on enseigne la Parole.<\/p>\n<p>&nbsp;<\/p>\n<ul>\n<li><strong>J\u00e9sus a racont\u00e9 une parabole dans le texte pr\u00e9c\u00e9dent. La parabole du bon samaritain. Il a termin\u00e9 \u00e0 la fin du verset 37 avec le point central \u00ab&nbsp;Va et agis de la m\u00eame mani\u00e8re, toi aussi&nbsp;\u00bb. Donc, il aimait bien l\u2019activit\u00e9 et le service des autres. Pourtant, dans cet \u00e9pisode, quelle est la seule chose qui soit vraiment n\u00e9cessaire selon lui&nbsp;? Pourquoi est-ce la seule chose n\u00e9cessaire&nbsp;?<br \/>\n<\/strong><\/li>\n<\/ul>\n<p><strong>&nbsp;<\/strong><\/p>\n<ul>\n<li><strong>Pourquoi est-ce que ce que Marie a choisi est la meilleure part&nbsp;? Son activit\u00e9 est moins active que l\u2019activit\u00e9 de Marthe ? Est-ce vraiment \u00eatre passif&nbsp;? En quoi Marie est aussi active?<br \/>\n<\/strong><\/li>\n<\/ul>\n<p>&nbsp;<\/p>\n<h1>Questions d\u2019Appropriation<\/h1>\n<p>&nbsp;<\/p>\n<ul>\n<li><strong>Pour quelles choses est-ce que vous vous inqui\u00e9tez et vous vous agitez, g\u00e9n\u00e9ralement ou en ce moment ?<\/strong><\/li>\n<\/ul>\n<p>&nbsp;<\/p>\n<ul>\n<li><strong>Comment \u00eatre \u00e0 l\u2019\u00e9coute de J\u00e9sus pourrait vous aider dans votre vie&nbsp;? <\/strong><\/li>\n<\/ul>\n<p>&nbsp;<\/p>\n<p>&nbsp;<\/p>","protected":false},"excerpt":{"rendered":"<p>Accroche: Pr\u00e9f\u00e9rez-vous \u00eatre actif ou passif&nbsp;dans les domaines du sport, de la musique, de l\u2019amiti\u00e9, des cours, ou des r\u00e9seaux sociaux? Quand est-ce qu\u2019il est mieux d\u2019\u00eatre actif ou passif&nbsp;? Selon vous, est-ce que le christianisme m\u00e8ne les chr\u00e9tiens \u00e0 avoir une vie active ou passive&nbsp;? &nbsp; Lire versets 38-42 &nbsp; Pr\u00e9c\u00e9demment dans Luc\u2026 J\u00e9sus [&hellip;]<\/p>\n","protected":false},"author":6,"featured_media":6155,"comment_status":"open","ping_status":"closed","sticky":false,"template":"","format":"standard","meta":{"_acf_changed":false,"_eb_attr":"","advgb_blocks_editor_width":"","advgb_blocks_columns_visual_guide":"","footnotes":""},"categories":[105],"tags":[651,22],"video":[],"audio":[],"ecrit":[],"mis-en-avant":[],"redacteur":[],"type-darticle":[],"class_list":["post-6154","post","type-post","status-publish","format-standard","has-post-thumbnail","hentry","category-speciales-groupes-bibliques-lyceens","tag-ecrit","tag-luc"],"blocksy_meta":[],"acf":[],"featured_image_src":"https:\/\/www.creusonslabible.fr\/wp-content\/uploads\/2018\/05\/mag-pole-102166-unsplash-1-scaled-1.jpg","author_info":{"display_name":"Laetitia","author_link":"https:\/\/www.creusonslabible.fr\/?author=6"},"author_meta":{"display_name":"Laetitia","author_link":"https:\/\/www.creusonslabible.fr\/?author=6"},"featured_img":"https:\/\/www.creusonslabible.fr\/wp-content\/uploads\/2018\/05\/mag-pole-102166-unsplash-1-scaled-1-300x200.jpg","coauthors":[],"tax_additional":{"categories":{"linked":["<a href=\"https:\/\/www.creusonslabible.fr\/?cat=105\" class=\"advgb-post-tax-term\">Sp\u00e9ciales Groupes Bibliques Lyc\u00e9ens<\/a>"],"unlinked":["<span class=\"advgb-post-tax-term\">Sp\u00e9ciales Groupes Bibliques Lyc\u00e9ens<\/span>"]},"tags":{"linked":["<a href=\"https:\/\/www.creusonslabible.fr\/?cat=105\" class=\"advgb-post-tax-term\">\u00e9crit<\/a>","<a href=\"https:\/\/www.creusonslabible.fr\/?cat=105\" class=\"advgb-post-tax-term\">Luc<\/a>"],"unlinked":["<span class=\"advgb-post-tax-term\">\u00e9crit<\/span>","<span class=\"advgb-post-tax-term\">Luc<\/span>"]}},"comment_count":"0","relative_dates":{"created":"Publi\u00e9 8 ans il y a","modified":"Mis \u00e0 jour 1 an il y a"},"absolute_dates":{"created":"Publi\u00e9 le 22 mai 2018","modified":"Mise \u00e0 jour le 23 janvier 2025"},"absolute_dates_time":{"created":"Publi\u00e9 le 22 mai 2018 17h48","modified":"Mise \u00e0 jour le 23 janvier 2025 13h24"},"featured_img_caption":"","series_order":"","meta_box":[],"_links":{"self":[{"href":"https:\/\/www.creusonslabible.fr\/index.php?rest_route=\/wp\/v2\/posts\/6154","targetHints":{"allow":["GET"]}}],"collection":[{"href":"https:\/\/www.creusonslabible.fr\/index.php?rest_route=\/wp\/v2\/posts"}],"about":[{"href":"https:\/\/www.creusonslabible.fr\/index.php?rest_route=\/wp\/v2\/types\/post"}],"author":[{"embeddable":true,"href":"https:\/\/www.creusonslabible.fr\/index.php?rest_route=\/wp\/v2\/users\/6"}],"replies":[{"embeddable":true,"href":"https:\/\/www.creusonslabible.fr\/index.php?rest_route=%2Fwp%2Fv2%2Fcomments&post=6154"}],"version-history":[{"count":2,"href":"https:\/\/www.creusonslabible.fr\/index.php?rest_route=\/wp\/v2\/posts\/6154\/revisions"}],"predecessor-version":[{"id":9875,"href":"https:\/\/www.creusonslabible.fr\/index.php?rest_route=\/wp\/v2\/posts\/6154\/revisions\/9875"}],"wp:featuredmedia":[{"embeddable":true,"href":"https:\/\/www.creusonslabible.fr\/index.php?rest_route=\/wp\/v2\/media\/6155"}],"wp:attachment":[{"href":"https:\/\/www.creusonslabible.fr\/index.php?rest_route=%2Fwp%2Fv2%2Fmedia&parent=6154"}],"wp:term":[{"taxonomy":"category","embeddable":true,"href":"https:\/\/www.creusonslabible.fr\/index.php?rest_route=%2Fwp%2Fv2%2Fcategories&post=6154"},{"taxonomy":"post_tag","embeddable":true,"href":"https:\/\/www.creusonslabible.fr\/index.php?rest_route=%2Fwp%2Fv2%2Ftags&post=6154"},{"taxonomy":"video","embeddable":true,"href":"https:\/\/www.creusonslabible.fr\/index.php?rest_route=%2Fwp%2Fv2%2Fvideo&post=6154"},{"taxonomy":"audio","embeddable":true,"href":"https:\/\/www.creusonslabible.fr\/index.php?rest_route=%2Fwp%2Fv2%2Faudio&post=6154"},{"taxonomy":"ecrit","embeddable":true,"href":"https:\/\/www.creusonslabible.fr\/index.php?rest_route=%2Fwp%2Fv2%2Fecrit&post=6154"},{"taxonomy":"mis-en-avant","embeddable":true,"href":"https:\/\/www.creusonslabible.fr\/index.php?rest_route=%2Fwp%2Fv2%2Fmis-en-avant&post=6154"},{"taxonomy":"redacteur","embeddable":true,"href":"https:\/\/www.creusonslabible.fr\/index.php?rest_route=%2Fwp%2Fv2%2Fredacteur&post=6154"},{"taxonomy":"type-darticle","embeddable":true,"href":"https:\/\/www.creusonslabible.fr\/index.php?rest_route=%2Fwp%2Fv2%2Ftype-darticle&post=6154"}],"curies":[{"name":"wp","href":"https:\/\/api.w.org\/{rel}","templated":true}]}}