{"id":6211,"date":"2018-07-05T10:10:42","date_gmt":"2018-07-05T08:10:42","guid":{"rendered":"http:\/\/www.creusonslabible.fr\/?p=6211"},"modified":"2025-01-23T12:17:18","modified_gmt":"2025-01-23T10:17:18","slug":"guide-de-lecture-biblique","status":"publish","type":"post","link":"https:\/\/www.creusonslabible.fr\/?p=6211","title":{"rendered":"Guide de lecture biblique"},"content":{"rendered":"<h1>Il existe plusieurs plans de lecture qui incitent les chr\u00e9tiens \u00e0 lire toute la Bible pendant une p\u00e9riode donn\u00e9e. Les GBU en avaient \u00e9dit\u00e9 un il y a quelques ann\u00e9es, le voici.<\/h1>\n<p>&nbsp;<\/p>\n<p><span lang=\"fr-FR\">Ce guide de lecture reprend le plan imagin\u00e9 par Murray Mc Cheyne, un pasteur \u00e9cossais au d\u00e9but du 19<\/span><span lang=\"fr-FR\">e\u00a0<\/span><span lang=\"fr-FR\">si\u00e8cle. Ce calendrier vous permet de parcourir en l\u2019espace de deux ans tout l\u2019Ancien Testament ainsi que le Nouveau Testament et les psaumes deux fois. <\/span><span lang=\"fr-FR\">Il commence par 4 grands commencements des \u00c9critures : La Gen\u00e8se (naissance de l&rsquo;Univers), Esdras (renaissance de la nation apr\u00e8s la captivit\u00e9 babylonienne), Matthieu (naissance de Christ) et Actes (Naissance du corps de Christ).\u00a0<\/span><\/p>\n<p>Vous pouvez le voir et le t\u00e9l\u00e9charger ici :\u00a0<a href=\"https:\/\/www.creusonslabible.fr\/wp-content\/uploads\/2018\/07\/Soif-de-la-parole-guide-2018-1.pdf\"><strong>Soif de la parole guide<\/strong><\/a><\/p>\n","protected":false},"excerpt":{"rendered":"<p>Il existe plusieurs plans de lecture qui incitent les chr\u00e9tiens \u00e0 lire toute la Bible pendant une p\u00e9riode donn\u00e9e. Les GBU en avaient \u00e9dit\u00e9 un il y a quelques ann\u00e9es, le voici. &nbsp; Ce guide de lecture reprend le plan imagin\u00e9 par Murray Mc Cheyne, un pasteur \u00e9cossais au d\u00e9but du 19e\u00a0si\u00e8cle. Ce calendrier vous [&hellip;]<\/p>\n","protected":false},"author":3,"featured_media":6217,"comment_status":"open","ping_status":"closed","sticky":false,"template":"","format":"standard","meta":{"_acf_changed":false,"_eb_attr":"","advgb_blocks_editor_width":"","advgb_blocks_columns_visual_guide":"","footnotes":""},"categories":[39],"tags":[651,388,389],"video":[],"audio":[],"ecrit":[],"mis-en-avant":[],"redacteur":[],"type-darticle":[],"class_list":["post-6211","post","type-post","status-publish","format-standard","has-post-thumbnail","hentry","category-la-vie-chretienne","tag-ecrit","tag-guide-de-lecture","tag-mac-cheyne"],"blocksy_meta":[],"acf":[],"featured_image_src":"https:\/\/www.creusonslabible.fr\/wp-content\/uploads\/2018\/07\/soif-de-la-parole-image-1.jpg","author_info":{"display_name":"Yoh","author_link":"https:\/\/www.creusonslabible.fr\/?author=3"},"author_meta":{"display_name":"Yoh","author_link":"https:\/\/www.creusonslabible.fr\/?author=3"},"featured_img":"https:\/\/www.creusonslabible.fr\/wp-content\/uploads\/2018\/07\/soif-de-la-parole-image-1-300x267.jpg","coauthors":[],"tax_additional":{"categories":{"linked":["<a href=\"https:\/\/www.creusonslabible.fr\/?cat=39\" class=\"advgb-post-tax-term\">La vie chr\u00e9tienne<\/a>"],"unlinked":["<span class=\"advgb-post-tax-term\">La vie chr\u00e9tienne<\/span>"]},"tags":{"linked":["<a href=\"https:\/\/www.creusonslabible.fr\/?cat=39\" class=\"advgb-post-tax-term\">\u00e9crit<\/a>","<a href=\"https:\/\/www.creusonslabible.fr\/?cat=39\" class=\"advgb-post-tax-term\">Guide de lecture<\/a>","<a href=\"https:\/\/www.creusonslabible.fr\/?cat=39\" class=\"advgb-post-tax-term\">Mac Cheyne<\/a>"],"unlinked":["<span class=\"advgb-post-tax-term\">\u00e9crit<\/span>","<span class=\"advgb-post-tax-term\">Guide de lecture<\/span>","<span class=\"advgb-post-tax-term\">Mac Cheyne<\/span>"]}},"comment_count":"0","relative_dates":{"created":"Publi\u00e9 8 ans il y a","modified":"Mis \u00e0 jour 1 an il y a"},"absolute_dates":{"created":"Publi\u00e9 le 5 juillet 2018","modified":"Mise \u00e0 jour le 23 janvier 2025"},"absolute_dates_time":{"created":"Publi\u00e9 le 5 juillet 2018 10h10","modified":"Mise \u00e0 jour le 23 janvier 2025 12h17"},"featured_img_caption":"","series_order":"","meta_box":[],"_links":{"self":[{"href":"https:\/\/www.creusonslabible.fr\/index.php?rest_route=\/wp\/v2\/posts\/6211","targetHints":{"allow":["GET"]}}],"collection":[{"href":"https:\/\/www.creusonslabible.fr\/index.php?rest_route=\/wp\/v2\/posts"}],"about":[{"href":"https:\/\/www.creusonslabible.fr\/index.php?rest_route=\/wp\/v2\/types\/post"}],"author":[{"embeddable":true,"href":"https:\/\/www.creusonslabible.fr\/index.php?rest_route=\/wp\/v2\/users\/3"}],"replies":[{"embeddable":true,"href":"https:\/\/www.creusonslabible.fr\/index.php?rest_route=%2Fwp%2Fv2%2Fcomments&post=6211"}],"version-history":[{"count":1,"href":"https:\/\/www.creusonslabible.fr\/index.php?rest_route=\/wp\/v2\/posts\/6211\/revisions"}],"predecessor-version":[{"id":10404,"href":"https:\/\/www.creusonslabible.fr\/index.php?rest_route=\/wp\/v2\/posts\/6211\/revisions\/10404"}],"wp:featuredmedia":[{"embeddable":true,"href":"https:\/\/www.creusonslabible.fr\/index.php?rest_route=\/wp\/v2\/media\/6217"}],"wp:attachment":[{"href":"https:\/\/www.creusonslabible.fr\/index.php?rest_route=%2Fwp%2Fv2%2Fmedia&parent=6211"}],"wp:term":[{"taxonomy":"category","embeddable":true,"href":"https:\/\/www.creusonslabible.fr\/index.php?rest_route=%2Fwp%2Fv2%2Fcategories&post=6211"},{"taxonomy":"post_tag","embeddable":true,"href":"https:\/\/www.creusonslabible.fr\/index.php?rest_route=%2Fwp%2Fv2%2Ftags&post=6211"},{"taxonomy":"video","embeddable":true,"href":"https:\/\/www.creusonslabible.fr\/index.php?rest_route=%2Fwp%2Fv2%2Fvideo&post=6211"},{"taxonomy":"audio","embeddable":true,"href":"https:\/\/www.creusonslabible.fr\/index.php?rest_route=%2Fwp%2Fv2%2Faudio&post=6211"},{"taxonomy":"ecrit","embeddable":true,"href":"https:\/\/www.creusonslabible.fr\/index.php?rest_route=%2Fwp%2Fv2%2Fecrit&post=6211"},{"taxonomy":"mis-en-avant","embeddable":true,"href":"https:\/\/www.creusonslabible.fr\/index.php?rest_route=%2Fwp%2Fv2%2Fmis-en-avant&post=6211"},{"taxonomy":"redacteur","embeddable":true,"href":"https:\/\/www.creusonslabible.fr\/index.php?rest_route=%2Fwp%2Fv2%2Fredacteur&post=6211"},{"taxonomy":"type-darticle","embeddable":true,"href":"https:\/\/www.creusonslabible.fr\/index.php?rest_route=%2Fwp%2Fv2%2Ftype-darticle&post=6211"}],"curies":[{"name":"wp","href":"https:\/\/api.w.org\/{rel}","templated":true}]}}