{"id":6262,"date":"2018-08-20T00:23:43","date_gmt":"2018-08-19T22:23:43","guid":{"rendered":"http:\/\/www.creusonslabible.fr\/?p=6262"},"modified":"2025-01-23T13:01:28","modified_gmt":"2025-01-23T11:01:28","slug":"la-force-dans-la-faiblesse","status":"publish","type":"post","link":"https:\/\/www.creusonslabible.fr\/?p=6262","title":{"rendered":"La Force dans la Faiblesse"},"content":{"rendered":"\n<h2 class=\"wp-block-heading\">Voici une s\u00e9rie de pr\u00e9dications qui ont \u00e9t\u00e9 donn\u00e9es par Mica\u00ebl Razzano, Secr\u00e9taire G\u00e9n\u00e9ral des GBU, lors du camp de Formation en Ao\u00fbt 2018<\/h2>\n\n\n\n<h3 class=\"wp-block-heading\">2 Co 1.3-11&nbsp;: Fortifi\u00e9 dans l\u2019\u00c9preuve<\/h3>\n\n\n\n<figure class=\"wp-block-audio\"><audio controls src=\"http:\/\/elearning.gbu.fr\/audio\/AFLF2018_2Corinthiens\/AFLF18_Jour_1.mp3\"><\/audio><\/figure>\n\n\n\n<p><a href=\"http:\/\/elearning.gbu.fr\/audio\/AFLF2018_2Corinthiens\/AFLF18_Jour_1.mp3\">t\u00e9l\u00e9charger (clic droit \u2013 enregistrer la cible du lien sous)<\/a><\/p>\n\n\n\n<h3 class=\"wp-block-heading\">2 Co 2.12 \u2013 3.3 &amp; 10.12, 17-18 : Le vaincu vainqueur<\/h3>\n\n\n\n<figure class=\"wp-block-audio\"><audio controls src=\"http:\/\/elearning.gbu.fr\/audio\/AFLF2018_2Corinthiens\/AFLF18_Jour_2.mp3\"><\/audio><\/figure>\n\n\n\n<p><a href=\"http:\/\/elearning.gbu.fr\/audio\/AFLF2018_2Corinthiens\/AFLF18_Jour_2.mp3\">t\u00e9l\u00e9charger (clic droit \u2013 enregistrer la cible du lien sous)<\/a><\/p>\n\n\n\n<h3 class=\"wp-block-heading\">2 Co 4.1-18&nbsp;: Pas plus fort mais plus d\u00e9pendant&nbsp;!<\/h3>\n\n\n\n<figure class=\"wp-block-audio\"><audio controls src=\"http:\/\/elearning.gbu.fr\/audio\/AFLF2018_2Corinthiens\/AFLF18_Jour_3.mp3\"><\/audio><\/figure>\n\n\n\n<p><a href=\"http:\/\/elearning.gbu.fr\/audio\/AFLF2018_2Corinthiens\/AFLF18_Jour_3.mp3\">t\u00e9l\u00e9charger (clic droit \u2013 enregistrer la cible du lien sous)<\/a><\/p>\n\n\n\n<h3 class=\"wp-block-heading\">2 Co 6.3 &#8211; 7.1&nbsp;: \u00catre un exemple (\u00e0 para\u00eetre)<\/h3>\n\n\n\n<figure class=\"wp-block-audio\"><audio controls src=\"http:\/\/elearning.gbu.fr\/audio\/AFLF2018_2Corinthiens\/AFLF18_Jour_4.mp3\"><\/audio><\/figure>\n\n\n\n<p><a href=\"http:\/\/elearning.gbu.fr\/audio\/AFLF2018_2Corinthiens\/AFLF18_Jour_4.mp3\">t\u00e9l\u00e9charger (clic droit \u2013 enregistrer la cible du lien sous)<\/a><\/p>\n\n\n\n<h3 class=\"wp-block-heading\">2 Co 8.1-15&nbsp;: Richesse et pauvret\u00e9<\/h3>\n\n\n\n<figure class=\"wp-block-audio\"><audio controls src=\"http:\/\/elearning.gbu.fr\/audio\/AFLF2018_2Corinthiens\/AFLF18_Jour_5.mp3\"><\/audio><\/figure>\n\n\n\n<p><a href=\"http:\/\/elearning.gbu.fr\/audio\/AFLF2018_2Corinthiens\/AFLF18_Jour_5.mp3\">t\u00e9l\u00e9charger (clic droit \u2013 enregistrer la cible du lien sous)<\/a><\/p>\n\n\n\n<h3 class=\"wp-block-heading\">2 Co 10 \u2013 12&nbsp;: \u00ab&nbsp;Lorsque je suis faible, je suis r\u00e9ellement fort&nbsp;\u00bb<\/h3>\n\n\n\n<figure class=\"wp-block-audio\"><audio controls src=\"http:\/\/elearning.gbu.fr\/audio\/AFLF2018_2Corinthiens\/AFLF18_Jour_6.mp3\"><\/audio><\/figure>\n\n\n\n<p><a href=\"http:\/\/elearning.gbu.fr\/audio\/AFLF2018_2Corinthiens\/AFLF18_Jour_6.mp3\">t\u00e9l\u00e9charger (clic droit \u2013 enregistrer la cible du lien sous)<\/a><\/p>\n","protected":false},"excerpt":{"rendered":"<p>Voici une s\u00e9rie de pr\u00e9dications qui ont \u00e9t\u00e9 donn\u00e9es par Mica\u00ebl Razzano, Secr\u00e9taire G\u00e9n\u00e9ral des GBU, lors du camp de Formation en Ao\u00fbt 2018 2 Co 1.3-11&nbsp;: Fortifi\u00e9 dans l\u2019\u00c9preuve t\u00e9l\u00e9charger (clic droit \u2013 enregistrer la cible du lien sous) 2 Co 2.12 \u2013 3.3 &amp; 10.12, 17-18 : Le vaincu vainqueur t\u00e9l\u00e9charger (clic droit [&hellip;]<\/p>\n","protected":false},"author":2,"featured_media":6266,"comment_status":"open","ping_status":"closed","sticky":false,"template":"","format":"audio","meta":{"_acf_changed":false,"_eb_attr":"","advgb_blocks_editor_width":"","advgb_blocks_columns_visual_guide":"","footnotes":""},"categories":[24],"tags":[98,657,144,390,391,392,356,23,132],"video":[],"audio":[],"ecrit":[],"mis-en-avant":[],"redacteur":[],"type-darticle":[],"class_list":["post-6262","post","type-post","status-publish","format-audio","has-post-thumbnail","hentry","category-textes-bibliques-commentes","tag-2-corinthiens","tag-audio","tag-christ","tag-corinthiens","tag-faiblesse","tag-force","tag-lettre-de-paul","tag-nouveau-testament","tag-paul","post_format-post-format-audio"],"blocksy_meta":[],"acf":[],"featured_image_src":"https:\/\/www.creusonslabible.fr\/wp-content\/uploads\/2018\/08\/adult-alone-backlit-1-1.jpg","author_info":{"display_name":"caillou","author_link":"https:\/\/www.creusonslabible.fr\/?author=2"},"author_meta":{"display_name":"caillou","author_link":"https:\/\/www.creusonslabible.fr\/?author=2"},"featured_img":"https:\/\/www.creusonslabible.fr\/wp-content\/uploads\/2018\/08\/adult-alone-backlit-1-1-300x122.jpg","coauthors":[],"tax_additional":{"categories":{"linked":["<a href=\"https:\/\/www.creusonslabible.fr\/?cat=24\" class=\"advgb-post-tax-term\">Textes Bibliques comment\u00e9s<\/a>"],"unlinked":["<span class=\"advgb-post-tax-term\">Textes Bibliques comment\u00e9s<\/span>"]},"tags":{"linked":["<a href=\"https:\/\/www.creusonslabible.fr\/?cat=24\" class=\"advgb-post-tax-term\">2 Corinthiens<\/a>","<a href=\"https:\/\/www.creusonslabible.fr\/?cat=24\" class=\"advgb-post-tax-term\">audio<\/a>","<a href=\"https:\/\/www.creusonslabible.fr\/?cat=24\" class=\"advgb-post-tax-term\">Christ<\/a>","<a href=\"https:\/\/www.creusonslabible.fr\/?cat=24\" class=\"advgb-post-tax-term\">Corinthiens<\/a>","<a href=\"https:\/\/www.creusonslabible.fr\/?cat=24\" class=\"advgb-post-tax-term\">Faiblesse<\/a>","<a href=\"https:\/\/www.creusonslabible.fr\/?cat=24\" class=\"advgb-post-tax-term\">Force<\/a>","<a href=\"https:\/\/www.creusonslabible.fr\/?cat=24\" class=\"advgb-post-tax-term\">lettre de Paul<\/a>","<a href=\"https:\/\/www.creusonslabible.fr\/?cat=24\" class=\"advgb-post-tax-term\">Nouveau-Testament<\/a>","<a href=\"https:\/\/www.creusonslabible.fr\/?cat=24\" class=\"advgb-post-tax-term\">Paul<\/a>"],"unlinked":["<span class=\"advgb-post-tax-term\">2 Corinthiens<\/span>","<span class=\"advgb-post-tax-term\">audio<\/span>","<span class=\"advgb-post-tax-term\">Christ<\/span>","<span class=\"advgb-post-tax-term\">Corinthiens<\/span>","<span class=\"advgb-post-tax-term\">Faiblesse<\/span>","<span class=\"advgb-post-tax-term\">Force<\/span>","<span class=\"advgb-post-tax-term\">lettre de Paul<\/span>","<span class=\"advgb-post-tax-term\">Nouveau-Testament<\/span>","<span class=\"advgb-post-tax-term\">Paul<\/span>"]}},"comment_count":"0","relative_dates":{"created":"Publi\u00e9 8 ans il y a","modified":"Mis \u00e0 jour 1 an il y a"},"absolute_dates":{"created":"Publi\u00e9 le 20 ao\u00fbt 2018","modified":"Mise \u00e0 jour le 23 janvier 2025"},"absolute_dates_time":{"created":"Publi\u00e9 le 20 ao\u00fbt 2018 0h23","modified":"Mise \u00e0 jour le 23 janvier 2025 13h01"},"featured_img_caption":"","series_order":"","meta_box":[],"_links":{"self":[{"href":"https:\/\/www.creusonslabible.fr\/index.php?rest_route=\/wp\/v2\/posts\/6262","targetHints":{"allow":["GET"]}}],"collection":[{"href":"https:\/\/www.creusonslabible.fr\/index.php?rest_route=\/wp\/v2\/posts"}],"about":[{"href":"https:\/\/www.creusonslabible.fr\/index.php?rest_route=\/wp\/v2\/types\/post"}],"author":[{"embeddable":true,"href":"https:\/\/www.creusonslabible.fr\/index.php?rest_route=\/wp\/v2\/users\/2"}],"replies":[{"embeddable":true,"href":"https:\/\/www.creusonslabible.fr\/index.php?rest_route=%2Fwp%2Fv2%2Fcomments&post=6262"}],"version-history":[{"count":1,"href":"https:\/\/www.creusonslabible.fr\/index.php?rest_route=\/wp\/v2\/posts\/6262\/revisions"}],"predecessor-version":[{"id":10428,"href":"https:\/\/www.creusonslabible.fr\/index.php?rest_route=\/wp\/v2\/posts\/6262\/revisions\/10428"}],"wp:featuredmedia":[{"embeddable":true,"href":"https:\/\/www.creusonslabible.fr\/index.php?rest_route=\/wp\/v2\/media\/6266"}],"wp:attachment":[{"href":"https:\/\/www.creusonslabible.fr\/index.php?rest_route=%2Fwp%2Fv2%2Fmedia&parent=6262"}],"wp:term":[{"taxonomy":"category","embeddable":true,"href":"https:\/\/www.creusonslabible.fr\/index.php?rest_route=%2Fwp%2Fv2%2Fcategories&post=6262"},{"taxonomy":"post_tag","embeddable":true,"href":"https:\/\/www.creusonslabible.fr\/index.php?rest_route=%2Fwp%2Fv2%2Ftags&post=6262"},{"taxonomy":"video","embeddable":true,"href":"https:\/\/www.creusonslabible.fr\/index.php?rest_route=%2Fwp%2Fv2%2Fvideo&post=6262"},{"taxonomy":"audio","embeddable":true,"href":"https:\/\/www.creusonslabible.fr\/index.php?rest_route=%2Fwp%2Fv2%2Faudio&post=6262"},{"taxonomy":"ecrit","embeddable":true,"href":"https:\/\/www.creusonslabible.fr\/index.php?rest_route=%2Fwp%2Fv2%2Fecrit&post=6262"},{"taxonomy":"mis-en-avant","embeddable":true,"href":"https:\/\/www.creusonslabible.fr\/index.php?rest_route=%2Fwp%2Fv2%2Fmis-en-avant&post=6262"},{"taxonomy":"redacteur","embeddable":true,"href":"https:\/\/www.creusonslabible.fr\/index.php?rest_route=%2Fwp%2Fv2%2Fredacteur&post=6262"},{"taxonomy":"type-darticle","embeddable":true,"href":"https:\/\/www.creusonslabible.fr\/index.php?rest_route=%2Fwp%2Fv2%2Ftype-darticle&post=6262"}],"curies":[{"name":"wp","href":"https:\/\/api.w.org\/{rel}","templated":true}]}}