{"id":6279,"date":"2018-09-11T23:48:37","date_gmt":"2018-09-11T21:48:37","guid":{"rendered":"http:\/\/www.creusonslabible.fr\/?p=6279"},"modified":"2025-01-23T12:17:18","modified_gmt":"2025-01-23T10:17:18","slug":"philippiens-1-1-8-rejouissez-vous-1","status":"publish","type":"post","link":"https:\/\/www.creusonslabible.fr\/?p=6279","title":{"rendered":"Philippiens 1.1-8 &#8211; R\u00e9jouissez-vous ! (1)"},"content":{"rendered":"<h1>D\u00e9claration d&rsquo;amour<\/h1>\n<blockquote><p><span style=\"font-family: 'Times New Roman', serif;\">1 Paul et Timoth\u00e9e, esclaves de J\u00e9sus-Christ, \u00e0 tous ceux qui, \u00e0 Philippes, sont saints en J\u00e9sus-Christ, aux \u00e9piscopes et aux ministres : 2 Gr\u00e2ce et paix \u00e0 vous de la part de Dieu, notre P\u00e8re, et du Seigneur J\u00e9sus-Christ !<\/span><\/p>\n<p><span style=\"font-family: Times New Roman, serif;\">3 Je rends gr\u00e2ce \u00e0 mon Dieu toutes les fois que je me souviens de vous ; 4 je ne cesse, dans toutes mes pri\u00e8res pour vous tous, de prier avec joie, 5 \u00e0 cause de la part que vous prenez \u00e0 la bonne nouvelle, depuis le premier jour jusqu&rsquo;\u00e0 maintenant. 6 Je suis persuad\u00e9 que celui qui a commenc\u00e9 en vous une oeuvre bonne en poursuivra l&rsquo;ach\u00e8vement jusqu&rsquo;au jour de J\u00e9sus-Christ.<\/span><\/p>\n<p><span style=\"font-family: Times New Roman, serif;\">7 Il est juste que j&rsquo;aie pour vous tous de telles pens\u00e9es, parce que je vous porte dans mon coeur et que, dans ma condition de prisonnier comme dans la d\u00e9fense et la confirmation de la bonne nouvelle, vous avez tous part \u00e0 la m\u00eame gr\u00e2ce que moi. 8 Dieu m&rsquo;est t\u00e9moin, en effet, que j&rsquo;ai une vive affection pour vous tous, la tendresse m\u00eame de J\u00e9sus-Christ.<\/span><\/p><\/blockquote>\n<h3><\/h3>\n<h3>Joie et tendresse<\/h3>\n<p>Est-ce parce qu&rsquo;il est en prison et qu&rsquo;il se laisse aller \u00e0 la nostalgie que Paul ressent le besoin de montrer autant d&rsquo;amour pour les habitants de Philippes ? En tout cas, le souvenir de leur conversion et de leur pers\u00e9v\u00e9rance semble \u00eatre un r\u00e9confort. Malgr\u00e9 toutes les choses exceptionnelles qu&rsquo;il a vues, son travail missionnaire fructueux, l&rsquo;ap\u00f4tre est toujours plein de joie en pensant \u00e0 des vies transform\u00e9es par l&rsquo;\u00c9vangile !<\/p>\n<h3>Processus (v.6)<\/h3>\n<p>Tout comme J\u00e9sus veille sur eux, Paul continue de prier pour les philippiens. Comme il est conscient d&rsquo;\u00eatre un instrument du Seigneur, il va continuer de les exhorter via cette lettre afin qu&rsquo;ils continuent de progresser.<\/p>\n<p>&nbsp;<\/p>\n<ul>\n<li>La conversion, c&rsquo;est quelque chose de merveilleux ! Je me souviendrai toute ma vie de mon bapt\u00eame : toutes ces personnes qui me connaissaient assez peu mais qui avaient les larmes aux yeux parce que \u00ab\u00a0je faisais maintenant partie de la famille\u00a0\u00bb !<\/li>\n<\/ul>\n<p>&nbsp;<\/p>\n<ul>\n<li>Le v.6 montre que la conversion n&rsquo;est qu&rsquo;un d\u00e9but et donc J\u00e9sus s&rsquo;attend \u00e0 ce que nous nous laissions transformer par le Saint-Esprit pendant le reste de notre vie. La question naturelle est donc\u00a0: avons-nous l&rsquo;impression de progresser\u00a0?<\/li>\n<\/ul>\n<p>&nbsp;<\/p>\n<p>&nbsp;<\/p>\n<p>&nbsp;<\/p>\n","protected":false},"excerpt":{"rendered":"<p>D\u00e9claration d&rsquo;amour 1 Paul et Timoth\u00e9e, esclaves de J\u00e9sus-Christ, \u00e0 tous ceux qui, \u00e0 Philippes, sont saints en J\u00e9sus-Christ, aux \u00e9piscopes et aux ministres : 2 Gr\u00e2ce et paix \u00e0 vous de la part de Dieu, notre P\u00e8re, et du Seigneur J\u00e9sus-Christ ! 3 Je rends gr\u00e2ce \u00e0 mon Dieu toutes les fois que je [&hellip;]<\/p>\n","protected":false},"author":3,"featured_media":6282,"comment_status":"open","ping_status":"closed","sticky":false,"template":"","format":"standard","meta":{"_acf_changed":false,"_eb_attr":"","advgb_blocks_editor_width":"","advgb_blocks_columns_visual_guide":"","footnotes":""},"categories":[16],"tags":[393,651,123,356],"video":[],"audio":[],"ecrit":[],"mis-en-avant":[],"redacteur":[],"type-darticle":[],"class_list":["post-6279","post","type-post","status-publish","format-standard","has-post-thumbnail","hentry","category-meditations-bibliques","tag-affection","tag-ecrit","tag-joie","tag-lettre-de-paul"],"blocksy_meta":[],"acf":[],"featured_image_src":"https:\/\/www.creusonslabible.fr\/wp-content\/uploads\/2018\/09\/rubber-duck-1401225_640-1.jpg","author_info":{"display_name":"Yoh","author_link":"https:\/\/www.creusonslabible.fr\/?author=3"},"author_meta":{"display_name":"Yoh","author_link":"https:\/\/www.creusonslabible.fr\/?author=3"},"featured_img":"https:\/\/www.creusonslabible.fr\/wp-content\/uploads\/2018\/09\/rubber-duck-1401225_640-1-300x199.jpg","coauthors":[],"tax_additional":{"categories":{"linked":["<a href=\"https:\/\/www.creusonslabible.fr\/?cat=16\" class=\"advgb-post-tax-term\">M\u00e9ditations bibliques<\/a>"],"unlinked":["<span class=\"advgb-post-tax-term\">M\u00e9ditations bibliques<\/span>"]},"tags":{"linked":["<a href=\"https:\/\/www.creusonslabible.fr\/?cat=16\" class=\"advgb-post-tax-term\">affection<\/a>","<a href=\"https:\/\/www.creusonslabible.fr\/?cat=16\" class=\"advgb-post-tax-term\">\u00e9crit<\/a>","<a href=\"https:\/\/www.creusonslabible.fr\/?cat=16\" class=\"advgb-post-tax-term\">joie<\/a>","<a href=\"https:\/\/www.creusonslabible.fr\/?cat=16\" class=\"advgb-post-tax-term\">lettre de Paul<\/a>"],"unlinked":["<span class=\"advgb-post-tax-term\">affection<\/span>","<span class=\"advgb-post-tax-term\">\u00e9crit<\/span>","<span class=\"advgb-post-tax-term\">joie<\/span>","<span class=\"advgb-post-tax-term\">lettre de Paul<\/span>"]}},"comment_count":"0","relative_dates":{"created":"Publi\u00e9 8 ans il y a","modified":"Mis \u00e0 jour 1 an il y a"},"absolute_dates":{"created":"Publi\u00e9 le 11 septembre 2018","modified":"Mise \u00e0 jour le 23 janvier 2025"},"absolute_dates_time":{"created":"Publi\u00e9 le 11 septembre 2018 23h48","modified":"Mise \u00e0 jour le 23 janvier 2025 12h17"},"featured_img_caption":"","series_order":"","meta_box":[],"_links":{"self":[{"href":"https:\/\/www.creusonslabible.fr\/index.php?rest_route=\/wp\/v2\/posts\/6279","targetHints":{"allow":["GET"]}}],"collection":[{"href":"https:\/\/www.creusonslabible.fr\/index.php?rest_route=\/wp\/v2\/posts"}],"about":[{"href":"https:\/\/www.creusonslabible.fr\/index.php?rest_route=\/wp\/v2\/types\/post"}],"author":[{"embeddable":true,"href":"https:\/\/www.creusonslabible.fr\/index.php?rest_route=\/wp\/v2\/users\/3"}],"replies":[{"embeddable":true,"href":"https:\/\/www.creusonslabible.fr\/index.php?rest_route=%2Fwp%2Fv2%2Fcomments&post=6279"}],"version-history":[{"count":1,"href":"https:\/\/www.creusonslabible.fr\/index.php?rest_route=\/wp\/v2\/posts\/6279\/revisions"}],"predecessor-version":[{"id":10402,"href":"https:\/\/www.creusonslabible.fr\/index.php?rest_route=\/wp\/v2\/posts\/6279\/revisions\/10402"}],"wp:featuredmedia":[{"embeddable":true,"href":"https:\/\/www.creusonslabible.fr\/index.php?rest_route=\/wp\/v2\/media\/6282"}],"wp:attachment":[{"href":"https:\/\/www.creusonslabible.fr\/index.php?rest_route=%2Fwp%2Fv2%2Fmedia&parent=6279"}],"wp:term":[{"taxonomy":"category","embeddable":true,"href":"https:\/\/www.creusonslabible.fr\/index.php?rest_route=%2Fwp%2Fv2%2Fcategories&post=6279"},{"taxonomy":"post_tag","embeddable":true,"href":"https:\/\/www.creusonslabible.fr\/index.php?rest_route=%2Fwp%2Fv2%2Ftags&post=6279"},{"taxonomy":"video","embeddable":true,"href":"https:\/\/www.creusonslabible.fr\/index.php?rest_route=%2Fwp%2Fv2%2Fvideo&post=6279"},{"taxonomy":"audio","embeddable":true,"href":"https:\/\/www.creusonslabible.fr\/index.php?rest_route=%2Fwp%2Fv2%2Faudio&post=6279"},{"taxonomy":"ecrit","embeddable":true,"href":"https:\/\/www.creusonslabible.fr\/index.php?rest_route=%2Fwp%2Fv2%2Fecrit&post=6279"},{"taxonomy":"mis-en-avant","embeddable":true,"href":"https:\/\/www.creusonslabible.fr\/index.php?rest_route=%2Fwp%2Fv2%2Fmis-en-avant&post=6279"},{"taxonomy":"redacteur","embeddable":true,"href":"https:\/\/www.creusonslabible.fr\/index.php?rest_route=%2Fwp%2Fv2%2Fredacteur&post=6279"},{"taxonomy":"type-darticle","embeddable":true,"href":"https:\/\/www.creusonslabible.fr\/index.php?rest_route=%2Fwp%2Fv2%2Ftype-darticle&post=6279"}],"curies":[{"name":"wp","href":"https:\/\/api.w.org\/{rel}","templated":true}]}}