{"id":6372,"date":"2018-10-19T12:00:18","date_gmt":"2018-10-19T10:00:18","guid":{"rendered":"http:\/\/www.creusonslabible.fr\/?p=6372"},"modified":"2025-01-23T13:15:33","modified_gmt":"2025-01-23T11:15:33","slug":"lessentiel-des-actes-en-7-exposes-bibliques","status":"publish","type":"post","link":"https:\/\/www.creusonslabible.fr\/?p=6372","title":{"rendered":"L&rsquo;essentiel des Actes en 7 expos\u00e9s bibliques"},"content":{"rendered":"\n<h1 class=\"wp-block-heading\">Le livre des Actes des ap\u00f4tres est un peu long et cela peut \u00eatre un peu d\u00e9courageant. Mais si on prend les passages cl\u00e9s et qu&rsquo;on les analyse, tout devient plus clair.<\/h1>\n\n\n\n<h3 class=\"wp-block-heading\">&nbsp;<\/h3>\n\n\n\n<h3 class=\"wp-block-heading\">Expos\u00e9s donn\u00e9s lors de soir\u00e9es Interfacs (\u00cele-de-France) en 2012 par diff\u00e9rents intervenants de qualit\u00e9.<\/h3>\n\n\n\n<p>&nbsp;<\/p>\n\n\n\n<h3 class=\"wp-block-heading\">Actes 1.1-8<\/h3>\n\n\n\n<figure class=\"wp-block-audio\"><audio controls src=\"http:\/\/elearning.gbu.fr\/audio\/IDF\/Actes_1v1to_8_Etienne_K.mp3\"><\/audio><\/figure>\n\n\n\n<p><a href=\"http:\/\/elearning.gbu.fr\/audio\/IDF\/Actes_1v1to_8_Etienne_K.mp3\">t\u00e9l\u00e9charger (clic droit \u2013 enregistrer la cible du lien sous)<\/a><\/p>\n\n\n\n<h3 class=\"wp-block-heading\">Actes 2<\/h3>\n\n\n\n<figure class=\"wp-block-audio\"><audio controls src=\"http:\/\/elearning.gbu.fr\/audio\/IDF\/Actes_2_Karim_Arezki.mp3\"><\/audio><\/figure>\n\n\n\n<p><a href=\"http:\/\/elearning.gbu.fr\/audio\/IDF\/Actes_2_Karim_Arezki.mp3\">t\u00e9l\u00e9charger (clic droit \u2013 enregistrer la cible du lien sous)<\/a><\/p>\n\n\n\n<h3 class=\"wp-block-heading\">Actes 8<\/h3>\n\n\n\n<figure class=\"wp-block-audio\"><audio controls src=\"http:\/\/elearning.gbu.fr\/audio\/IDF\/Actes_8_Pierre_Sovann.mp3\"><\/audio><\/figure>\n\n\n\n<p><a href=\"http:\/\/elearning.gbu.fr\/audio\/IDF\/Actes_8_Pierre_Sovann.mp3\">t\u00e9l\u00e9charger (clic droit \u2013 enregistrer la cible du lien sous)<\/a><\/p>\n\n\n\n<h3 class=\"wp-block-heading\">Actes 10.24-48<\/h3>\n\n\n\n<figure class=\"wp-block-audio\"><audio controls src=\"http:\/\/elearning.gbu.fr\/audio\/IDF\/Actes_10v24to48.mp3\"><\/audio><\/figure>\n\n\n\n<p><a href=\"http:\/\/elearning.gbu.fr\/audio\/IDF\/Actes_10v24to48.mp3\">t\u00e9l\u00e9charger (clic droit \u2013 enregistrer la cible du lien sous)<\/a><\/p>\n\n\n\n<h3 class=\"wp-block-heading\">Actes 15<\/h3>\n\n\n\n<figure class=\"wp-block-audio\"><audio controls src=\"http:\/\/elearning.gbu.fr\/audio\/IDF\/Actes_15.mp3\"><\/audio><\/figure>\n\n\n\n<p><a href=\"http:\/\/elearning.gbu.fr\/audio\/IDF\/Actes_15.mp3\">t\u00e9l\u00e9charger (clic droit \u2013 enregistrer la cible du lien sous)<\/a><\/p>\n\n\n\n<h3 class=\"wp-block-heading\">Actes 17<\/h3>\n\n\n\n<figure class=\"wp-block-audio\"><audio controls src=\"http:\/\/elearning.gbu.fr\/audio\/IDF\/Actes_17.mp3\"><\/audio><\/figure>\n\n\n\n<p><a href=\"http:\/\/elearning.gbu.fr\/audio\/IDF\/Actes_17.mp3\">t\u00e9l\u00e9charger (clic droit \u2013 enregistrer la cible du lien sous)<\/a><\/p>\n\n\n\n<h3 class=\"wp-block-heading\">Actes 25<\/h3>\n\n\n\n<figure class=\"wp-block-audio\"><audio controls src=\"http:\/\/elearning.gbu.fr\/audio\/IDF\/Actes_25.mp3\"><\/audio><\/figure>\n\n\n\n<p><a href=\"http:\/\/elearning.gbu.fr\/audio\/IDF\/Actes_25.mp3\">t\u00e9l\u00e9charger (clic droit \u2013 enregistrer la cible du lien sous)<\/a><\/p>\n","protected":false},"excerpt":{"rendered":"<p>Le livre des Actes des ap\u00f4tres est un peu long et cela peut \u00eatre un peu d\u00e9courageant. Mais si on prend les passages cl\u00e9s et qu&rsquo;on les analyse, tout devient plus clair. &nbsp; Expos\u00e9s donn\u00e9s lors de soir\u00e9es Interfacs (\u00cele-de-France) en 2012 par diff\u00e9rents intervenants de qualit\u00e9. &nbsp; Actes 1.1-8 t\u00e9l\u00e9charger (clic droit \u2013 enregistrer [&hellip;]<\/p>\n","protected":false},"author":3,"featured_media":6373,"comment_status":"open","ping_status":"closed","sticky":false,"template":"","format":"audio","meta":{"_acf_changed":false,"_eb_attr":"","advgb_blocks_editor_width":"","advgb_blocks_columns_visual_guide":"","footnotes":""},"categories":[24],"tags":[407,657,23],"video":[],"audio":[],"ecrit":[],"mis-en-avant":[],"redacteur":[],"type-darticle":[],"class_list":["post-6372","post","type-post","status-publish","format-audio","has-post-thumbnail","hentry","category-textes-bibliques-commentes","tag-actes-des-apotres","tag-audio","tag-nouveau-testament","post_format-post-format-audio"],"blocksy_meta":[],"acf":[],"featured_image_src":"https:\/\/www.creusonslabible.fr\/wp-content\/uploads\/2018\/10\/christmas-1023851_640-e1539555367608-1.jpg","author_info":{"display_name":"Yoh","author_link":"https:\/\/www.creusonslabible.fr\/?author=3"},"author_meta":{"display_name":"Yoh","author_link":"https:\/\/www.creusonslabible.fr\/?author=3"},"featured_img":"https:\/\/www.creusonslabible.fr\/wp-content\/uploads\/2018\/10\/christmas-1023851_640-e1539555367608-1-300x178.jpg","coauthors":[],"tax_additional":{"categories":{"linked":["<a href=\"https:\/\/www.creusonslabible.fr\/?cat=24\" class=\"advgb-post-tax-term\">Textes Bibliques comment\u00e9s<\/a>"],"unlinked":["<span class=\"advgb-post-tax-term\">Textes Bibliques comment\u00e9s<\/span>"]},"tags":{"linked":["<a href=\"https:\/\/www.creusonslabible.fr\/?cat=24\" class=\"advgb-post-tax-term\">Actes des ap\u00f4tres<\/a>","<a href=\"https:\/\/www.creusonslabible.fr\/?cat=24\" class=\"advgb-post-tax-term\">audio<\/a>","<a href=\"https:\/\/www.creusonslabible.fr\/?cat=24\" class=\"advgb-post-tax-term\">Nouveau-Testament<\/a>"],"unlinked":["<span class=\"advgb-post-tax-term\">Actes des ap\u00f4tres<\/span>","<span class=\"advgb-post-tax-term\">audio<\/span>","<span class=\"advgb-post-tax-term\">Nouveau-Testament<\/span>"]}},"comment_count":"0","relative_dates":{"created":"Publi\u00e9 8 ans il y a","modified":"Mis \u00e0 jour 1 an il y a"},"absolute_dates":{"created":"Publi\u00e9 le 19 octobre 2018","modified":"Mise \u00e0 jour le 23 janvier 2025"},"absolute_dates_time":{"created":"Publi\u00e9 le 19 octobre 2018 12h00","modified":"Mise \u00e0 jour le 23 janvier 2025 13h15"},"featured_img_caption":"","series_order":"","meta_box":[],"_links":{"self":[{"href":"https:\/\/www.creusonslabible.fr\/index.php?rest_route=\/wp\/v2\/posts\/6372","targetHints":{"allow":["GET"]}}],"collection":[{"href":"https:\/\/www.creusonslabible.fr\/index.php?rest_route=\/wp\/v2\/posts"}],"about":[{"href":"https:\/\/www.creusonslabible.fr\/index.php?rest_route=\/wp\/v2\/types\/post"}],"author":[{"embeddable":true,"href":"https:\/\/www.creusonslabible.fr\/index.php?rest_route=\/wp\/v2\/users\/3"}],"replies":[{"embeddable":true,"href":"https:\/\/www.creusonslabible.fr\/index.php?rest_route=%2Fwp%2Fv2%2Fcomments&post=6372"}],"version-history":[{"count":1,"href":"https:\/\/www.creusonslabible.fr\/index.php?rest_route=\/wp\/v2\/posts\/6372\/revisions"}],"predecessor-version":[{"id":10423,"href":"https:\/\/www.creusonslabible.fr\/index.php?rest_route=\/wp\/v2\/posts\/6372\/revisions\/10423"}],"wp:featuredmedia":[{"embeddable":true,"href":"https:\/\/www.creusonslabible.fr\/index.php?rest_route=\/wp\/v2\/media\/6373"}],"wp:attachment":[{"href":"https:\/\/www.creusonslabible.fr\/index.php?rest_route=%2Fwp%2Fv2%2Fmedia&parent=6372"}],"wp:term":[{"taxonomy":"category","embeddable":true,"href":"https:\/\/www.creusonslabible.fr\/index.php?rest_route=%2Fwp%2Fv2%2Fcategories&post=6372"},{"taxonomy":"post_tag","embeddable":true,"href":"https:\/\/www.creusonslabible.fr\/index.php?rest_route=%2Fwp%2Fv2%2Ftags&post=6372"},{"taxonomy":"video","embeddable":true,"href":"https:\/\/www.creusonslabible.fr\/index.php?rest_route=%2Fwp%2Fv2%2Fvideo&post=6372"},{"taxonomy":"audio","embeddable":true,"href":"https:\/\/www.creusonslabible.fr\/index.php?rest_route=%2Fwp%2Fv2%2Faudio&post=6372"},{"taxonomy":"ecrit","embeddable":true,"href":"https:\/\/www.creusonslabible.fr\/index.php?rest_route=%2Fwp%2Fv2%2Fecrit&post=6372"},{"taxonomy":"mis-en-avant","embeddable":true,"href":"https:\/\/www.creusonslabible.fr\/index.php?rest_route=%2Fwp%2Fv2%2Fmis-en-avant&post=6372"},{"taxonomy":"redacteur","embeddable":true,"href":"https:\/\/www.creusonslabible.fr\/index.php?rest_route=%2Fwp%2Fv2%2Fredacteur&post=6372"},{"taxonomy":"type-darticle","embeddable":true,"href":"https:\/\/www.creusonslabible.fr\/index.php?rest_route=%2Fwp%2Fv2%2Ftype-darticle&post=6372"}],"curies":[{"name":"wp","href":"https:\/\/api.w.org\/{rel}","templated":true}]}}