{"id":6481,"date":"2018-12-14T18:17:57","date_gmt":"2018-12-14T16:17:57","guid":{"rendered":"http:\/\/www.creusonslabible.fr\/?p=6481"},"modified":"2025-01-23T12:51:07","modified_gmt":"2025-01-23T10:51:07","slug":"regards-croises-sur-la-croix","status":"publish","type":"post","link":"https:\/\/www.creusonslabible.fr\/?p=6481","title":{"rendered":"Regards crois\u00e9s sur la Croix"},"content":{"rendered":"\n<h1 class=\"wp-block-heading\">La Croix est l&rsquo;\u00e9l\u00e9ment, l&rsquo;\u00e9v\u00e9nement central de la foi chr\u00e9tienne. Mais il y a de multiples mani\u00e8res de la voir. Ici, trois regards sont d\u00e9crits.<\/h1>\n\n\n\n<p>&nbsp;<\/p>\n\n\n\n<p>&nbsp;<\/p>\n\n\n\n<h3 class=\"wp-block-heading\">La perspective du Fils sur la Croix<\/h3>\n\n\n\n<figure class=\"wp-block-audio\"><audio controls src=\"http:\/\/elearning.gbu.fr\/audio\/IDF\/La_Perspective_du_Fils_sur_la_croix.mp3\"><\/audio><\/figure>\n\n\n\n<p><a href=\"http:\/\/elearning.gbu.fr\/audio\/IDF\/La_Perspective_du_Fils_sur_la_croix.mp3\" data-wplink-edit=\"true\">t\u00e9l\u00e9charger (clic droit \u2013 enregistrer la cible du lien sous)<\/a><\/p>\n\n\n\n<p>&nbsp;<\/p>\n\n\n\n<h3 class=\"wp-block-heading\">La perspective du P\u00e8re sur la Croix<\/h3>\n\n\n\n<figure class=\"wp-block-audio\"><audio controls src=\"http:\/\/elearning.gbu.fr\/audio\/IDF\/La_Perspective_du_Pere_sur_la_croix.mp3\"><\/audio><\/figure>\n\n\n\n<p><a href=\"http:\/\/elearning.gbu.fr\/audio\/IDF\/La_Perspective_du_Pere_sur_la_croix.mp3\">t\u00e9l\u00e9charger (clic droit \u2013 enregistrer la cible du lien sous)<\/a><\/p>\n\n\n\n<p>&nbsp;<\/p>\n\n\n\n<h3 class=\"wp-block-heading\">La perspective du croyant sur la Croix<\/h3>\n\n\n\n<figure class=\"wp-block-audio\"><audio controls src=\"http:\/\/elearning.gbu.fr\/audio\/IDF\/La_Perspective_du_croyant_sur_la_croix.mp3\"><\/audio><\/figure>\n\n\n\n<p><a href=\"http:\/\/elearning.gbu.fr\/audio\/IDF\/La_Perspective_du_croyant_sur_la_croix.mp3\">t\u00e9l\u00e9charger (clic droit \u2013 enregistrer la cible du lien sous)<\/a><\/p>\n","protected":false},"excerpt":{"rendered":"<p>La Croix est l&rsquo;\u00e9l\u00e9ment, l&rsquo;\u00e9v\u00e9nement central de la foi chr\u00e9tienne. Mais il y a de multiples mani\u00e8res de la voir. Ici, trois regards sont d\u00e9crits. &nbsp; &nbsp; La perspective du Fils sur la Croix t\u00e9l\u00e9charger (clic droit \u2013 enregistrer la cible du lien sous) &nbsp; La perspective du P\u00e8re sur la Croix t\u00e9l\u00e9charger (clic droit [&hellip;]<\/p>\n","protected":false},"author":3,"featured_media":6484,"comment_status":"open","ping_status":"closed","sticky":false,"template":"","format":"audio","meta":{"_acf_changed":false,"_eb_attr":"","advgb_blocks_editor_width":"","advgb_blocks_columns_visual_guide":"","footnotes":""},"categories":[249,200,38],"tags":[657,431,23],"video":[],"audio":[],"ecrit":[],"mis-en-avant":[],"redacteur":[],"type-darticle":[],"class_list":["post-6481","post","type-post","status-publish","format-audio","has-post-thumbnail","hentry","category-dieu-le-pere","category-dieu-le-saint-esprit","category-grandir-avec-dieu","tag-audio","tag-la-croix","tag-nouveau-testament","post_format-post-format-audio"],"blocksy_meta":[],"acf":[],"featured_image_src":"https:\/\/www.creusonslabible.fr\/wp-content\/uploads\/2018\/12\/art-2092530_1280-1.jpg","author_info":{"display_name":"Yoh","author_link":"https:\/\/www.creusonslabible.fr\/?author=3"},"author_meta":{"display_name":"Yoh","author_link":"https:\/\/www.creusonslabible.fr\/?author=3"},"featured_img":"https:\/\/www.creusonslabible.fr\/wp-content\/uploads\/2018\/12\/art-2092530_1280-1-300x120.jpg","coauthors":[],"tax_additional":{"categories":{"linked":["<a href=\"https:\/\/www.creusonslabible.fr\/?cat=249\" class=\"advgb-post-tax-term\">Dieu le P\u00e8re<\/a>","<a href=\"https:\/\/www.creusonslabible.fr\/?cat=200\" class=\"advgb-post-tax-term\">Dieu le Saint-Esprit<\/a>","<a href=\"https:\/\/www.creusonslabible.fr\/?cat=38\" class=\"advgb-post-tax-term\">Grandir avec Dieu<\/a>"],"unlinked":["<span class=\"advgb-post-tax-term\">Dieu le P\u00e8re<\/span>","<span class=\"advgb-post-tax-term\">Dieu le Saint-Esprit<\/span>","<span class=\"advgb-post-tax-term\">Grandir avec Dieu<\/span>"]},"tags":{"linked":["<a href=\"https:\/\/www.creusonslabible.fr\/?cat=38\" class=\"advgb-post-tax-term\">audio<\/a>","<a href=\"https:\/\/www.creusonslabible.fr\/?cat=38\" class=\"advgb-post-tax-term\">La Croix<\/a>","<a href=\"https:\/\/www.creusonslabible.fr\/?cat=38\" class=\"advgb-post-tax-term\">Nouveau-Testament<\/a>"],"unlinked":["<span class=\"advgb-post-tax-term\">audio<\/span>","<span class=\"advgb-post-tax-term\">La Croix<\/span>","<span class=\"advgb-post-tax-term\">Nouveau-Testament<\/span>"]}},"comment_count":"0","relative_dates":{"created":"Publi\u00e9 7 ans il y a","modified":"Mis \u00e0 jour 1 an il y a"},"absolute_dates":{"created":"Publi\u00e9 le 14 d\u00e9cembre 2018","modified":"Mise \u00e0 jour le 23 janvier 2025"},"absolute_dates_time":{"created":"Publi\u00e9 le 14 d\u00e9cembre 2018 18h17","modified":"Mise \u00e0 jour le 23 janvier 2025 12h51"},"featured_img_caption":"","series_order":"","meta_box":[],"_links":{"self":[{"href":"https:\/\/www.creusonslabible.fr\/index.php?rest_route=\/wp\/v2\/posts\/6481","targetHints":{"allow":["GET"]}}],"collection":[{"href":"https:\/\/www.creusonslabible.fr\/index.php?rest_route=\/wp\/v2\/posts"}],"about":[{"href":"https:\/\/www.creusonslabible.fr\/index.php?rest_route=\/wp\/v2\/types\/post"}],"author":[{"embeddable":true,"href":"https:\/\/www.creusonslabible.fr\/index.php?rest_route=\/wp\/v2\/users\/3"}],"replies":[{"embeddable":true,"href":"https:\/\/www.creusonslabible.fr\/index.php?rest_route=%2Fwp%2Fv2%2Fcomments&post=6481"}],"version-history":[{"count":1,"href":"https:\/\/www.creusonslabible.fr\/index.php?rest_route=\/wp\/v2\/posts\/6481\/revisions"}],"predecessor-version":[{"id":10419,"href":"https:\/\/www.creusonslabible.fr\/index.php?rest_route=\/wp\/v2\/posts\/6481\/revisions\/10419"}],"wp:featuredmedia":[{"embeddable":true,"href":"https:\/\/www.creusonslabible.fr\/index.php?rest_route=\/wp\/v2\/media\/6484"}],"wp:attachment":[{"href":"https:\/\/www.creusonslabible.fr\/index.php?rest_route=%2Fwp%2Fv2%2Fmedia&parent=6481"}],"wp:term":[{"taxonomy":"category","embeddable":true,"href":"https:\/\/www.creusonslabible.fr\/index.php?rest_route=%2Fwp%2Fv2%2Fcategories&post=6481"},{"taxonomy":"post_tag","embeddable":true,"href":"https:\/\/www.creusonslabible.fr\/index.php?rest_route=%2Fwp%2Fv2%2Ftags&post=6481"},{"taxonomy":"video","embeddable":true,"href":"https:\/\/www.creusonslabible.fr\/index.php?rest_route=%2Fwp%2Fv2%2Fvideo&post=6481"},{"taxonomy":"audio","embeddable":true,"href":"https:\/\/www.creusonslabible.fr\/index.php?rest_route=%2Fwp%2Fv2%2Faudio&post=6481"},{"taxonomy":"ecrit","embeddable":true,"href":"https:\/\/www.creusonslabible.fr\/index.php?rest_route=%2Fwp%2Fv2%2Fecrit&post=6481"},{"taxonomy":"mis-en-avant","embeddable":true,"href":"https:\/\/www.creusonslabible.fr\/index.php?rest_route=%2Fwp%2Fv2%2Fmis-en-avant&post=6481"},{"taxonomy":"redacteur","embeddable":true,"href":"https:\/\/www.creusonslabible.fr\/index.php?rest_route=%2Fwp%2Fv2%2Fredacteur&post=6481"},{"taxonomy":"type-darticle","embeddable":true,"href":"https:\/\/www.creusonslabible.fr\/index.php?rest_route=%2Fwp%2Fv2%2Ftype-darticle&post=6481"}],"curies":[{"name":"wp","href":"https:\/\/api.w.org\/{rel}","templated":true}]}}