{"id":659,"date":"2012-07-06T20:20:14","date_gmt":"2012-07-06T20:20:14","guid":{"rendered":"http:\/\/elearning.gbu.fr\/?p=659"},"modified":"2025-01-24T11:25:15","modified_gmt":"2025-01-24T09:25:15","slug":"lamentations-de-jeremie","status":"publish","type":"post","link":"https:\/\/www.creusonslabible.fr\/?p=659","title":{"rendered":"Lamentations de J\u00e9r\u00e9mie"},"content":{"rendered":"<p>Le livre des Lamentations est compos\u00e9 de cinq chants ou \u00e9l\u00e9gies, le th\u00e8me \u00e9tant la peine de Juda et de J\u00e9rusalem pendant le si\u00e8ge et la destruction de la ville. Ces calamit\u00e9s ont pour origine le p\u00e9ch\u00e9 du peuple, ce qui a amen\u00e9 le jugement de Dieu sur lui\u00a0; les chants contiennent des confessions de p\u00e9ch\u00e9, des d\u00e9clarations de foi et d&rsquo;espoir, et la pri\u00e8re pour le retour du peuple \u00e0 la faveur de Dieu.<!--more--><\/p>\n<p>Une tradition du temps de la Septante a attribu\u00e9 l&rsquo;\u00e9criture de ces chants au proph\u00e8te J\u00e9r\u00e9mie. Dans la Bible en h\u00e9breu, cependant, le livre est anonyme, et ne fait pas partie des livres proph\u00e9tiques, \u00e9tant plac\u00e9 dans la section connue comme \u00ab\u00a0Les \u00c9crits\u00a0\u00bb. Le livre a certainement certaines affinit\u00e9s avec J\u00e9r\u00e9mie. Les chapitres 1 \u00e0 4 semblent \u00eatre l\u2019\u0153uvre d&rsquo;un t\u00e9moin de la chute de J\u00e9rusalem\u00a0; et si ce n&rsquo;est pas J\u00e9r\u00e9mie lui-m\u00eame, cela pourrait \u00eatre l\u2019\u0153uvre d&rsquo;un ou de plusieurs de ses collaborateurs, tel que Baruch. Le chapitre 5 date probablement d&rsquo;une p\u00e9riode un peu plus tardive.<\/p>\n<p>Les chants sont \u00e9crits sous forme d&rsquo;acrostiche. Dans les chapitres 1, 2 et 4, chaque verset commence avec une lettre de l&rsquo;alphabet h\u00e9breu, par ordre alphab\u00e9tique. Le po\u00e8me du chapitre 3 comporte vingt-deux groupes de trois versets, et chaque verset de chaque groupe commence avec la m\u00eame lettre de l&rsquo;alphabet. Dans le chapitre 5, cette forme d\u2019\u00e9criture n&rsquo;est plus suivie. L&rsquo;agencement en acrostiche est partiellement une aide \u00e0 la m\u00e9morisation, mais semble aussi \u00eatre destin\u00e9 \u00e0 donner une symbolique de la pl\u00e9nitude de la confession du p\u00e9ch\u00e9 et du chagrin.<\/p>\n<p>Plan<\/p>\n<p>1. Le profonds chagrin de J\u00e9rusalem, sa repentance et la confession de son p\u00e9ch\u00e9.<\/p>\n<p>2. C&rsquo;est Dieu qui a agit selon sa Parole. Il faut le chercher dans la pri\u00e8re.<\/p>\n<p>3. Au nom de la nation, l&rsquo;auteur r\u00e9pand sa douleur devant Dieu, et, se confiant en lui, invoque instamment son aide.<\/p>\n<p>4. Souffrances au cours du si\u00e8ge de J\u00e9rusalem. La culpabilit\u00e9 des proph\u00e8tes et des pr\u00eatres. La prise de la ville.<\/p>\n<p>5. Une pri\u00e8re par rapport aux souffrances de la nation ainsi que la confession de son p\u00e9ch\u00e9 et un plaidoyer pour son salut.<\/p>\n<p class=\"western\" style=\"margin-bottom: 0cm; line-height: 150%;\">\n","protected":false},"excerpt":{"rendered":"<p>Le livre des Lamentations est compos\u00e9 de cinq chants ou \u00e9l\u00e9gies, le th\u00e8me \u00e9tant la peine de Juda et de J\u00e9rusalem pendant le si\u00e8ge et la destruction de la ville. Ces calamit\u00e9s ont pour origine le p\u00e9ch\u00e9 du peuple, ce qui a amen\u00e9 le jugement de Dieu sur lui\u00a0; les chants contiennent des confessions de [&hellip;]<\/p>\n","protected":false},"author":2,"featured_media":2152,"comment_status":"open","ping_status":"open","sticky":false,"template":"","format":"standard","meta":{"_acf_changed":false,"_eb_attr":"","advgb_blocks_editor_width":"","advgb_blocks_columns_visual_guide":"","footnotes":""},"categories":[90],"tags":[651,224],"video":[],"audio":[],"ecrit":[],"mis-en-avant":[],"redacteur":[],"type-darticle":[],"class_list":["post-659","post","type-post","status-publish","format-standard","has-post-thumbnail","hentry","category-introduction-aux-livres-bibliques","tag-ecrit","tag-lamentations-de-jeremie"],"blocksy_meta":[],"acf":[],"featured_image_src":"https:\/\/www.creusonslabible.fr\/wp-content\/uploads\/2012\/07\/lamejerem-1.jpg","author_info":{"display_name":"caillou","author_link":"https:\/\/www.creusonslabible.fr\/?author=2"},"author_meta":{"display_name":"caillou","author_link":"https:\/\/www.creusonslabible.fr\/?author=2"},"featured_img":"https:\/\/www.creusonslabible.fr\/wp-content\/uploads\/2012\/07\/lamejerem-1.jpg","coauthors":[],"tax_additional":{"categories":{"linked":["<a href=\"https:\/\/www.creusonslabible.fr\/?cat=90\" class=\"advgb-post-tax-term\">Introduction aux livres Bibliques<\/a>"],"unlinked":["<span class=\"advgb-post-tax-term\">Introduction aux livres Bibliques<\/span>"]},"tags":{"linked":["<a href=\"https:\/\/www.creusonslabible.fr\/?cat=90\" class=\"advgb-post-tax-term\">\u00e9crit<\/a>","<a href=\"https:\/\/www.creusonslabible.fr\/?cat=90\" class=\"advgb-post-tax-term\">Lamentations de J\u00e9r\u00e9mie<\/a>"],"unlinked":["<span class=\"advgb-post-tax-term\">\u00e9crit<\/span>","<span class=\"advgb-post-tax-term\">Lamentations de J\u00e9r\u00e9mie<\/span>"]}},"comment_count":"0","relative_dates":{"created":"Publi\u00e9 14 ans il y a","modified":"Mis \u00e0 jour 1 an il y a"},"absolute_dates":{"created":"Publi\u00e9 le 6 juillet 2012","modified":"Mise \u00e0 jour le 24 janvier 2025"},"absolute_dates_time":{"created":"Publi\u00e9 le 6 juillet 2012 20h20","modified":"Mise \u00e0 jour le 24 janvier 2025 11h25"},"featured_img_caption":"","series_order":"","meta_box":[],"_links":{"self":[{"href":"https:\/\/www.creusonslabible.fr\/index.php?rest_route=\/wp\/v2\/posts\/659","targetHints":{"allow":["GET"]}}],"collection":[{"href":"https:\/\/www.creusonslabible.fr\/index.php?rest_route=\/wp\/v2\/posts"}],"about":[{"href":"https:\/\/www.creusonslabible.fr\/index.php?rest_route=\/wp\/v2\/types\/post"}],"author":[{"embeddable":true,"href":"https:\/\/www.creusonslabible.fr\/index.php?rest_route=\/wp\/v2\/users\/2"}],"replies":[{"embeddable":true,"href":"https:\/\/www.creusonslabible.fr\/index.php?rest_route=%2Fwp%2Fv2%2Fcomments&post=659"}],"version-history":[{"count":1,"href":"https:\/\/www.creusonslabible.fr\/index.php?rest_route=\/wp\/v2\/posts\/659\/revisions"}],"predecessor-version":[{"id":10897,"href":"https:\/\/www.creusonslabible.fr\/index.php?rest_route=\/wp\/v2\/posts\/659\/revisions\/10897"}],"wp:featuredmedia":[{"embeddable":true,"href":"https:\/\/www.creusonslabible.fr\/index.php?rest_route=\/wp\/v2\/media\/2152"}],"wp:attachment":[{"href":"https:\/\/www.creusonslabible.fr\/index.php?rest_route=%2Fwp%2Fv2%2Fmedia&parent=659"}],"wp:term":[{"taxonomy":"category","embeddable":true,"href":"https:\/\/www.creusonslabible.fr\/index.php?rest_route=%2Fwp%2Fv2%2Fcategories&post=659"},{"taxonomy":"post_tag","embeddable":true,"href":"https:\/\/www.creusonslabible.fr\/index.php?rest_route=%2Fwp%2Fv2%2Ftags&post=659"},{"taxonomy":"video","embeddable":true,"href":"https:\/\/www.creusonslabible.fr\/index.php?rest_route=%2Fwp%2Fv2%2Fvideo&post=659"},{"taxonomy":"audio","embeddable":true,"href":"https:\/\/www.creusonslabible.fr\/index.php?rest_route=%2Fwp%2Fv2%2Faudio&post=659"},{"taxonomy":"ecrit","embeddable":true,"href":"https:\/\/www.creusonslabible.fr\/index.php?rest_route=%2Fwp%2Fv2%2Fecrit&post=659"},{"taxonomy":"mis-en-avant","embeddable":true,"href":"https:\/\/www.creusonslabible.fr\/index.php?rest_route=%2Fwp%2Fv2%2Fmis-en-avant&post=659"},{"taxonomy":"redacteur","embeddable":true,"href":"https:\/\/www.creusonslabible.fr\/index.php?rest_route=%2Fwp%2Fv2%2Fredacteur&post=659"},{"taxonomy":"type-darticle","embeddable":true,"href":"https:\/\/www.creusonslabible.fr\/index.php?rest_route=%2Fwp%2Fv2%2Ftype-darticle&post=659"}],"curies":[{"name":"wp","href":"https:\/\/api.w.org\/{rel}","templated":true}]}}