{"id":6682,"date":"2019-03-28T20:17:13","date_gmt":"2019-03-28T18:17:13","guid":{"rendered":"http:\/\/www.creusonslabible.fr\/?p=6682"},"modified":"2025-01-23T13:17:16","modified_gmt":"2025-01-23T11:17:16","slug":"actes-12-la-resurrection-de-pierre","status":"publish","type":"post","link":"https:\/\/www.creusonslabible.fr\/?p=6682","title":{"rendered":"Actes 12 : la r\u00e9surrection de Pierre"},"content":{"rendered":"<h2>Le chapitre 12 des Actes des ap\u00f4tres est le dernier o\u00f9 Pierre tient un r\u00f4le de premier plan. C&rsquo;est peut-\u00eatre pour cette raison que cet ultime \u00e9pisode ressemble beaucoup \u00e0 la r\u00e9surrection de J\u00e9sus son Ma\u00eetre.<\/h2>\n<p>&nbsp;<\/p>\n<p>Nous sommes 14 ans apr\u00e8s les derniers jours de J\u00e9sus sur terre et si l&rsquo;\u00c9glise a connu un certain succ\u00e8s, elle souffre aussi de la pers\u00e9cution. C&rsquo;est ce que vont conna\u00eetre 2 des principaux disciples de J\u00e9sus : Jacques et Pierre. Le grand fr\u00e8re de Jean vient de se faire d\u00e9capiter, que va-t-il arriver \u00e0 celui qui est le fondement de l&rsquo;\u00c9glise du Seigneur ? En effet sa mission est accomplie : il est intervenu pour que le Saint-Esprit descende sur les juifs (chapitre 2), les samaritains (chapitre 8) et les pa\u00efens (chapitre 10) conform\u00e9ment \u00e0 l&rsquo;ordre du Ma\u00eetre (1.8). Alors, le moment dont J\u00e9sus lui avait parl\u00e9 est-il venu (Jean 21.18-19) ? Non, il lui reste encore une exp\u00e9rience forte \u00e0 vivre :<\/p>\n<p>&nbsp;<\/p>\n<blockquote><p>Actes 12.1.En ce temps-l\u00e0, le roi H\u00e9rode mit la main sur quelques membres de l&rsquo;Eglise pour les maltraiter ; 2 il supprima m\u00eame par l&rsquo;\u00e9p\u00e9e Jacques, fr\u00e8re de Jean. 3 Voyant que cela plaisait aux Juifs, il d\u00e9cida de s&#8217;emparer aussi de Pierre. C&rsquo;\u00e9tait pendant les jours des Pains sans levain. 4 Apr\u00e8s l&rsquo;avoir pris et jet\u00e9 en prison, il le fit garder par quatre escouades de quatre soldats chacune, d\u00e9cid\u00e9 \u00e0 le faire compara\u00eetre devant le peuple apr\u00e8s la P\u00e2que. 5 Pierre \u00e9tait donc gard\u00e9 dans la prison ; mais l&rsquo;Eglise priait Dieu pour lui avec ferveur.<\/p>\n<p>6 H\u00e9rode allait le faire compara\u00eetre ; cette nuit-l\u00e0, Pierre, li\u00e9 de deux cha\u00eenes, \u00e9tait endormi entre deux soldats, tandis que, devant la porte, des sentinelles gardaient la prison. 7 Soudain l&rsquo;ange du Seigneur survint et une lumi\u00e8re brilla dans la cellule. L&rsquo;ange r\u00e9veilla Pierre en le frappant au c\u00f4t\u00e9 et lui dit : L\u00e8ve-toi vite ! Les cha\u00eenes tomb\u00e8rent de ses mains. 8 L&rsquo;ange lui dit : Mets ta ceinture et attache tes sandales. Il le fit. L&rsquo;ange lui dit : Mets ton v\u00eatement et suis-moi. 9 Il sortit et le suivit ; il ne savait pas que l&rsquo;intervention de l&rsquo;ange \u00e9tait r\u00e9elle : il pensait avoir une vision. 10 Lorsqu&rsquo;ils eurent pass\u00e9 la premi\u00e8re garde, puis la seconde, ils arriv\u00e8rent \u00e0 la porte de fer qui donne sur la ville ; elle s&rsquo;ouvrit d&rsquo;elle-m\u00eame devant eux ; ils sortirent et s&rsquo;avanc\u00e8rent dans une rue, et aussit\u00f4t l&rsquo;ange s&rsquo;\u00e9loigna de lui.<\/p>\n<p>11 Revenu \u00e0 lui, Pierre dit : Maintenant je sais vraiment que le Seigneur a envoy\u00e9 son ange et qu&rsquo;il m&rsquo;a d\u00e9livr\u00e9 de la main d&rsquo;H\u00e9rode et de tout ce qu&rsquo;attendait le peuple juif. 12 Quand il eut compris, il se rendit \u00e0 la maison de Marie, m\u00e8re de Jean surnomm\u00e9 Marc, o\u00f9 bon nombre de gens \u00e9taient r\u00e9unis et priaient. 13 Quand il eut frapp\u00e9 \u00e0 la porte d&rsquo;entr\u00e9e, une servante nomm\u00e9e Rhode s&rsquo;approcha pour \u00e9couter. 14 Elle reconnut la voix de Pierre et, dans sa joie, au lieu d&rsquo;ouvrir, elle courut annoncer que Pierre \u00e9tait l\u00e0, \u00e0 la porte d&rsquo;entr\u00e9e. 15 Ils lui dirent : Tu es folle ! Mais elle soutenait qu&rsquo;il en \u00e9tait bien ainsi. Eux disaient : C&rsquo;est son ange ! 16 Cependant Pierre continuait \u00e0 frapper. Ils ouvrirent et furent stup\u00e9faits de le voir. 17 De la main, il leur fit signe de se taire, leur raconta comment le Seigneur l&rsquo;avait fait sortir de la prison et dit : Annoncez-le \u00e0 Jacques et aux fr\u00e8res. Puis il sortit et s&rsquo;en alla dans un autre lieu.<\/p>\n<p>18 Quand il fit jour, grande agitation parmi les soldats : qu&rsquo;\u00e9tait donc devenu Pierre ? 19 H\u00e9rode le fit rechercher, mais il ne le trouva pas ; il fit interroger les gardes et donna l&rsquo;ordre de les ex\u00e9cuter. Ensuite il descendit de la Jud\u00e9e \u00e0 C\u00e9sar\u00e9e pour y s\u00e9journer.<\/p><\/blockquote>\n<p>&nbsp;<\/p>\n<p>M\u00eame si le personnage principal de ce chapitre est H\u00e9rode (dont la puissance est \u00e9cras\u00e9e par Dieu), la mani\u00e8re impressionnante dont Pierre sort de prison rappelle \u00e9norm\u00e9ment la r\u00e9surrection de J\u00e9sus. Comparons ces deux \u00ab\u00a0sorties\u00a0\u00bb miraculeuses :<\/p>\n<p>&nbsp;<\/p>\n<p><a href=\"https:\/\/www.creusonslabible.fr\/wp-content\/uploads\/2015\/10\/Actes-12-1.jpeg\"><img loading=\"lazy\" decoding=\"async\" class=\"aligncenter size-full wp-image-6681\" src=\"https:\/\/www.creusonslabible.fr\/wp-content\/uploads\/2015\/10\/Actes-12-1.jpeg\" alt=\"\" width=\"1024\" height=\"768\" srcset=\"https:\/\/www.creusonslabible.fr\/wp-content\/uploads\/2015\/10\/Actes-12-1.jpeg 1024w, https:\/\/www.creusonslabible.fr\/wp-content\/uploads\/2015\/10\/Actes-12-1-300x225.jpeg 300w, https:\/\/www.creusonslabible.fr\/wp-content\/uploads\/2015\/10\/Actes-12-1-768x576.jpeg 768w\" sizes=\"auto, (max-width: 1024px) 100vw, 1024px\" \/><\/a><\/p>\n<p>&nbsp;<\/p>\n<h2>Ce que Luc a probablement voulu montrer<\/h2>\n<p>De telles ressemblances ne peuvent pas \u00eatre le fruit du hasard, n&rsquo;est-ce pas ? Il y a de fortes chances pour que Luc, auteur des Actes, ait voulu appuyer sur le passage de t\u00e9moin entre Pierre et Paul. Dans le livre, cette transition n&rsquo;est pas physique, alors que Paul est dans les parages puisqu&rsquo;il est \u00e0 J\u00e9rusalem (avec Barnabas) pour y apporter la collecte de la part de l&rsquo;\u00c9glise d&rsquo;Antioche, mais \u00ab\u00a0th\u00e9ologique\u00a0\u00bb. <strong>De m\u00eame qu&rsquo;apr\u00e8s sa r\u00e9surrection J\u00e9sus a envoy\u00e9 ses disciples en mission (qu&rsquo;il a lui-m\u00eame initi\u00e9e), c&rsquo;est apr\u00e8s la \u00ab\u00a0r\u00e9surrection de Pierre\u00a0\u00bb que les voyages missionnaires \u00ab\u00a0jusqu&rsquo;aux extr\u00e9mit\u00e9s de la terre\u00a0\u00bb (que Pierre a lui-m\u00eame initi\u00e9s au chapitre 10) vont commencer avec Paul qui sera appel\u00e9 l&rsquo;ap\u00f4tre des pa\u00efens.<\/strong><\/p>\n<p>Apr\u00e8s cet \u00e9pisode, Paul et Barnabas (arriv\u00e9s \u00e0 la fin du chapitre 11) repartiront (fin du chapitre 12) avec Jean-Marc&#8230; chez qui les disciples \u00e9taient r\u00e9unis. Le centre de gravit\u00e9 du livre des Actes se d\u00e9placent ainsi avec eux puisque d\u00e9sormais le QG ne sera plus chez Jean-Marc \u00e0 J\u00e9rusalem mais \u00e0 Antioche, base missionnaire de Paul et Barnabas (qui est d&rsquo;ailleurs le cousin de Jean-Marc).<\/p>\n<p>On reverra une derni\u00e8re fois Pierre au chapitre 15 o\u00f9 il tranchera (avec Jacques) la question hautement th\u00e9ologique de la circoncision des pa\u00efens. Il le fera \u00e0 la demande de&#8230; Paul, Barnabas et Jean-Marc apr\u00e8s le 1er voyage missionnaire en Galatie.<\/p>\n<p>&nbsp;<\/p>\n<h2>Enseignement principal<\/h2>\n<p>Il faut r\u00e9p\u00e9ter que le chapitre veut avant tout d\u00e9montrer qu&rsquo;H\u00e9rode (pr\u00e9sent au d\u00e9but, au milieu et \u00e0 la fin) n&rsquo;est pas le plus fort. Lui qui voulait ex\u00e9cuter les enfants de Dieu est lui-m\u00eame ex\u00e9cut\u00e9 par leur P\u00e8re c\u00e9leste. <strong>La \u00ab\u00a0r\u00e9surrection de Pierre\u00a0\u00bb sert donc d&rsquo;exemple \u00e0 la souverainet\u00e9 de Dieu qui accomplit son plan malgr\u00e9 les m\u00e9chants.<\/strong> Pour reprendre notre parall\u00e8le : <strong>de m\u00eame que le diable et la mort n&rsquo;ont pas pu arr\u00eater la mission salvatrice de J\u00e9sus (il les a carr\u00e9ment vaincus), le diable et H\u00e9rode n&rsquo;ont pas pu arr\u00eater la mission de propagation de l&rsquo;\u00c9vangile dont Pierre \u00e9tait le repr\u00e9sentant.<\/strong> Cela est conforme \u00e0 l&rsquo;enseignement de J\u00e9sus car le disciple n&rsquo;est pas plus grand que son Ma\u00eetre ! Ceux qui appartiennent au Seigneur vont assur\u00e9ment avoir des probl\u00e8mes mais l&rsquo;important c&rsquo;est que la Bonne Nouvelle, elle, continuera de se r\u00e9pandre par Sa puissance. Depuis 2000 ans, tous les tyrans dont le diable s&rsquo;est servi pour stopper l&rsquo;\u00c9vangile n&rsquo;ont pu que constater leur \u00e9chec.<\/p>\n<p><strong>Dieu est d\u00e9finitivement plus fort qu&rsquo;eux.<\/strong><\/p>\n<p>&nbsp;<\/p>\n<p>Prochainement, il sera tr\u00e8s int\u00e9ressant de comparer la lib\u00e9ration miraculeuse de Pierre avec celle de Paul et Silas du chapitre 16.<\/p>\n<p>&nbsp;<\/p>\n","protected":false},"excerpt":{"rendered":"<p>Le chapitre 12 des Actes des ap\u00f4tres est le dernier o\u00f9 Pierre tient un r\u00f4le de premier plan. C&rsquo;est peut-\u00eatre pour cette raison que cet ultime \u00e9pisode ressemble beaucoup \u00e0 la r\u00e9surrection de J\u00e9sus son Ma\u00eetre. &nbsp; Nous sommes 14 ans apr\u00e8s les derniers jours de J\u00e9sus sur terre et si l&rsquo;\u00c9glise a connu un [&hellip;]<\/p>\n","protected":false},"author":3,"featured_media":6526,"comment_status":"open","ping_status":"closed","sticky":false,"template":"","format":"standard","meta":{"_acf_changed":false,"_eb_attr":"","advgb_blocks_editor_width":"","advgb_blocks_columns_visual_guide":"","footnotes":""},"categories":[24],"tags":[694,454,455,651,456,115,23,133,181,444],"video":[],"audio":[],"ecrit":[],"mis-en-avant":[],"redacteur":[],"type-darticle":[],"class_list":["post-6682","post","type-post","status-publish","format-standard","has-post-thumbnail","hentry","category-textes-bibliques-commentes","tag-actes","tag-actes-12","tag-ange","tag-ecrit","tag-liberation","tag-mission","tag-nouveau-testament","tag-pierre","tag-prison","tag-resurrection"],"blocksy_meta":[],"acf":[],"featured_image_src":"https:\/\/www.creusonslabible.fr\/wp-content\/uploads\/2019\/01\/passion-3111303_1280-1.jpg","author_info":{"display_name":"Yoh","author_link":"https:\/\/www.creusonslabible.fr\/?author=3"},"author_meta":{"display_name":"Yoh","author_link":"https:\/\/www.creusonslabible.fr\/?author=3"},"featured_img":"https:\/\/www.creusonslabible.fr\/wp-content\/uploads\/2019\/01\/passion-3111303_1280-1-300x147.jpg","coauthors":[],"tax_additional":{"categories":{"linked":["<a href=\"https:\/\/www.creusonslabible.fr\/?cat=24\" class=\"advgb-post-tax-term\">Textes Bibliques comment\u00e9s<\/a>"],"unlinked":["<span class=\"advgb-post-tax-term\">Textes Bibliques comment\u00e9s<\/span>"]},"tags":{"linked":["<a href=\"https:\/\/www.creusonslabible.fr\/?cat=24\" class=\"advgb-post-tax-term\">Actes<\/a>","<a href=\"https:\/\/www.creusonslabible.fr\/?cat=24\" class=\"advgb-post-tax-term\">Actes 12<\/a>","<a href=\"https:\/\/www.creusonslabible.fr\/?cat=24\" class=\"advgb-post-tax-term\">Ange<\/a>","<a href=\"https:\/\/www.creusonslabible.fr\/?cat=24\" class=\"advgb-post-tax-term\">\u00e9crit<\/a>","<a href=\"https:\/\/www.creusonslabible.fr\/?cat=24\" class=\"advgb-post-tax-term\">lib\u00e9ration<\/a>","<a href=\"https:\/\/www.creusonslabible.fr\/?cat=24\" class=\"advgb-post-tax-term\">mission<\/a>","<a href=\"https:\/\/www.creusonslabible.fr\/?cat=24\" class=\"advgb-post-tax-term\">Nouveau-Testament<\/a>","<a href=\"https:\/\/www.creusonslabible.fr\/?cat=24\" class=\"advgb-post-tax-term\">Pierre<\/a>","<a href=\"https:\/\/www.creusonslabible.fr\/?cat=24\" class=\"advgb-post-tax-term\">prison<\/a>","<a href=\"https:\/\/www.creusonslabible.fr\/?cat=24\" class=\"advgb-post-tax-term\">resurrection<\/a>"],"unlinked":["<span class=\"advgb-post-tax-term\">Actes<\/span>","<span class=\"advgb-post-tax-term\">Actes 12<\/span>","<span class=\"advgb-post-tax-term\">Ange<\/span>","<span class=\"advgb-post-tax-term\">\u00e9crit<\/span>","<span class=\"advgb-post-tax-term\">lib\u00e9ration<\/span>","<span class=\"advgb-post-tax-term\">mission<\/span>","<span class=\"advgb-post-tax-term\">Nouveau-Testament<\/span>","<span class=\"advgb-post-tax-term\">Pierre<\/span>","<span class=\"advgb-post-tax-term\">prison<\/span>","<span class=\"advgb-post-tax-term\">resurrection<\/span>"]}},"comment_count":"0","relative_dates":{"created":"Publi\u00e9 7 ans il y a","modified":"Mis \u00e0 jour 1 an il y a"},"absolute_dates":{"created":"Publi\u00e9 le 28 mars 2019","modified":"Mise \u00e0 jour le 23 janvier 2025"},"absolute_dates_time":{"created":"Publi\u00e9 le 28 mars 2019 20h17","modified":"Mise \u00e0 jour le 23 janvier 2025 13h17"},"featured_img_caption":"","series_order":"","meta_box":[],"_links":{"self":[{"href":"https:\/\/www.creusonslabible.fr\/index.php?rest_route=\/wp\/v2\/posts\/6682","targetHints":{"allow":["GET"]}}],"collection":[{"href":"https:\/\/www.creusonslabible.fr\/index.php?rest_route=\/wp\/v2\/posts"}],"about":[{"href":"https:\/\/www.creusonslabible.fr\/index.php?rest_route=\/wp\/v2\/types\/post"}],"author":[{"embeddable":true,"href":"https:\/\/www.creusonslabible.fr\/index.php?rest_route=\/wp\/v2\/users\/3"}],"replies":[{"embeddable":true,"href":"https:\/\/www.creusonslabible.fr\/index.php?rest_route=%2Fwp%2Fv2%2Fcomments&post=6682"}],"version-history":[{"count":1,"href":"https:\/\/www.creusonslabible.fr\/index.php?rest_route=\/wp\/v2\/posts\/6682\/revisions"}],"predecessor-version":[{"id":10441,"href":"https:\/\/www.creusonslabible.fr\/index.php?rest_route=\/wp\/v2\/posts\/6682\/revisions\/10441"}],"wp:featuredmedia":[{"embeddable":true,"href":"https:\/\/www.creusonslabible.fr\/index.php?rest_route=\/wp\/v2\/media\/6526"}],"wp:attachment":[{"href":"https:\/\/www.creusonslabible.fr\/index.php?rest_route=%2Fwp%2Fv2%2Fmedia&parent=6682"}],"wp:term":[{"taxonomy":"category","embeddable":true,"href":"https:\/\/www.creusonslabible.fr\/index.php?rest_route=%2Fwp%2Fv2%2Fcategories&post=6682"},{"taxonomy":"post_tag","embeddable":true,"href":"https:\/\/www.creusonslabible.fr\/index.php?rest_route=%2Fwp%2Fv2%2Ftags&post=6682"},{"taxonomy":"video","embeddable":true,"href":"https:\/\/www.creusonslabible.fr\/index.php?rest_route=%2Fwp%2Fv2%2Fvideo&post=6682"},{"taxonomy":"audio","embeddable":true,"href":"https:\/\/www.creusonslabible.fr\/index.php?rest_route=%2Fwp%2Fv2%2Faudio&post=6682"},{"taxonomy":"ecrit","embeddable":true,"href":"https:\/\/www.creusonslabible.fr\/index.php?rest_route=%2Fwp%2Fv2%2Fecrit&post=6682"},{"taxonomy":"mis-en-avant","embeddable":true,"href":"https:\/\/www.creusonslabible.fr\/index.php?rest_route=%2Fwp%2Fv2%2Fmis-en-avant&post=6682"},{"taxonomy":"redacteur","embeddable":true,"href":"https:\/\/www.creusonslabible.fr\/index.php?rest_route=%2Fwp%2Fv2%2Fredacteur&post=6682"},{"taxonomy":"type-darticle","embeddable":true,"href":"https:\/\/www.creusonslabible.fr\/index.php?rest_route=%2Fwp%2Fv2%2Ftype-darticle&post=6682"}],"curies":[{"name":"wp","href":"https:\/\/api.w.org\/{rel}","templated":true}]}}