{"id":6696,"date":"2019-04-09T07:17:37","date_gmt":"2019-04-09T05:17:37","guid":{"rendered":"http:\/\/www.creusonslabible.fr\/?p=6696"},"modified":"2025-01-23T12:17:11","modified_gmt":"2025-01-23T10:17:11","slug":"amos-5-21-27-le-veritable-culte-3","status":"publish","type":"post","link":"https:\/\/www.creusonslabible.fr\/?p=6696","title":{"rendered":"Amos 6.1-7 &#8211; OISIVET\u00c9"},"content":{"rendered":"<blockquote><p>6.1 Quel malheur pour ceux qui sont satisfaits \u00e0 Sion,<\/p>\n<p>ceux qui vivent en toute confiance dans la montagne de Samarie,<\/p>\n<p>ces notables de la premi\u00e8re des nations,<\/p>\n<p>aupr\u00e8s desquels va la maison d&rsquo;Isra\u00ebl !<\/p>\n<p>2 Passez \u00e0 Kaln\u00e9 et regardez,<\/p>\n<p>de l\u00e0, allez jusqu&rsquo;\u00e0 Hamath la grande,<\/p>\n<p>et descendez \u00e0 Gath des Philistins :<\/p>\n<p>valent-elles mieux que ces royaumes-ci,<\/p>\n<p>et leur territoire est-il plus grand que le v\u00f4tre ?<\/p>\n<p>3 Vous croyez \u00e9loigner le jour du malheur,<\/p>\n<p>et vous faites approcher le r\u00e8gne de la violence.<\/p>\n<p>4 Couch\u00e9s sur des lits d&rsquo;ivoire,<\/p>\n<p>vautr\u00e9s sur des divans,<\/p>\n<p>ils mangent les jeunes b\u00e9liers du troupeau,<\/p>\n<p>les veaux \u00e0 l&rsquo;\u00e9table.<\/p>\n<p>5 Ils \u00e9gr\u00e8nent les sons du luth,<\/p>\n<p>comme David, ils se sont invent\u00e9 des instruments de musique.<\/p>\n<p>6 Ils boivent du vin dans des calices,<\/p>\n<p>ils se conf\u00e8rent des onctions avec les pr\u00e9mices de l&rsquo;huile,<\/p>\n<p>ils ne souffrent pas du d\u00e9sastre de Joseph !<\/p>\n<p>7 C&rsquo;est pourquoi maintenant ils vont \u00eatre exil\u00e9s en t\u00eate des exil\u00e9s,<\/p>\n<p>et les banquets des vautr\u00e9s prendront fin.<\/p><\/blockquote>\n<p>&nbsp;<\/p>\n<h3>Tout va bien !<\/h3>\n<p>Quand on vit une p\u00e9riode de paix et de prosp\u00e9rit\u00e9, il faut en profiter. Pour les dirigeants de Juda et Isra\u00ebl, la vie est belle : le confort, le luxe, les loisirs&#8230; on s&rsquo;ennuierait presque (4-6) !<\/p>\n<h3>Petit rappel<\/h3>\n<p>Quand on lit ce passage, il ne faut pas oublier le reste du livre d\u2019Amos (et la derni\u00e8re phrase du v.6) : ces puissants se goinfrent alors qu&rsquo;il volent des pauvres qui cr\u00e8vent de faim !<\/p>\n<h3>Ch\u00e2timent<\/h3>\n<p>Les villes qui sont cit\u00e9es par Amos (2) sont situ\u00e9es \u00e0 l&rsquo;ext\u00e9rieur du royaume d&rsquo;Isra\u00ebl mais pas trop loin. Bient\u00f4t elle seront prises par l&rsquo;arm\u00e9e assyrienne&#8230; qui envahira aussi Isra\u00ebl en d\u00e9truisant Samarie. La descente de divan va \u00eatre assez violente pour certains (7) !<\/p>\n<p>&nbsp;<\/p>\n<ul>\n<li>Les chr\u00e9tiens occidentaux du XXIi\u00e8me si\u00e8cle ressemblent assez \u00e0 ce tableau ! Que le Seigneur nous aide \u00e0 utiliser notre temps libre pour Le servir et non pour nous perdre dans des futilit\u00e9s qui nous font oublier nos responsabilit\u00e9s de chr\u00e9tiens ! Que Son Esprit nous montre quoi faire pour l&rsquo;avancement de Son Royaume.<\/li>\n<\/ul>\n<ul>\n<li>La fameuse fracture sociale, avec des riches qui se gavent parmi des pauvres qui souffrent, est intol\u00e9rable au sein du peuple de Dieu. \u00ab\u00a0Il n\u2019y aura pas de pauvres parmi vous !\u00a0\u00bb disait le Seigneur dans la loi de Mo\u00efse (Deut\u00e9ronome 15.4).<\/li>\n<\/ul>\n<ul>\n<li>Et si la solution \u00e9tait le Sabbat ? Dans la loi de Mo\u00efse, ce jour \u00e9tait \u00e9videmment consacr\u00e9 au repos (pour tous, m\u00eame les esclaves et les b\u00eates) mais aussi pour passer du temps avec sa famille, ses voisins bref, en \u00e9tant attentifs aux autres ! Avant de r\u00e9gler la pauvret\u00e9 (mat\u00e9rielle, morale, relationnelle, spirituelle) \u00e0 l\u2019autre bout du monde, Dieu nous demande d\u2019\u00eatre sensibles \u00e0 celle qui est sous nos yeux et que nous voyons pas forc\u00e9ment. Pendant les jours de Sabbat, J\u00e9sus gu\u00e9rissait les malades !<\/li>\n<li>Et nous instaurions un sabbat des \u00e9crans qui nous inciterait \u00e0 regarder les autres et non notre nombril ?<\/li>\n<\/ul>\n","protected":false},"excerpt":{"rendered":"<p>6.1 Quel malheur pour ceux qui sont satisfaits \u00e0 Sion, ceux qui vivent en toute confiance dans la montagne de Samarie, ces notables de la premi\u00e8re des nations, aupr\u00e8s desquels va la maison d&rsquo;Isra\u00ebl ! 2 Passez \u00e0 Kaln\u00e9 et regardez, de l\u00e0, allez jusqu&rsquo;\u00e0 Hamath la grande, et descendez \u00e0 Gath des Philistins : [&hellip;]<\/p>\n","protected":false},"author":3,"featured_media":6700,"comment_status":"open","ping_status":"closed","sticky":false,"template":"","format":"standard","meta":{"_acf_changed":false,"_eb_attr":"","advgb_blocks_editor_width":"","advgb_blocks_columns_visual_guide":"","footnotes":""},"categories":[16],"tags":[439,651],"video":[],"audio":[],"ecrit":[],"mis-en-avant":[],"redacteur":[],"type-darticle":[],"class_list":["post-6696","post","type-post","status-publish","format-standard","has-post-thumbnail","hentry","category-meditations-bibliques","tag-amos","tag-ecrit"],"blocksy_meta":[],"acf":[],"featured_image_src":"https:\/\/www.creusonslabible.fr\/wp-content\/uploads\/2019\/04\/mindaugas-petrutis-29084-unsplash-1-scaled-1.jpg","author_info":{"display_name":"Yoh","author_link":"https:\/\/www.creusonslabible.fr\/?author=3"},"author_meta":{"display_name":"Yoh","author_link":"https:\/\/www.creusonslabible.fr\/?author=3"},"featured_img":"https:\/\/www.creusonslabible.fr\/wp-content\/uploads\/2019\/04\/mindaugas-petrutis-29084-unsplash-1-scaled-1-300x169.jpg","coauthors":[],"tax_additional":{"categories":{"linked":["<a href=\"https:\/\/www.creusonslabible.fr\/?cat=16\" class=\"advgb-post-tax-term\">M\u00e9ditations bibliques<\/a>"],"unlinked":["<span class=\"advgb-post-tax-term\">M\u00e9ditations bibliques<\/span>"]},"tags":{"linked":["<a href=\"https:\/\/www.creusonslabible.fr\/?cat=16\" class=\"advgb-post-tax-term\">Amos<\/a>","<a href=\"https:\/\/www.creusonslabible.fr\/?cat=16\" class=\"advgb-post-tax-term\">\u00e9crit<\/a>"],"unlinked":["<span class=\"advgb-post-tax-term\">Amos<\/span>","<span class=\"advgb-post-tax-term\">\u00e9crit<\/span>"]}},"comment_count":"0","relative_dates":{"created":"Publi\u00e9 7 ans il y a","modified":"Mis \u00e0 jour 1 an il y a"},"absolute_dates":{"created":"Publi\u00e9 le 9 avril 2019","modified":"Mise \u00e0 jour le 23 janvier 2025"},"absolute_dates_time":{"created":"Publi\u00e9 le 9 avril 2019 7h17","modified":"Mise \u00e0 jour le 23 janvier 2025 12h17"},"featured_img_caption":"","series_order":"","meta_box":[],"_links":{"self":[{"href":"https:\/\/www.creusonslabible.fr\/index.php?rest_route=\/wp\/v2\/posts\/6696","targetHints":{"allow":["GET"]}}],"collection":[{"href":"https:\/\/www.creusonslabible.fr\/index.php?rest_route=\/wp\/v2\/posts"}],"about":[{"href":"https:\/\/www.creusonslabible.fr\/index.php?rest_route=\/wp\/v2\/types\/post"}],"author":[{"embeddable":true,"href":"https:\/\/www.creusonslabible.fr\/index.php?rest_route=\/wp\/v2\/users\/3"}],"replies":[{"embeddable":true,"href":"https:\/\/www.creusonslabible.fr\/index.php?rest_route=%2Fwp%2Fv2%2Fcomments&post=6696"}],"version-history":[{"count":1,"href":"https:\/\/www.creusonslabible.fr\/index.php?rest_route=\/wp\/v2\/posts\/6696\/revisions"}],"predecessor-version":[{"id":10362,"href":"https:\/\/www.creusonslabible.fr\/index.php?rest_route=\/wp\/v2\/posts\/6696\/revisions\/10362"}],"wp:featuredmedia":[{"embeddable":true,"href":"https:\/\/www.creusonslabible.fr\/index.php?rest_route=\/wp\/v2\/media\/6700"}],"wp:attachment":[{"href":"https:\/\/www.creusonslabible.fr\/index.php?rest_route=%2Fwp%2Fv2%2Fmedia&parent=6696"}],"wp:term":[{"taxonomy":"category","embeddable":true,"href":"https:\/\/www.creusonslabible.fr\/index.php?rest_route=%2Fwp%2Fv2%2Fcategories&post=6696"},{"taxonomy":"post_tag","embeddable":true,"href":"https:\/\/www.creusonslabible.fr\/index.php?rest_route=%2Fwp%2Fv2%2Ftags&post=6696"},{"taxonomy":"video","embeddable":true,"href":"https:\/\/www.creusonslabible.fr\/index.php?rest_route=%2Fwp%2Fv2%2Fvideo&post=6696"},{"taxonomy":"audio","embeddable":true,"href":"https:\/\/www.creusonslabible.fr\/index.php?rest_route=%2Fwp%2Fv2%2Faudio&post=6696"},{"taxonomy":"ecrit","embeddable":true,"href":"https:\/\/www.creusonslabible.fr\/index.php?rest_route=%2Fwp%2Fv2%2Fecrit&post=6696"},{"taxonomy":"mis-en-avant","embeddable":true,"href":"https:\/\/www.creusonslabible.fr\/index.php?rest_route=%2Fwp%2Fv2%2Fmis-en-avant&post=6696"},{"taxonomy":"redacteur","embeddable":true,"href":"https:\/\/www.creusonslabible.fr\/index.php?rest_route=%2Fwp%2Fv2%2Fredacteur&post=6696"},{"taxonomy":"type-darticle","embeddable":true,"href":"https:\/\/www.creusonslabible.fr\/index.php?rest_route=%2Fwp%2Fv2%2Ftype-darticle&post=6696"}],"curies":[{"name":"wp","href":"https:\/\/api.w.org\/{rel}","templated":true}]}}